{"id":116224,"date":"2025-12-18T08:01:28","date_gmt":"2025-12-18T08:01:28","guid":{"rendered":"https:\/\/www.europesays.com\/no\/116224\/"},"modified":"2025-12-18T08:01:28","modified_gmt":"2025-12-18T08:01:28","slug":"bondi-beach-gjenapnet-etter-terrorangrepet","status":"publish","type":"post","link":"https:\/\/www.europesays.com\/no\/116224\/","title":{"rendered":"Bondi beach gjen\u00e5pnet etter terrorangrepet"},"content":{"rendered":"\n<p class=\"_lead_o9xde_2 _lead_xtcu6_50 layout-component text-serif-m layout-normal text-serif-l layout-component layout-normal layout-padded layout-padded\">Torsdag morgen ble gangbroen ved Bondi beach \u00e5pnet for publikum etter s\u00f8ndagens terrorangrep.<\/p>\n<p><img alt=\" Foto: DAN HIMBRECHTS \/ EPA\" class=\"_image_qp4xg_65 layout-component layout-wide\" data-fullscreen- data-track-element-type=\"Article image fullscreen\" data-track-name=\"ImageFullscreen\" fetchpriority=\"high\" decoding=\"sync\" loading=\"eager\" height=\"5294\" itemprop=\"image\"  src=\"https:\/\/www.europesays.com\/no\/wp-content\/uploads\/2025\/12\/1df6f3da-8a13-4f8e-86e9-3451af37c906\"  style=\"object-position:0% 0%\" width=\"6143\"\/> Foto: DAN HIMBRECHTS \/ EPA<\/p>\n<ul aria-hidden=\"true\" class=\"_images_ntbth_112\">\n<li><a class=\"_link_ntbth_117\" href=\"https:\/\/www.vg.no\/forfatter\/thomas-andreassen-2\" style=\"z-index:2\" title=\"Thomas Andreassen\" rel=\"nofollow noopener\" target=\"_blank\"><img alt=\"Bilde av Thomas Andreassen\" class=\"_image_ntbth_93\" fetchpriority=\"low\" loading=\"lazy\" decoding=\"async\" itemprop=\"image\"  src=\"https:\/\/www.europesays.com\/no\/wp-content\/uploads\/2025\/12\/1766044875_484_53492b61-0913-4564-9106-006d60b8d9f3\"  width=\"480\"\/><\/a><\/li>\n<li><a class=\"_link_ntbth_117\" href=\"https:\/\/www.vg.no\/forfatter\/ntb\" style=\"z-index:1\" title=\"NTB\" rel=\"nofollow noopener\" target=\"_blank\"><img alt=\"Bilde av NTB\" class=\"_image_ntbth_93\" fetchpriority=\"low\" loading=\"lazy\" decoding=\"async\" itemprop=\"image\"  src=\"https:\/\/www.europesays.com\/no\/wp-content\/uploads\/2025\/12\/1766044876_641_c33980b0-5d07-4027-84a1-813f90a7c8d6\"  width=\"480\"\/><\/a><\/li>\n<\/ul>\n<p> Torsdag 18. desember kl. 08:17     <\/p>\n<p class=\"_paragraph_o9xde_4 _paragraph_xtcu6_10 layout-component text-serif-m layout-normal text-serif-m layout-padded\">Det var her to v\u00e6pnede menn skj\u00f8t mot en hanukka-feiring og drepte 15 mennesker.<\/p>\n<p class=\"_paragraph_o9xde_4 _paragraph_xtcu6_10 layout-component text-serif-m layout-normal text-serif-m layout-padded\"><a href=\"https:\/\/www.vg.no\/tag\/bondi-beach?utm_source=vg-article&amp;utm_medium=auto-tagger&amp;utm_campaign=43d5pG\" class=\"_link_o9xde_39\" rel=\"nofollow noopener\" target=\"_blank\">Bondi beach<\/a> fikk gradvis tilbake sitt normale liv torsdag. Livredningsmannskapene heiste de r\u00f8de og gule flaggene for f\u00f8rste gang siden angrepet, og badegester vendte tilbake til b\u00f8lgene.<\/p>\n<p><img alt=\"\" class=\"_image_qp4xg_65 layout-component layout-left\" data-fullscreen- data-track-element-type=\"Article image fullscreen\" data-track-name=\"ImageFullscreen\" decoding=\"async\" loading=\"lazy\" height=\"3692\" itemprop=\"image\"  src=\"https:\/\/www.europesays.com\/no\/wp-content\/uploads\/2025\/12\/12ec442c-2091-4be0-a971-22f32272ed1d\"  style=\"object-position:0% 0%\" width=\"4924\"\/><img alt=\"\" class=\"_image_qp4xg_65 layout-component layout-right\" data-fullscreen- data-track-element-type=\"Article image fullscreen\" data-track-name=\"ImageFullscreen\" decoding=\"async\" loading=\"lazy\" height=\"3954\" itemprop=\"image\"  src=\"https:\/\/www.europesays.com\/no\/wp-content\/uploads\/2025\/12\/31f96855-fc10-41f1-b96d-93f617521052\"  style=\"object-position:0% 0%\" width=\"5272\"\/><\/p>\n<p class=\"_paragraph_o9xde_4 _paragraph_xtcu6_10 layout-component text-serif-m layout-normal text-serif-m layout-padded\">Samtidig som \u00e5pningen varsket Australias statsminister Anthony Albanese innstramming av visumregler og lovverk for \u00e5 sl\u00e5 ned p\u00e5 hatpredikanter og radikalisering.<\/p>\n<p class=\"_paragraph_o9xde_4 _paragraph_xtcu6_10 layout-component text-serif-m layout-normal text-serif-m layout-padded\">\u2013 Australierne er sjokkerte og sinte. Jeg er sint. Det er \u00e5penbart at vi m\u00e5 gj\u00f8re mer for \u00e5 bekjempe denne onde plagen i langt st\u00f8rre grad, sa Albanese p\u00e5 en pressekonferanse torsdag da han kunngjorde reformer.<\/p>\n<p><img alt=\"\" class=\"_image_qp4xg_65 layout-component layout-left\" data-fullscreen- data-track-element-type=\"Article image fullscreen\" data-track-name=\"ImageFullscreen\" decoding=\"async\" loading=\"lazy\" height=\"3935\" itemprop=\"image\"  src=\"https:\/\/www.europesays.com\/no\/wp-content\/uploads\/2025\/12\/0966e13d-df7c-4f91-80e5-e47afa720fe8\"  style=\"object-position:0% 0%\" width=\"5247\"\/><img alt=\"\" class=\"_image_qp4xg_65 layout-component layout-right\" data-fullscreen- data-track-element-type=\"Article image fullscreen\" data-track-name=\"ImageFullscreen\" decoding=\"async\" loading=\"lazy\" height=\"3890\" itemprop=\"image\"  src=\"https:\/\/www.europesays.com\/no\/wp-content\/uploads\/2025\/12\/9bd85481-b655-406a-8acd-4992ccc3855a\"  style=\"object-position:0% 0%\" width=\"5187\"\/><\/p>\n<p class=\"_paragraph_o9xde_4 _paragraph_xtcu6_10 layout-component text-serif-m layout-normal text-serif-m layout-padded\">Statsministeren lovet \u00e5 sl\u00e5 ned p\u00e5 ekstremistpredikanter og inndra visum utstedt til folk som sprer hat. Det skal bli lettere \u00e5 straffeforf\u00f8lge folk som fremmer hatprat og vold, og det blir h\u00f8yere straffeniv\u00e5, kunngjorde han. Albanese varslet ogs\u00e5 at regjeringen vil g\u00e5 etter organisasjoner som har ledere som bedriver hatprat.<\/p>\n<p><img alt=\"\" class=\"_image_qp4xg_65 layout-component layout-left\" data-fullscreen- data-track-element-type=\"Article image fullscreen\" data-track-name=\"ImageFullscreen\" decoding=\"async\" loading=\"lazy\" height=\"3622\" itemprop=\"image\"  src=\"https:\/\/www.europesays.com\/no\/wp-content\/uploads\/2025\/12\/f6d1a8bb-13eb-46cf-9898-0e58c7521710\"  style=\"object-position:0% 0%\" width=\"4829\"\/><img alt=\"\" class=\"_image_qp4xg_65 layout-component layout-right\" data-fullscreen- data-track-element-type=\"Article image fullscreen\" data-track-name=\"ImageFullscreen\" decoding=\"async\" loading=\"lazy\" height=\"3764\" itemprop=\"image\"  src=\"https:\/\/www.europesays.com\/no\/wp-content\/uploads\/2025\/12\/99fd4db4-7c45-4d39-bd39-ca1de9bb3e16\"  style=\"object-position:0% 0%\" width=\"5019\"\/><\/p>\n<p class=\"_paragraph_o9xde_4 _paragraph_xtcu6_10 layout-component text-serif-m layout-normal text-serif-m layout-padded\">Kunngj\u00f8ringen kommer etter den verste masseskytingen i landet p\u00e5 nesten 30 \u00e5r da 15 mennesker ble drept under en j\u00f8disk feiring p\u00e5\u00a0Bondi\u00a0Beach i Sydney s\u00f8ndag.<\/p>\n<p class=\"_paragraph_o9xde_4 _paragraph_xtcu6_10 layout-component text-serif-m layout-normal text-serif-m layout-padded\">Myndighetene har omtalt angrepet som et m\u00e5lrettet, antisemittisk terrorangrep motivert av IS-ideologi.<\/p>\n<p><img alt=\"\" class=\"_image_qp4xg_65 layout-component layout-left\" data-fullscreen- data-track-element-type=\"Article image fullscreen\" data-track-name=\"ImageFullscreen\" decoding=\"async\" loading=\"lazy\" height=\"3698\" itemprop=\"image\"  src=\"https:\/\/www.europesays.com\/no\/wp-content\/uploads\/2025\/12\/1bbbe57f-735f-4a5e-837d-e46ba1280f15\"  style=\"object-position:0% 0%\" width=\"4931\"\/><img alt=\"\" class=\"_image_qp4xg_65 layout-component layout-right\" data-fullscreen- data-track-element-type=\"Article image fullscreen\" data-track-name=\"ImageFullscreen\" decoding=\"async\" loading=\"lazy\" height=\"4616\" itemprop=\"image\"  src=\"https:\/\/www.europesays.com\/no\/wp-content\/uploads\/2025\/12\/2dcf6d08-3542-41ee-92aa-625fb7ab14a9\"  style=\"object-position:0% 0%\" width=\"6155\"\/><\/p>\n<p class=\"_paragraph_o9xde_4 _paragraph_xtcu6_10 layout-component text-serif-m layout-normal text-serif-m layout-padded\">Blant de drepte var en rabbiner, en ti \u00e5r gammel jente og en 87 \u00e5r gammel holocaust-overlevende. 25 personer var tirsdag fortsatt innlagt p\u00e5 sykehus.<\/p>\n<p class=\"_paragraph_o9xde_4 _paragraph_xtcu6_10 layout-component text-serif-m layout-normal text-serif-m layout-padded\">De drepte var samlet til hanukka-feiring p\u00e5 stranden. Tirsdag ble det holdt en minneseremoni der folk la ned kondolanser og blomster. Det ble ogs\u00e5 tent en j\u00f8disk menora-lysestake.<\/p>\n<p class=\"_paragraph_o9xde_4 _paragraph_xtcu6_10 layout-component text-serif-m layout-normal text-serif-m layout-padded\">Foto: Steven Markham \/ AP, DAN HIMBRECHTS \/ EPA og DAVID GRAY \/ AFP<\/p>\n","protected":false},"excerpt":{"rendered":"Torsdag morgen ble gangbroen ved Bondi beach \u00e5pnet for publikum etter s\u00f8ndagens terrorangrep. Foto: DAN HIMBRECHTS \/ EPA&hellip;\n","protected":false},"author":2,"featured_media":116225,"comment_status":"","ping_status":"","sticky":false,"template":"","format":"standard","meta":{"footnotes":""},"categories":[5],"tags":[13899,20,21,24,25,15,19,22,23,17,18,13,30,28,29,14,16,13900,26,27],"class_list":{"0":"post-116224","1":"post","2":"type-post","3":"status-publish","4":"format-standard","5":"has-post-thumbnail","7":"category-overskrifter","8":"tag-bondi-beach","9":"tag-breaking-news","10":"tag-breakingnews","11":"tag-featured-news","12":"tag-featurednews","13":"tag-headlines","14":"tag-hovedoppslag","15":"tag-latest-news","16":"tag-latestnews","17":"tag-main-news","18":"tag-mainnews","19":"tag-news","20":"tag-no","21":"tag-norge","22":"tag-norway","23":"tag-nyheter","24":"tag-overskrifter","25":"tag-sydney","26":"tag-top-stories","27":"tag-topstories"},"share_on_mastodon":{"url":"https:\/\/pubeurope.com\/@no\/115739524373888931","error":""},"_links":{"self":[{"href":"https:\/\/www.europesays.com\/no\/wp-json\/wp\/v2\/posts\/116224","targetHints":{"allow":["GET"]}}],"collection":[{"href":"https:\/\/www.europesays.com\/no\/wp-json\/wp\/v2\/posts"}],"about":[{"href":"https:\/\/www.europesays.com\/no\/wp-json\/wp\/v2\/types\/post"}],"author":[{"embeddable":true,"href":"https:\/\/www.europesays.com\/no\/wp-json\/wp\/v2\/users\/2"}],"replies":[{"embeddable":true,"href":"https:\/\/www.europesays.com\/no\/wp-json\/wp\/v2\/comments?post=116224"}],"version-history":[{"count":0,"href":"https:\/\/www.europesays.com\/no\/wp-json\/wp\/v2\/posts\/116224\/revisions"}],"wp:featuredmedia":[{"embeddable":true,"href":"https:\/\/www.europesays.com\/no\/wp-json\/wp\/v2\/media\/116225"}],"wp:attachment":[{"href":"https:\/\/www.europesays.com\/no\/wp-json\/wp\/v2\/media?parent=116224"}],"wp:term":[{"taxonomy":"category","embeddable":true,"href":"https:\/\/www.europesays.com\/no\/wp-json\/wp\/v2\/categories?post=116224"},{"taxonomy":"post_tag","embeddable":true,"href":"https:\/\/www.europesays.com\/no\/wp-json\/wp\/v2\/tags?post=116224"}],"curies":[{"name":"wp","href":"https:\/\/api.w.org\/{rel}","templated":true}]}}