{"id":116311,"date":"2025-12-18T09:28:07","date_gmt":"2025-12-18T09:28:07","guid":{"rendered":"https:\/\/www.europesays.com\/no\/116311\/"},"modified":"2025-12-18T09:28:07","modified_gmt":"2025-12-18T09:28:07","slug":"venezuela-ber-fns-sikkerhetsrad-om-mote-om-amerikansk-aggresjon-nrk-urix-utenriksnyheter-og-dokumentarer","status":"publish","type":"post","link":"https:\/\/www.europesays.com\/no\/116311\/","title":{"rendered":"Venezuela ber FNs sikkerhetsr\u00e5d om m\u00f8te om \u00abamerikansk aggresjon\u00bb \u2013 NRK Urix \u2013 Utenriksnyheter og -dokumentarer"},"content":{"rendered":"<p><strong>Venezuela ber i et brev til FNs sikkerhetsr\u00e5d om \u00e5 kalle inn til m\u00f8te for \u00e5 diskutere det landet kaller \u00abp\u00e5g\u00e5ende amerikansk aggresjon\u00bb.<\/strong><\/p>\n<p>Det melder Reuters, som har f\u00e5tt se brevet.<\/p>\n<p>En FN-diplomat opplyser til nyhetsbyr\u00e5et at et m\u00f8te trolig kan finne sted tirsdag i uken som kommer.<\/p>\n<p>Tirsdag stemplet den amerikanske presidenten Donald Trump Venezuelas regjering som en<a href=\"http:\/\/nrk.no\/nyheter\/1.17695917\" ec-id=\"http:\/\/nrk.no\/nyheter\/1.17695917\" ec-name=\"utenlandsk terrororganisasjon\" rel=\"nofollow noopener\" target=\"_blank\"> utenlandsk terrororganisasjon<\/a> (FTO).\n<\/p>\n<p><img decoding=\"async\"   src=\"data:image\/gif;base64,R0lGODlhAQABAIAAAAAAAP\/\/\/yH5BAEAAAAALAAAAAABAAEAAAIBRAA7\" loading=\"eager\" alt=\"En person st\u00e5r foran et podium med en symbolsk presidentsegl. Bakgrunnen viser amerikanske flagg og juledekorasjoner. Personen gestikulerer mens vedkommende ser ut til \u00e5 holde en tale. Atmosf\u00e6ren er formell, typisk for en offentlige anledninger. (Bildebeskrivelsen er laget av en KI-tjeneste)\" title=\"Foto: Doug Mills \/ Reuters \/ NTB\"\/><\/p>\n<p class=\"\">Den amerikanske presidenten Donald Trump. <\/p>\n<p>Foto: Doug Mills \/ Reuters \/ NTB<\/p>\n<p>Han varsler ogs\u00e5 \u00f8kt milit\u00e6r tilstedev\u00e6relse utenfor landets kyst, og har kunngjort <a href=\"https:\/\/www.nrk.no\/urix\/trump-beordrar-blokade-av-venezuela-1.17695971\" ec-id=\"pp:article:1.17695971\" ec-name=\"blokade av alle sanksjonerte oljetankskip som seiler til og fra Venezuela.\" rel=\"nofollow noopener\" target=\"_blank\">blokade av alle sanksjonerte oljetankskip som seiler til og fra Venezuela.<\/a><\/p>\n<p>Venezuelas regjering mener USA fors\u00f8ker \u00e5 f\u00e5 presset fram et regimeskifte for \u00e5 f\u00e5 kontroll over landets store oljeressurser.<\/p>\n<p>Sanksjonerte skip<\/p>\n<p>USA har svartelista ei rekke tankskip fordi dei fraktar olje eller varer p\u00e5 m\u00e5tar som amerikanske styresmakter meiner bryt sanksjonane mot Venezuela.<\/p>\n<p>Dette er typisk:<\/p>\n<ul>\n<li>Skip fr\u00e5 \u00abskuggefl\u00e5ter\u00bb som skrur av sporingssystemet eller endrar flagg for \u00e5 skjule kvar dei fraktar olje.<\/li>\n<li>Skip som eksporterer venezuelansk olje via mellombels eigarskap for \u00e5 omg\u00e5 sanksjonar.<\/li>\n<li>Tankskip som USA meiner er knytte til nettverk som hjelper Venezuela \u00e5 omg\u00e5 sanksjonane, til d\u00f8mes ved \u00e5 laste olje saman med skip fr\u00e5 Russland eller Iran for \u00e5 skjule opphavet.<\/li>\n<\/ul>\n<p>Slike skip blir blokkerte fr\u00e5 \u00e5 ha forretningar med amerikanske selskap eller personar, og kan sj\u00f8lv bli beslaglagt.<\/p>\n<p>Kjelde: Finansdepartementet i USA, Marine Executive<\/p>\n<p>\u2013 Folkerettslig akrobatikk fra Trump<\/p>\n<p><strong>\u2013 Folkerettslig er dette her \u00e5penbart ikke lov. <\/strong><\/p>\n<p>Det sier Cecilie Hellestveit, folkerettsekspert og forsker ved NTNU.<\/p>\n<p>Hun mener at Trump ikke kan gj\u00f8re om et lands status fra nasjon til terrororganisasjon.<\/p>\n<p>\u2013 En stat kan ikke erkl\u00e6re en annen stat for \u00e5 v\u00e6re en ikke-statlig organisasjon, sier hun og forklarer at et regime kan i praksis bli omtalt som illegitimt og dermed behandles som en ikke-statlig akt\u00f8r.<\/p>\n<p><img decoding=\"async\"   src=\"data:image\/gif;base64,R0lGODlhAQABAIAAAAAAAP\/\/\/yH5BAEAAAAALAAAAAABAAEAAAIBRAA7\" loading=\"eager\" alt=\"en kvinne med langt h\u00e5r\" title=\"Foto: Ragnhild Vartdal \/ NRK\"\/><\/p>\n<p class=\"\">Cecilie Hellestveit, folkerettsekspert og forsker ved NTNU.<\/p>\n<p>Foto: Ragnhild Vartdal \/ NRK<\/p>\n<p><strong>Hellestveit forklarer at Trump-administrasjonen har presset mot det venezuelanske regimet gjennom hele perioden, s\u00e6rlig siden september. <\/strong><\/p>\n<p>I november opprettet Trump en<a href=\"https:\/\/www.state.gov\/releases\/office-of-the-spokesperson\/2025\/11\/terrorist-designations-of-cartel-de-los-soles\" ec-id=\"https:\/\/www.state.gov\/releases\/office-of-the-spokesperson\/2025\/11\/terrorist-designations-of-cartel-de-los-soles\" ec-name=\"formell terrorerkl\u00e6ring\" rel=\"nofollow noopener\" target=\"_blank\"> formell terrorerkl\u00e6ring<\/a> mot den venezuelanske kriminelle gruppen \u00abSolkartellet\u00bb.<\/p>\n<p>If\u00f8lge utenriksminister Marco Rubio truer kartellet den nasjonale tryggheten i USA med vold og smugling. I tillegg mener amerikanske myndigheter at gruppen blir ledet av Venezuelas president, Nicol\u00e1s Maduro, sin indre sirkel.<\/p>\n<p>\u2013 Det betyr at egentlig i nesten halvannen m\u00e5ned s\u00e5 har amerikanerne sagt at den venezuelanske presidenten er en terrorist eller narkoterrorist, som amerikanerne implisitt hevder at de kan likvidere, sier Hellestveit.<\/p>\n<p><strong>\u2013 Og dette er ikke slik man driver internasjonal politikk, s\u00e5 dette er en form for folkerettslig akrobatikk fra Trump, sier hun videre. <\/strong><\/p>\n<p>    Dette m\u00e5 du vite om Venezuela<\/p>\n<ul aria-labelledby=\"c4c1623e-d433-4fd4-a030-9f75514512d2\" role=\"list\">\n<li>Et land i dyp krise\n<p>Venezuela er et av de st\u00f8rste landene i Latin-Amerika og har i underkant av 30 millioner innbyggere. Landet har hatt store \u00f8konomiske og politiske problemer i \u00e5revis. <\/p>\n<ul>\n<li>Over 80 prosent av befolkningen lever i fattigdom, if\u00f8lge FN.<\/li>\n<li>Korrupsjon er utbredt, inflasjonen er skyh\u00f8y og l\u00f8nningene lave.<\/li>\n<li>Mat er mangelvare og sykehus mangler medisiner.<\/li>\n<li>I tillegg er det farlig \u00e5 kritisere regimet offentlig. Flere av Maduros politiske motstandere er i fengsel.<\/li>\n<li>Nesten 8 millioner venezuelanere \u2013 hver fjerde innbygger \u2013 har r\u00f8mt landet.<\/li>\n<\/ul>\n<\/li>\n<li>En forhatt president\n<p>Nicol\u00e1s Maduro har v\u00e6rt president i Venezuela siden 2013 og representerer landets sosialistiske parti. Han overtok makten, da partifellen Hugo Chav\u00e9z d\u00f8de.<\/p>\n<p>Maduro har tatt landet i en mer autorit\u00e6r retning, mener eksperter. Regimet sl\u00e5r hardt ned p\u00e5 kritikere.<\/p>\n<p>Under fjor\u00e5rets presidentvalg erkl\u00e6rte Maduro valgseier. Det skjedde til tross for at opposisjonen if\u00f8lge sin egen dokumentasjon og uavhengige kilder fikk flest stemmer.<br \/>\nDemonstranter tok til gatene og anklaget Maduro for \u00e5 ha stj\u00e5let valget.<\/p>\n<p>Mens land som Russland, Cuba og Bolivia tidlig gratulerte Maduro med en ny periode, har store deler av verdenssamfunnet ikke anerkjent valgresultatet som gyldig.<\/p>\n<\/li>\n<li>En kontroversiell fredsprisvinner\n<p>Nylig ble opposisjonslederen Mar\u00eda Corina Machado tildelt Nobels fredspris for sitt \u00abutrettelige arbeid som fremmer demokratiske rettigheter for folket i Venezuela\u00bb.<\/p>\n<p>Da takket hun president Trump: <\/p>\n<p>\u2013 Jeg dedikerer denne prisen til det lidende folket i Venezuela og til president Trump for hans avgj\u00f8rende st\u00f8tte til v\u00e5r sak, uttalte hun. <\/p>\n<p>Hun har siden f\u00e5tt kritikk for sine n\u00e6re b\u00e5nd til Trump og for \u00e5 ikke ha tatt avstand fra de amerikanske angrepene utenfor Venezuela.<\/p>\n<p>Machado fronter den sammensatte opposisjonen som Maduro erkl\u00e6rte valgseier over i fjor. Selv lever hun i skjul og leder opposisjonen fra et hemmelig sted.<\/p>\n<\/li>\n<\/ul>\n<p>Venezuelas utenriksdepartement har omtalt terrorerkl\u00e6ringen om \u00abSolkartellet\u00bb fra Trump om som \u00aben ny og latterlig l\u00f8gn\u00bb.<\/p>\n<p>De mener den er ment \u00e5 rettferdiggj\u00f8re \u00abet illegitimt og ulovlig inngrep\u00bb i landet.<\/p>\n<p>I tillegg mener flere uavhengige eksperter om narkosmugling i Latin-Amerika, at det er et korrupsjonsnettverk og ikke en samlet organisasjon.<\/p>\n<p>Fire drept i amerikanske luftangrep<\/p>\n<p>Natt til torsdag sa det amerikanske milit\u00e6ret at fire menn er drept i et nytt luftangrep mot en b\u00e5t i det \u00f8stlige Stillehavet.<\/p>\n<p><strong>\u2013 Etterretningsopplysninger bekreftet at fart\u00f8yet fulgte en kjent narkosmuglerrute \u00f8st i Stillehavet og at det var involvert i narkosmuglingsaktiviteter. <\/strong><\/p>\n<p>Det skriver Southern Command i en uttalelse p\u00e5 <a href=\"https:\/\/x.com\/Southcom\/status\/2001464448750621120\" ec-id=\"https:\/\/x.com\/Southcom\/status\/2001464448750621120\" ec-name=\"X\" rel=\"nofollow\">X<\/a>, som ansvar for USAs milit\u00e6raktiviteter i Latin-Amerika og Karibia<\/p>\n<p><img decoding=\"async\"   src=\"data:image\/gif;base64,R0lGODlhAQABAIAAAAAAAP\/\/\/yH5BAEAAAAALAAAAAABAAEAAAIBRAA7\" loading=\"eager\" alt=\"angrep i stillehavet\" title=\"Foto: Myndighetene i USA\"\/><\/p>\n<p class=\"\">Amerikanske myndigheter har publisert en video som skal vise angrepet p\u00e5 en b\u00e5t i Stillehavet natt til torsdag. <\/p>\n<p>Foto: Myndighetene i USA<\/p>\n<p>Angrepet skjedde p\u00e5 ordre fra forsvarsminister Pete Hegseth, if\u00f8lge uttalelsen.<\/p>\n<p>Det er ikke klart hvilke b\u00e5ter som ble angrepet onsdag, men USA har siden september <a href=\"https:\/\/www.nrk.no\/urix\/trump_-nytt-angrep-mot-bat-fra-venezuela-1.17572115\" ec-id=\"pp:article:1.17572115\" ec-name=\"gjennomf\u00f8rt flere angrep mot b\u00e5ter utenfor kysten til Venezuela\" rel=\"nofollow noopener\" target=\"_blank\">gjennomf\u00f8rt flere angrep mot b\u00e5ter utenfor kysten til Venezuela<\/a>.<\/p>\n<p>Amerikanske styresmakter mener at b\u00e5tene blir brukt til \u00e5 smugle narkotika fra Latin-Amerika og inn til USA.<\/p>\n<p>Flere folkerettseksperter <a href=\"https:\/\/www.nrk.no\/urix\/folkerettsekspert_-_-dette-er-i-strid-med-havrettens-regler-1.17553540\" ec-id=\"pp:article:1.17553540\" ec-name=\"mener USA angrep p\u00e5 b\u00e5tene er i strid med folkeretten.\" rel=\"nofollow noopener\" target=\"_blank\">mener USA angrep p\u00e5 b\u00e5tene er i strid med folkeretten.<\/a><\/p>\n<p>Maduro har tidligere kalt de amerikanske angrepene for \u00abaggresjoner\u00bb fra USA mot Venezuela.<\/p>\n<p><img decoding=\"async\"   src=\"data:image\/gif;base64,R0lGODlhAQABAIAAAAAAAP\/\/\/yH5BAEAAAAALAAAAAABAAEAAAIBRAA7\" loading=\"eager\" alt=\"Venezuelas president Nicolas Maduro \u00f8nsker ikke USAs krigsskip i eget farevann og har mobilisert sivilforsvaret. \" title=\"Foto: AFP\"\/><\/p>\n<p class=\"\">Venezuelas president Nicol\u00e1s Maduro. <\/p>\n<p>Foto: AFP<\/p>\n<p>\u2013 Veldig bekymringsfullt<\/p>\n<p>Hellestveit sier at dersom andre stater gj\u00f8r det samme som USA mot Venezuela, vil verden raskt se helt annerledes ut.<\/p>\n<p>Hun forklarer at i begynnelsen av desember lanserte Trump-administrasjonen en ny Monroe-doktrine, som bygger p\u00e5 ideen om at Latin-Amerika er USAs bakg\u00e5rd.<\/p>\n<p><strong>\u2013 Det er det som er veldig bekymringsfullt n\u00e5, sier hun. <\/strong><\/p>\n<p>Hellestveit mener doktrinen ligger til grunn for det juridiske argumentet n\u00e5.<\/p>\n<p>\u2013 For det USA gjorde p\u00e5 tirsdag, var i realiteten \u00e5 si at n\u00e5 har vi en maritim blokade av Venezuela, hvor det amerikanske milit\u00e6re blokkerer, som om det var krig mellom USA og Venezuela.<\/p>\n<p>Interessert i mer stoff fra utenriks? H\u00f8r redaksjonens siste podkast:<\/p>\n<p>Publisert<\/p>\n<p>18.12.2025, kl. 09.43<\/p>\n","protected":false},"excerpt":{"rendered":"Venezuela ber i et brev til FNs sikkerhetsr\u00e5d om \u00e5 kalle inn til m\u00f8te for \u00e5 diskutere det&hellip;\n","protected":false},"author":2,"featured_media":116312,"comment_status":"","ping_status":"","sticky":false,"template":"","format":"standard","meta":{"footnotes":""},"categories":[5],"tags":[20,21,24,25,15,19,22,23,17,18,13,30,28,29,14,16,26,27],"class_list":{"0":"post-116311","1":"post","2":"type-post","3":"status-publish","4":"format-standard","5":"has-post-thumbnail","7":"category-overskrifter","8":"tag-breaking-news","9":"tag-breakingnews","10":"tag-featured-news","11":"tag-featurednews","12":"tag-headlines","13":"tag-hovedoppslag","14":"tag-latest-news","15":"tag-latestnews","16":"tag-main-news","17":"tag-mainnews","18":"tag-news","19":"tag-no","20":"tag-norge","21":"tag-norway","22":"tag-nyheter","23":"tag-overskrifter","24":"tag-top-stories","25":"tag-topstories"},"share_on_mastodon":{"url":"https:\/\/pubeurope.com\/@no\/115739866213983003","error":""},"_links":{"self":[{"href":"https:\/\/www.europesays.com\/no\/wp-json\/wp\/v2\/posts\/116311","targetHints":{"allow":["GET"]}}],"collection":[{"href":"https:\/\/www.europesays.com\/no\/wp-json\/wp\/v2\/posts"}],"about":[{"href":"https:\/\/www.europesays.com\/no\/wp-json\/wp\/v2\/types\/post"}],"author":[{"embeddable":true,"href":"https:\/\/www.europesays.com\/no\/wp-json\/wp\/v2\/users\/2"}],"replies":[{"embeddable":true,"href":"https:\/\/www.europesays.com\/no\/wp-json\/wp\/v2\/comments?post=116311"}],"version-history":[{"count":0,"href":"https:\/\/www.europesays.com\/no\/wp-json\/wp\/v2\/posts\/116311\/revisions"}],"wp:featuredmedia":[{"embeddable":true,"href":"https:\/\/www.europesays.com\/no\/wp-json\/wp\/v2\/media\/116312"}],"wp:attachment":[{"href":"https:\/\/www.europesays.com\/no\/wp-json\/wp\/v2\/media?parent=116311"}],"wp:term":[{"taxonomy":"category","embeddable":true,"href":"https:\/\/www.europesays.com\/no\/wp-json\/wp\/v2\/categories?post=116311"},{"taxonomy":"post_tag","embeddable":true,"href":"https:\/\/www.europesays.com\/no\/wp-json\/wp\/v2\/tags?post=116311"}],"curies":[{"name":"wp","href":"https:\/\/api.w.org\/{rel}","templated":true}]}}