{"id":116313,"date":"2025-12-18T09:29:08","date_gmt":"2025-12-18T09:29:08","guid":{"rendered":"https:\/\/www.europesays.com\/no\/116313\/"},"modified":"2025-12-18T09:29:08","modified_gmt":"2025-12-18T09:29:08","slug":"historisk-avtale-for-aafk-smp-no","status":"publish","type":"post","link":"https:\/\/www.europesays.com\/no\/116313\/","title":{"rendered":"\u00abHistorisk\u00bb avtale for AaFK &#8211; smp.no"},"content":{"rendered":"<p data-testid=\"textWithMarkup-text\" data-v-81d7dc2b=\"\" data-v-62d58f52=\"\">I en pressemelding skriver klubben at avtalen er historisk ettersom AaFK fra 1. januar fra 2026 har b\u00e5de herre- og kvinnelag, samt at begge disse lagene vil konkurrere i \u00f8verste divisjon.<\/p>\n<p data-testid=\"textWithMarkup-text\" data-v-81d7dc2b=\"\" data-v-62d58f52=\"\">\u2013 De har v\u00e6rt v\u00e5r viktigste samarbeidspartner siden 1998, og vi er sv\u00e6rt glade for \u00e5 videref\u00f8re dette sterke partnerskapet i en historisk fase for klubben. At banken velger \u00e5 st\u00e5 sammen med oss n\u00e5, n\u00e5r b\u00e5de herre- og kvinnelaget skal konkurrere p\u00e5 \u00f8verste niv\u00e5, er en stor tillitserkl\u00e6ring og helt avgj\u00f8rende for klubben sier Tarjei Gjendemsj\u00f8 Omen\u00e5s, daglig leder i AaFK.<\/p>\n<p data-testid=\"textWithMarkup-text\" data-v-81d7dc2b=\"\" data-v-62d58f52=\"\">Forrige helg ble det ogs\u00e5 klart at Sparebanken M\u00f8re fortsetter med en utvidet avtale som generalsponsor for Volda Handball. Avtalen bidrar til at det blir innf\u00f8rt gratis treningskontingent i alderen fra fem til ni \u00e5r.<\/p>\n","protected":false},"excerpt":{"rendered":"I en pressemelding skriver klubben at avtalen er historisk ettersom AaFK fra 1. januar fra 2026 har b\u00e5de&hellip;\n","protected":false},"author":2,"featured_media":116314,"comment_status":"","ping_status":"","sticky":false,"template":"","format":"standard","meta":{"footnotes":""},"categories":[59],"tags":[30,28,29,83,82],"class_list":{"0":"post-116313","1":"post","2":"type-post","3":"status-publish","4":"format-standard","5":"has-post-thumbnail","7":"category-sport","8":"tag-no","9":"tag-norge","10":"tag-norway","11":"tag-sport","12":"tag-sports"},"share_on_mastodon":{"url":"https:\/\/pubeurope.com\/@no\/115739870076992278","error":""},"_links":{"self":[{"href":"https:\/\/www.europesays.com\/no\/wp-json\/wp\/v2\/posts\/116313","targetHints":{"allow":["GET"]}}],"collection":[{"href":"https:\/\/www.europesays.com\/no\/wp-json\/wp\/v2\/posts"}],"about":[{"href":"https:\/\/www.europesays.com\/no\/wp-json\/wp\/v2\/types\/post"}],"author":[{"embeddable":true,"href":"https:\/\/www.europesays.com\/no\/wp-json\/wp\/v2\/users\/2"}],"replies":[{"embeddable":true,"href":"https:\/\/www.europesays.com\/no\/wp-json\/wp\/v2\/comments?post=116313"}],"version-history":[{"count":0,"href":"https:\/\/www.europesays.com\/no\/wp-json\/wp\/v2\/posts\/116313\/revisions"}],"wp:featuredmedia":[{"embeddable":true,"href":"https:\/\/www.europesays.com\/no\/wp-json\/wp\/v2\/media\/116314"}],"wp:attachment":[{"href":"https:\/\/www.europesays.com\/no\/wp-json\/wp\/v2\/media?parent=116313"}],"wp:term":[{"taxonomy":"category","embeddable":true,"href":"https:\/\/www.europesays.com\/no\/wp-json\/wp\/v2\/categories?post=116313"},{"taxonomy":"post_tag","embeddable":true,"href":"https:\/\/www.europesays.com\/no\/wp-json\/wp\/v2\/tags?post=116313"}],"curies":[{"name":"wp","href":"https:\/\/api.w.org\/{rel}","templated":true}]}}