{"id":116317,"date":"2025-12-18T09:34:07","date_gmt":"2025-12-18T09:34:07","guid":{"rendered":"https:\/\/www.europesays.com\/no\/116317\/"},"modified":"2025-12-18T09:34:07","modified_gmt":"2025-12-18T09:34:07","slug":"russland-diskuterer-tiltak-mot-oljefondet","status":"publish","type":"post","link":"https:\/\/www.europesays.com\/no\/116317\/","title":{"rendered":"Russland diskuterer tiltak mot oljefondet"},"content":{"rendered":"<p>    If\u00f8lge RBC News vurderer Russland \u00e5 bruke midler fra blant annet oljefondet for \u00e5 kompensere for de frosne midlene som ligger i EU.<\/p>\n<p>\n        Russlands president Vladimir Putin under en samtale med milit\u00e6rledere om situasjonen p\u00e5 slagmarken i Ukraina i Kreml i Moskva, torsdag 11. desember 2025.<br \/>\n        Gavriil Grigorov\n    <\/p>\n<p class=\"italic m-italic\" data-lab-italic=\"italic\">(<a href=\"https:\/\/www.finansavisen.no\/finans\/2025\/12\/17\/8315647\/russiske-medier-russland-diskuterer-tiltak-mot-oljefondet\" rel=\"nofollow noopener\" target=\"_blank\">Artikkelen <\/a>er f\u00f8rst publisert av <a href=\"https:\/\/www.finansavisen.no\/\" rel=\"nofollow noopener\" target=\"_blank\">Finansavisen<\/a>):<\/p>\n<p>Russland vurderer mulige \u00abmottiltak\u00bb mot EBRD (Den europeiske bank for gjenoppbygning og utvikling) og det norske oljefondet som f\u00f8lge av konfiskeringen av russiske eiendeler i EU, melder Bloomberg, som viser til det russiske nyhetsbyr\u00e5et\u00a0<a href=\"https:\/\/pro.rbc.ru\/demo\/69427b559a79476da662d545?from=from_main_1&amp;utm_source=rbc.ru&amp;utm_medium=inhouse_media&amp;utm_campaign=lines_1&amp;utm_content=69427b559a79476da662d545&amp;utm_term=10.4Z_noauth_base\" target=\"_blank\" rel=\"nofollow noopener\">RBC News<\/a>.<\/p>\n<p>Russland vurderer \u00e5 kompensere for de frosne reservene ved \u00e5 bruke midlene til EBRD, oljefondet og den nederlandske pensjonsforvalteren APG som befinner seg i landet.<\/p>\n<p>If\u00f8lge RBC har b\u00e5de oljefondet og APG en eksponering p\u00e5 over 2 milliarder dollar i Russland, tilsvarende vel 20 milliarder kroner. P\u00e5 oljefondets nettsider st\u00e5r det imidlertid oppf\u00f8rt russiske aksjeverdier for 1,39 milliarder kroner pr. f\u00f8rste halv\u00e5r 2025, og ingen andre russiske aktiva st\u00e5r oppf\u00f8rt.<\/p>\n<p>Det diskuteres ogs\u00e5, if\u00f8lge kildene til RBC, \u00e5 avskrive midler som ligger p\u00e5 s\u00e5kalte C-kontoer. P\u00e5 disse kontoene ligger det midler fra utenlandske investorer i \u00abuvennlige\u00bb land.<\/p>\n<p class=\"italic m-italic\" data-lab-italic=\"italic\">Oljefondet ville ikke uttale seg om saken og viser til Finansdepartementet. Finansdepartementet har heller ikke kommentarer til saken.<\/p>\n","protected":false},"excerpt":{"rendered":"If\u00f8lge RBC News vurderer Russland \u00e5 bruke midler fra blant annet oljefondet for \u00e5 kompensere for de frosne&hellip;\n","protected":false},"author":2,"featured_media":116318,"comment_status":"","ping_status":"","sticky":false,"template":"","format":"standard","meta":{"footnotes":""},"categories":[12],"tags":[20,21,24,25,15,22,23,13,30,28,29,14,16,26,27,42,43,44,45],"class_list":{"0":"post-116317","1":"post","2":"type-post","3":"status-publish","4":"format-standard","5":"has-post-thumbnail","7":"category-verden","8":"tag-breaking-news","9":"tag-breakingnews","10":"tag-featured-news","11":"tag-featurednews","12":"tag-headlines","13":"tag-latest-news","14":"tag-latestnews","15":"tag-news","16":"tag-no","17":"tag-norge","18":"tag-norway","19":"tag-nyheter","20":"tag-overskrifter","21":"tag-top-stories","22":"tag-topstories","23":"tag-verden","24":"tag-world","25":"tag-world-news","26":"tag-worldnews"},"share_on_mastodon":{"url":"https:\/\/pubeurope.com\/@no\/115739889898553512","error":""},"_links":{"self":[{"href":"https:\/\/www.europesays.com\/no\/wp-json\/wp\/v2\/posts\/116317","targetHints":{"allow":["GET"]}}],"collection":[{"href":"https:\/\/www.europesays.com\/no\/wp-json\/wp\/v2\/posts"}],"about":[{"href":"https:\/\/www.europesays.com\/no\/wp-json\/wp\/v2\/types\/post"}],"author":[{"embeddable":true,"href":"https:\/\/www.europesays.com\/no\/wp-json\/wp\/v2\/users\/2"}],"replies":[{"embeddable":true,"href":"https:\/\/www.europesays.com\/no\/wp-json\/wp\/v2\/comments?post=116317"}],"version-history":[{"count":0,"href":"https:\/\/www.europesays.com\/no\/wp-json\/wp\/v2\/posts\/116317\/revisions"}],"wp:featuredmedia":[{"embeddable":true,"href":"https:\/\/www.europesays.com\/no\/wp-json\/wp\/v2\/media\/116318"}],"wp:attachment":[{"href":"https:\/\/www.europesays.com\/no\/wp-json\/wp\/v2\/media?parent=116317"}],"wp:term":[{"taxonomy":"category","embeddable":true,"href":"https:\/\/www.europesays.com\/no\/wp-json\/wp\/v2\/categories?post=116317"},{"taxonomy":"post_tag","embeddable":true,"href":"https:\/\/www.europesays.com\/no\/wp-json\/wp\/v2\/tags?post=116317"}],"curies":[{"name":"wp","href":"https:\/\/api.w.org\/{rel}","templated":true}]}}