{"id":116319,"date":"2025-12-18T09:35:09","date_gmt":"2025-12-18T09:35:09","guid":{"rendered":"https:\/\/www.europesays.com\/no\/116319\/"},"modified":"2025-12-18T09:35:09","modified_gmt":"2025-12-18T09:35:09","slug":"jorn-andersen-vil-fortsatt-ikke-la-seg-avhore-nrk-trondelag-lokale-nyheter-tv-og-radio","status":"publish","type":"post","link":"https:\/\/www.europesays.com\/no\/116319\/","title":{"rendered":"J\u00f8rn Andersen vil fortsatt ikke la seg avh\u00f8re \u2013 NRK Tr\u00f8ndelag \u2013 Lokale nyheter, TV og radio"},"content":{"rendered":"<p>L\u00f8rdag 13. desember ble Marita L\u00f8fshus Haugen (35) <a href=\"https:\/\/www.nrk.no\/trondelag\/kvinne-funnet-dod-_-mann-pagrepet-og-siktet-for-drap-1.17691797\" ec-id=\"pp:article:1.17691797\" ec-name=\"funnet drept utend\u00f8rs\" rel=\"nofollow noopener\" target=\"_blank\">funnet drept utend\u00f8rs<\/a> p\u00e5 L\u00f8kken i Orkland kommune i Tr\u00f8ndelag.<\/p>\n<p>Like etter hun ble funnet, p\u00e5grep politiet J\u00f8rn Andersen og siktet ham for drapet.<\/p>\n<p>Torsdag formiddag skriver politiet i en pressemelding at etterforskningen n\u00e5 g\u00e5r over i en ny fase.<\/p>\n<p><strong>\u2013 Politiet har gjennomf\u00f8rt \u00e5stedsunders\u00f8kelse hvor det er tatt flere beslag og sikret pr\u00f8ver for videre analyse og tatt beslag i digitale lagringsenheter som gjennomg\u00e5s. Politiet har ogs\u00e5 gjennomf\u00f8rt en rekke vitneavh\u00f8r. Det er gjennomf\u00f8rt obduksjon, og politiet mener at d\u00f8dsfallet skyldes at avd\u00f8de ble p\u00e5f\u00f8rt d\u00f8delig vold.<\/strong><\/p>\n<p>Drapssiktede er tidligere d\u00f8mt for drap. Han er ogs\u00e5 flere ganger tidligere d\u00f8mt for vold og trusler og har en forvaringsdom.<\/p>\n<p>Derfor identifiserer NRK J\u00f8rn Andersen: <\/p>\n<p>Pressen skal v\u00e6re varsomme med \u00e5 identifisere personer som omtales i forbindelse med straffbare forhold. Etter pressens etiske regelverk, V\u00e6r varsom-plakaten, gjelder dette spesielt i omtale av saker der etterforskningen er p\u00e5 et tidlig stadium. Det kan likevel v\u00e6re berettiget \u00e5 identifisere ved alvorlige og gjentatte kriminelle handlinger. Det mener vi det er i tilknytning til Andersen, som n\u00e5 er siktet for drap i Orkland.<\/p>\n<p>Andersen ble i 2000 d\u00f8mt til 15 \u00e5rs fengsel for drap p\u00e5 en ekskj\u00e6reste.<\/p>\n<p>Mens han sonet dommen for drapet ut\u00f8vde han grov vold mot en annen tidligere kj\u00e6reste, under en pr\u00f8vel\u00f8slatelse. Han ble derfor d\u00f8mt til 4 \u00e5r og 6 m\u00e5neders forvaring for grov vold og trusler mot henne.<\/p>\n<p>NRK mener det er viktig med en viss grad av \u00e5penhet ogs\u00e5 rundt de mest alvorlige straffesakene i samfunnet. Vi har vurdert det slik at offentligheten har et berettiget behov for informasjon om Andersen, som n\u00e5 er siktet for \u00e5 ha utf\u00f8rt en ny, sv\u00e6rt alvorlig handling.<\/p>\n<p>Dette er nettopp fordi han tidligere er d\u00f8mt for de mest alvorlige forbrytelsene i samfunnet.<\/p>\n<p>Det er tidlig i etterforskningen av saken og vi vet forel\u00f8pig ikke hvordan Andersen stiller seg til siktelsen.<\/p>\n<p>Vil ikke snakke<\/p>\n<p><strong>\u2013 Den siktede mannen formidlet tidlig til politiet at han ikke \u00f8nsker \u00e5 la seg avh\u00f8re, og dette \u00f8nsket har han opprettholdt. Siktelsen av mannen er uendret, skriver politiet.<\/strong><\/p>\n<p>\u2013 At den siktede ikke er avh\u00f8rt er en av \u00e5rsakene til at vi ikke \u00f8nsker \u00e5 g\u00e5 ut med konkret informasjon om d\u00f8ds\u00e5rsak eller om det er gjort beslag av v\u00e5pen, utover at vi mener det er sikkert at dette er et drap og at d\u00f8ds\u00e5rsaken er den volden avd\u00f8de ble utsatt for. \u00c5 dele mer informasjon om dette n\u00e5 vil kunne skade etterforskingen p\u00e5 sikt, sier politiadvokat Ole Andreas Aftret.<\/p>\n<p><strong>NRK presiserer at Andersen er sikta i saken p\u00e5 L\u00f8kken og fortsatt ikke har forklart seg.<\/strong><\/p>\n<p>Mannens forsvarer har ikke \u00f8nsket \u00e5 kommentere saken.<\/p>\n<p>Tekniske bevis<\/p>\n<p>Det skal gj\u00f8res noen flere kriminaltekniske unders\u00f8kelser i dag, og det er oppnevnt to rettspsykiatriske sakkyndige som skal gjennomf\u00f8re en utredning av siktedes sinnstilstand. Det er ogs\u00e5 en del av de sakkyndiges mandat \u00e5 utrede faren for gjentakelse.<\/p>\n<p><strong>\u2013Etterforskningen er bredt anlagt, og politiet leter ogs\u00e5 aktivt etter opplysninger som peker i annen retning enn mot den siktede mannen, sier politiadvokat Aftret.<\/strong><\/p>\n<p>Etterforskningen g\u00e5r n\u00e5 inn i en ny fase der innhentet informasjon og beslag skal gjennomg\u00e5s, analysesvar innhentes og informasjonen i saken skal kontrolleres og sammenstilles.<\/p>\n<p><strong>\u2013 Samtidig m\u00e5 det vurderes behov for innhenting av ny informasjon. I tillegg til forel\u00f8pig obduksjonsrapport, venter politiet p\u00e5 svar p\u00e5 analyser fra spor med DNA, fingeravtrykk og andre pr\u00f8ver, som er innhentet fra flere steder som har tilknytning til saken. Det vil si at politiet har flere tekniske bevis, men har fortsatt ikke f\u00e5tt analysesvar som sier noe om hva sporene betyr og hvordan de skal forst\u00e5s.<\/strong><\/p>\n<p>\u2013 Det er ikke mulig \u00e5 si noe sikkert om n\u00e5r vi f\u00e5r alle svar, men jeg legger til grunn at vi har f\u00e5tt noen svar p\u00e5 eksterne analyser n\u00e5r fengslingsfristen utl\u00f8per 12. januar, som vil gi oss nyttig informasjon i saken, sier politiadvokat Ole Andreas Aftret.<\/p>\n<p>Forvaringsd\u00f8mt<\/p>\n<p>Andersen er tidligere <a href=\"https:\/\/www.nrk.no\/nordland\/15-ars-fengsel-1.93192\" ec-id=\"pp:article:1.93192\" ec-name=\"d\u00f8mt til 15 \u00e5r i fengsel\" rel=\"nofollow noopener\" target=\"_blank\">d\u00f8mt til 15 \u00e5r i fengsel<\/a> for drapet p\u00e5 sin tidligere kj\u00e6reste, 16 \u00e5r gamle Linn Charlott Nesblom, i Mel\u00f8y i Nordland i 1999.<\/p>\n<p>Mens han sonet dommen ut\u00f8vde han grov vold mot en annen tidligere kj\u00e6reste under pr\u00f8vel\u00f8slatelse.<\/p>\n<p><strong>I 2009 ble han d\u00f8mt til fire \u00e5r og seks m\u00e5neder forvaring for voldsut\u00f8velsen og gjenst\u00e5ende soningstid for drapet.<\/strong><\/p>\n<p>I forkant av drapet i 1999 er han ogs\u00e5 domfelt for vold og trusler.<\/p>\n<p>N\u00e5 er han alts\u00e5 siktet for nok et drap.<\/p>\n<p>Publisert<\/p>\n<p>18.12.2025, kl. 09.55<\/p>\n<p>Oppdatert<\/p>\n<p>18.12.2025, kl. 10.15<\/p>\n","protected":false},"excerpt":{"rendered":"L\u00f8rdag 13. desember ble Marita L\u00f8fshus Haugen (35) funnet drept utend\u00f8rs p\u00e5 L\u00f8kken i Orkland kommune i Tr\u00f8ndelag.&hellip;\n","protected":false},"author":2,"featured_media":116320,"comment_status":"","ping_status":"","sticky":false,"template":"","format":"standard","meta":{"footnotes":""},"categories":[10],"tags":[20,21,24,25,15,22,23,13,30,28,29,14,16,26,27],"class_list":{"0":"post-116319","1":"post","2":"type-post","3":"status-publish","4":"format-standard","5":"has-post-thumbnail","7":"category-norge","8":"tag-breaking-news","9":"tag-breakingnews","10":"tag-featured-news","11":"tag-featurednews","12":"tag-headlines","13":"tag-latest-news","14":"tag-latestnews","15":"tag-news","16":"tag-no","17":"tag-norge","18":"tag-norway","19":"tag-nyheter","20":"tag-overskrifter","21":"tag-top-stories","22":"tag-topstories"},"share_on_mastodon":{"url":"https:\/\/pubeurope.com\/@no\/115739893801352191","error":""},"_links":{"self":[{"href":"https:\/\/www.europesays.com\/no\/wp-json\/wp\/v2\/posts\/116319","targetHints":{"allow":["GET"]}}],"collection":[{"href":"https:\/\/www.europesays.com\/no\/wp-json\/wp\/v2\/posts"}],"about":[{"href":"https:\/\/www.europesays.com\/no\/wp-json\/wp\/v2\/types\/post"}],"author":[{"embeddable":true,"href":"https:\/\/www.europesays.com\/no\/wp-json\/wp\/v2\/users\/2"}],"replies":[{"embeddable":true,"href":"https:\/\/www.europesays.com\/no\/wp-json\/wp\/v2\/comments?post=116319"}],"version-history":[{"count":0,"href":"https:\/\/www.europesays.com\/no\/wp-json\/wp\/v2\/posts\/116319\/revisions"}],"wp:featuredmedia":[{"embeddable":true,"href":"https:\/\/www.europesays.com\/no\/wp-json\/wp\/v2\/media\/116320"}],"wp:attachment":[{"href":"https:\/\/www.europesays.com\/no\/wp-json\/wp\/v2\/media?parent=116319"}],"wp:term":[{"taxonomy":"category","embeddable":true,"href":"https:\/\/www.europesays.com\/no\/wp-json\/wp\/v2\/categories?post=116319"},{"taxonomy":"post_tag","embeddable":true,"href":"https:\/\/www.europesays.com\/no\/wp-json\/wp\/v2\/tags?post=116319"}],"curies":[{"name":"wp","href":"https:\/\/api.w.org\/{rel}","templated":true}]}}