{"id":116323,"date":"2025-12-18T09:37:17","date_gmt":"2025-12-18T09:37:17","guid":{"rendered":"https:\/\/www.europesays.com\/no\/116323\/"},"modified":"2025-12-18T09:37:17","modified_gmt":"2025-12-18T09:37:17","slug":"sesongoppkjoringen-2026-stor-oversikt-sjekk-hvem-laget-ditt-moter","status":"publish","type":"post","link":"https:\/\/www.europesays.com\/no\/116323\/","title":{"rendered":"Sesongoppkj\u00f8ringen 2026: Stor oversikt &#8211; sjekk hvem laget ditt m\u00f8ter"},"content":{"rendered":"<p>Eliteserien 2025 er historie \u2013 og 2026-utgaven er rett rundt hj\u00f8rnet.<\/p>\n<p>Det er duket for rekordtidlig sesongstart: Allerede helgen 14.\u201315. mars rulles det i gang rundt om i det langstrakte landet.<\/p>\n<p>Lillestr\u00f8m, Start og Aalesund er ligaens nyeste tilskudd, mens Bryne, Str\u00f8msgodset og Haugesund har tatt turen ned til OBOS-ligaen.<\/p>\n<p>F\u00f8r det hele braker l\u00f8s, skal de 16 lagene p\u00e5 treningsleirer og spille treningskamper.<\/p>\n<p>I denne saken f\u00e5r du oversikt over alt som skjer i forkant av \u00e5rets eliteserie.<\/p>\n<p>Viking<\/p>\n<p> De m\u00f8rkebl\u00e5 vant sitt f\u00f8rste seriemesterskap p\u00e5 34 \u00e5r, og skal n\u00e5 forberede seg p\u00e5 en sesong der de b\u00e5de skal forsvare gullet og spille i enten Europaligaen eller Champions League. <\/p>\n<p>Viking skal p\u00e5 treningsleir til Gran Canaria 10. januar til 25. januar.\u00a0De skal ogs\u00e5 til Marbella fra 10. februar til 23. februar.<\/p>\n<p>        Vikings treningskamper:<\/p>\n<ul>\n<li class=\"lab-bodytext-line\">24. januar: Viking \u2013 Djurg\u00e5rden. Gran Canaria. <\/li>\n<li class=\"lab-bodytext-line\">20. januar: Sandnes Ulf &#8211; Viking. \u00d8ster Hus Arena. <\/li>\n<li class=\"lab-bodytext-line\">6. februar: Viking \u2013 Start. Lyse Arena.<\/li>\n<li class=\"lab-bodytext-line\">14. februar: Viking \u2013 TBA. Marbella.<\/li>\n<li class=\"lab-bodytext-line\">20. februar: Viking \u2013 Troms\u00f8. Marbella. <\/li>\n<li class=\"lab-bodytext-line\">1. mars: Viking \u2013 Sarpsborg. Lyse Arena. <\/li>\n<li class=\"lab-bodytext-line\">8. mars: Bjarg \u2013 Viking. 4. runde i NM (TV 2 Play).<\/li>\n<\/ul>\n<p>Bod\u00f8\/Glimt<\/p>\n<p>Bod\u00f8\/Glimt har fortsatt igjen to kamper i Champions League, og f\u00f8rste del av 2026 preges naturligvis av dette.\u00a0<\/p>\n<p>De reiser til Marbella fra 2. januar til 13. januar og 22. januar til 29. januar.\u00a0Gultr\u00f8yene planlegger ogs\u00e5 en treningsleir i februar.\u00a0<\/p>\n<p>        Bod\u00f8\/Glimts kamper f\u00f8r seriestart:<\/p>\n<p>Troms\u00f8<\/p>\n<p>Troms\u00f8 skal b\u00e5de til Portugal og Spania f\u00f8r seriestart.\u00a0De befinner seg i Algarve fra 19. januar til 31. januar. Mens de er i Marbella fra 16. februar til 28. februar.<\/p>\n<p>        Troms\u00f8s kamper f\u00f8r seriestart:<\/p>\n<ul>\n<li class=\"lab-bodytext-line\">18. januar: Lyn \u2013 Troms\u00f8. LSK-hallen.<\/li>\n<li class=\"lab-bodytext-line\">25. januar: Troms\u00f8 \u2013 Randers. Est\u00e1dio Algarve.<\/li>\n<li class=\"lab-bodytext-line\">30. januar: Troms\u00f8 \u2013 Mj\u00e4llby. Est\u00e1dio Algarve.<\/li>\n<li class=\"lab-bodytext-line\">12. februar: Bryne \u2013 Troms\u00f8. LSK-hallen.<\/li>\n<li class=\"lab-bodytext-line\">20. februar: Troms\u00f8 \u2013 Viking. Marbella.<\/li>\n<li class=\"lab-bodytext-line\">27. februar: Troms\u00f8 \u2013 Lillestr\u00f8m. Marbella.<\/li>\n<li class=\"lab-bodytext-line\">7. mars: KFUM \u2013 Troms\u00f8. 4. runde i NM (TV 2 Play).<\/li>\n<\/ul>\n<p>        <img class=\"image__img lazyload\" itemprop=\"image\" title=\"Foto: Rune Stoltz Bertinussen \/ NTB\" alt=\" Foto: Rune Stoltz Bertinussen \/ NTB\" width=\"978\" height=\"656\" bad-src=\"https:\/\/www.europesays.com\/no\/wp-content\/uploads\/2025\/12\/18390484.webp\" fetchpriority=\"auto\" \/><\/p>\n<p>         Foto: Rune Stoltz Bertinussen \/ NTB<\/p>\n<p>Brann<\/p>\n<p>Bergenserne har fortsatt gode muligheter til \u00e5 avansere i Europaligaen. Mellom slagene mot Midtjylland og Sturm Graz skal bergenserne oppholde seg i s\u00f8rligere str\u00f8k.\u00a0<\/p>\n<p>Marbella fra 6. januar til 20. januar \u2013 samme sted fra 24. januar til 27. januar.\u00a0Det planlegges ogs\u00e5 en treningsleir i Estepona fra 10. februar til 26. februar.\u00a0<\/p>\n<p>        Branns kamper f\u00f8r seriestart:<\/p>\n<p>Sandefjord<\/p>\n<p>Laget fra hvalfangerbyen leverte en rekordgod sesong i 2025.\u00a0De reiser til Olivia Nova i Spania fra 18. februar til 2. mars.\u00a0<\/p>\n<p>        Sandefjords kamper f\u00f8r seriestart:<\/p>\n<ul>\n<li class=\"lab-bodytext-line\">23. januar: LSK \u2013 Sandefjord. LSK-hallen. <\/li>\n<li class=\"lab-bodytext-line\">30. januar: Bryne \u2013 Sandefjord. S\u00f8rlandshallen. <\/li>\n<li class=\"lab-bodytext-line\">6. februar: V\u00e5lerenga \u2013 Sandefjord. Vallhall. <\/li>\n<li class=\"lab-bodytext-line\">7. februar: Sandefjord \u2013 Skeid. Jotun Arena. <\/li>\n<li class=\"lab-bodytext-line\">20. februar: Aalborg \u2013 Sandefjord. Spania. <\/li>\n<li class=\"lab-bodytext-line\">26. februar: Stab\u00e6k \u2013 Sandefjord. Spania. <\/li>\n<li class=\"lab-bodytext-line\">2. mars: Ranheim \u2013 Sandefjord. Spania. <\/li>\n<li class=\"lab-bodytext-line\">8. mars: Sandefjord \u2013 Start. Jotun Arena.<\/li>\n<\/ul>\n<p>V\u00e5lerenga\u00a0<\/p>\n<p>Laget fra Oslo \u00f8st skal p\u00e5 to treningsleirer i forkant av \u00e5rets sesong.\u00a0Tenerife fra 10. januar til 24. januar og til Marbella fra 15. januar til 27. februar.\u00a0<\/p>\n<p>        V\u00e5lerengas kamper f\u00f8r seriestart:<\/p>\n<ul>\n<li class=\"lab-bodytext-line\">30. januar: V\u00e5lerenga \u2013 \u00d8rgryte. Vallhall.<\/li>\n<li class=\"lab-bodytext-line\">6. februar: V\u00e5lerenga \u2013 Sandefjord. Vallhall.<\/li>\n<li class=\"lab-bodytext-line\">14. februar: Djurg\u00e5rden \u2013 V\u00e5lerenga. 3Arena.<\/li>\n<li class=\"lab-bodytext-line\">21. februar: V\u00e5lerenga \u2013 KFUM. Marbella.<\/li>\n<li class=\"lab-bodytext-line\">27. februar: V\u00e5lerenga \u2013 Rosenborg. Marbella.<\/li>\n<li class=\"lab-bodytext-line\">7. mars: V\u00e5lerenga \u2013 Str\u00f8msgodset. Intility Arena.<\/li>\n<\/ul>\n<p>        <img class=\"image__img lazyload\" itemprop=\"image\" title=\"Foto: Jonas Been Henriksen \/ NTB\" alt=\" Foto: Jonas Been Henriksen \/ NTB\" width=\"978\" height=\"656\" bad-src=\"https:\/\/www.europesays.com\/no\/wp-content\/uploads\/2025\/12\/18321702.webp\" fetchpriority=\"auto\" \/><\/p>\n<p>         Foto: Jonas Been Henriksen \/ NTB<\/p>\n<p>Rosenborg<\/p>\n<p>Tr\u00f8nderne skal til Algarve i Portugal fra 24. januar til 10. februar og til Marbella fra 21. februar til 28. februar. I Portugal skal de delta i Atlantic cup.<\/p>\n<p>        Rosenborgs kamper f\u00f8r seriestart:<\/p>\n<p>Fredrikstad\u00a0<\/p>\n<p>Fredrikstad forlater plankebyen ved to anledninger i vinter.\u00a0<\/p>\n<p>De reiser til Gran Canaria fra 8. januar til 22. januar og til Marbella fra 7. februar til 18. februar.\u00a0<\/p>\n<p>        Fredrikstads kamper f\u00f8r seriestart:<\/p>\n<ul>\n<li class=\"lab-bodytext-line\">31. januar: Lillestr\u00f8m \u2013 Fredrikstad. LSK-hallen.\n<\/li>\n<li class=\"lab-bodytext-line\">4. februar: Fredrikstad \u2013 Jerv. Fredrikstad stadion.\n<\/li>\n<li class=\"lab-bodytext-line\">7. februar: Elfsborg \u2013 Fredrikstad. Bor\u00e5s arena.\n<\/li>\n<li class=\"lab-bodytext-line\">11. februar: Fredrikstad \u2013 Toronto. Marbella.\n<\/li>\n<li class=\"lab-bodytext-line\">17. februar: Fredrikstad \u2013 KFUM. Marbella.\n<\/li>\n<li class=\"lab-bodytext-line\">22. februar: Fredrikstad \u2013 TBA. Fredrikstad stadion.\n<\/li>\n<li class=\"lab-bodytext-line\">28. februar: Fredrikstad \u2013 Odd. Fredrikstad stadion.<\/li>\n<li class=\"lab-bodytext-line\">7. mars: Fredrikstad \u2013 Sarpsborg 08. 4. runde i NM (TV 2 Play).<\/li>\n<\/ul>\n<p>Sarpsborg 08<\/p>\n<p>Sarpingene reiser et par turer til Sverige f\u00f8r de skal til Marbella p\u00e5 treningsleir fra 14. februar til 26. februar.\u00a0<\/p>\n<p>        Sarpsborg 08s kamper f\u00f8r seriestart:<\/p>\n<ul>\n<li class=\"lab-bodytext-line\">24. januar: GAIS \u2013 Sarpsborg 08. G\u00f6teborg.<\/li>\n<li class=\"lab-bodytext-line\">31. januar: Sarpsborg 08 \u2013 Kjels\u00e5s.<\/li>\n<li class=\"lab-bodytext-line\">1. februar: Sarpsborg 08 \u2013 \u00d6sters IF.<\/li>\n<li class=\"lab-bodytext-line\">5. februar: Sirius \u2013 Sarpsborg 08. Karlstad (innend\u00f8rshall).<\/li>\n<li class=\"lab-bodytext-line\">7. februar: Sarpsborg 08 \u2013 Moss.<\/li>\n<li class=\"lab-bodytext-line\">13. februar: HamKam \u2013 Sarpsborg 08. LSK-hallen.<\/li>\n<li class=\"lab-bodytext-line\">19. februar: Sarpsborg 08 \u2013 TBA. Marbella.<\/li>\n<li class=\"lab-bodytext-line\">25. februar: Sarpsborg 08 \u2013 TBA. Marbella.<\/li>\n<li class=\"lab-bodytext-line\">1. mars: Viking \u2013 Sarpsborg 08. Stavanger.<\/li>\n<li class=\"lab-bodytext-line\">7. mars: Fredrikstad \u2013 Sarpsborg 08. 4. runde i NM (TV 2 Play).<\/li>\n<\/ul>\n<p>        <img class=\"image__img lazyload\" itemprop=\"image\" title=\"Foto: Christoffer Andersen \/ NTB\" alt=\" Foto: Christoffer Andersen \/ NTB\" width=\"978\" height=\"656\" bad-src=\"https:\/\/www.europesays.com\/no\/wp-content\/uploads\/2025\/12\/18391801.webp\" fetchpriority=\"auto\" \/><\/p>\n<p>         Foto: Christoffer Andersen \/ NTB<\/p>\n<p>Molde<\/p>\n<p>Molde skal p\u00e5 to treningsleirer f\u00f8r \u00e5rets sesong.\u00a0Fra 18. januar til 29. januar og 15. februar til 27. februar. Der sistnevnte trolig blir i Marbella.\u00a0<\/p>\n<p>        Moldes kamper f\u00f8r seriestart:<\/p>\n<ul>\n<li class=\"lab-bodytext-line\">28. januar: TBA. <\/li>\n<li class=\"lab-bodytext-line\">2. februar: Molde &#8211; Tr\u00e6ff. TBA. <\/li>\n<li class=\"lab-bodytext-line\">6. februar: Molde &#8211; Str\u00f8msgodset. TBA<\/li>\n<li class=\"lab-bodytext-line\">12. februar: TBA.<\/li>\n<li class=\"lab-bodytext-line\">15. februar: TBA.<\/li>\n<li class=\"lab-bodytext-line\">18. februar: TBA.<\/li>\n<li class=\"lab-bodytext-line\">28. februar: Molde &#8211; Aalesund. Aker stadion.<\/li>\n<li class=\"lab-bodytext-line\">7. mars: Molde \u2013 Bod\u00f8\/Glimt. 4. runde i NM (TV 2 Play).<\/li>\n<\/ul>\n<p>HamKam\u00a0<\/p>\n<p>HamKam skal til Marbella fra 16. februar til 25. februar. Kameratene planlegger ogs\u00e5 en tur til Tyrkia i n\u00e6rheten av Antalya i januar.\u00a0<\/p>\n<p>        HamKams kamper f\u00f8r seriestart:<\/p>\n<ul>\n<li class=\"lab-bodytext-line\">30. januar: Lillestr\u00f8m \u2013 HamKam. LSK-hallen.<\/li>\n<li class=\"lab-bodytext-line\">6. februar: HamKam \u2013 Kongsvinger. LSK-hallen. <\/li>\n<li class=\"lab-bodytext-line\">13. februar: HamKam \u2013 Sarpsborg 08. LSK-hallen. <\/li>\n<li class=\"lab-bodytext-line\">18. februar: Kristiansund \u2013 HamKam. Marbella. <\/li>\n<li class=\"lab-bodytext-line\">25. februar: Haugesund \u2013 HamKam. Marbella. <\/li>\n<li class=\"lab-bodytext-line\">01. februar: HamKam \u2013 Lyn. Briskeby.<\/li>\n<li class=\"lab-bodytext-line\">7. mars. HamKam \u2013 Lillestr\u00f8m. 4. runde i NM (TV 2 Play).<\/li>\n<\/ul>\n<p>KFUM Oslo\u00a0<\/p>\n<p>Oslo-klubben skal til Tyrkia fra 10. januar til 24. januar og til Marbella fra 9. februar til 23. februar.\u00a0<\/p>\n<p>        KFUMs kamper f\u00f8r seriestart:<\/p>\n<ul>\n<li class=\"lab-bodytext-line\">TBA: KFUM \u2013 Skeid. TBA.<\/li>\n<li class=\"lab-bodytext-line\">7. februar: Lillestr\u00f8m \u2013 KFUM. LSK-hallen.<\/li>\n<li class=\"lab-bodytext-line\">17. februar: KFUM \u2013 Fredrikstad. Marbella. <\/li>\n<li class=\"lab-bodytext-line\">21. februar: KFUM \u2013 V\u00e5lerenga. Marbella. <\/li>\n<li class=\"lab-bodytext-line\">TBA: KFUM \u2013 Kongsvinger. Marbella. <\/li>\n<li class=\"lab-bodytext-line\">TBA: KFUM \u2013 Str\u00f8msgodset. TBA.<\/li>\n<li class=\"lab-bodytext-line\">7. mars: KFUM Oslo \u2013 Troms\u00f8. 4. runde i NM (TV 2 Play). <\/li>\n<\/ul>\n<p>        <img class=\"image__img lazyload\" itemprop=\"image\" title=\"Foto: Thomas Fure \/ NTB\" alt=\" Foto: Thomas Fure \/ NTB\" width=\"978\" height=\"656\" bad-src=\"https:\/\/www.europesays.com\/no\/wp-content\/uploads\/2025\/12\/18313092.webp\" fetchpriority=\"auto\" \/><\/p>\n<p>         Foto: Thomas Fure \/ NTB<\/p>\n<p>Kristiansund<\/p>\n<p>Amund Skiri og resten av Kristiansund reiser p\u00e5 treningsleir til Marbella fra 12. februar til 26. februar.\u00a0<\/p>\n<p>        Kristiansunds kamper f\u00f8r seriestart:<\/p>\n<ul>\n<li class=\"lab-bodytext-line\">\n<ul>\n<li>23. januar: Kristiansund \u2013 H\u00f8dd.<\/li>\n<li>30. januar: Aalesund \u2013 Kristiansund.<\/li>\n<li>6. februar: Molde \u2013 Kristiansund.<\/li>\n<li>15. februar: Kristiansund \u2013 Egersund. Marbella.<\/li>\n<li>18. februar: Kristiansund \u2013 HamKam. Marbella.<\/li>\n<li>25. februar: Kristiansund \u2013 Sarpsborg 08. Marbella. <\/li>\n<li>8. mars: Kristiansund \u2013 Ranheim.<\/li>\n<\/ul>\n<p><\/li>\n<\/ul>\n<p>Lillestr\u00f8m<\/p>\n<p>De nybakte cupvinnerne reiser til Marbella 16. februar og blir der til 28. februar.\u00a0<\/p>\n<p>        Lillestr\u00f8ms kamper f\u00f8r seriestart:<\/p>\n<ul>\n<li class=\"lab-bodytext-line\">24. januar: LSK \u2013 Sandefjord. LSK-hallen.<\/li>\n<li class=\"lab-bodytext-line\">30. januar: LSK \u2013 HamKam. LSK-hallen.<\/li>\n<li class=\"lab-bodytext-line\">31. januar: LSK \u2013 TBA. LSK-hallen.<\/li>\n<li class=\"lab-bodytext-line\">6. februar: LSK \u2013 Stab\u00e6k. LSK-hallen.<\/li>\n<li class=\"lab-bodytext-line\">7. februar: LSK \u2013 KFUM. LSK-hallen.<\/li>\n<li class=\"lab-bodytext-line\">13. februar: LSK \u2013 Str\u00f8msgodset. LSK-hallen.<\/li>\n<li class=\"lab-bodytext-line\">17. februar: LSK \u2013 Haugesund. Marbella.<\/li>\n<li class=\"lab-bodytext-line\">24. februar: LSK \u2013 Kongsvinger. Marbella.<\/li>\n<li class=\"lab-bodytext-line\">27. februar: LSK \u2013 Troms\u00f8. Marbella.<\/li>\n<li class=\"lab-bodytext-line\">7. mars: LSK \u2013 HamKam. 4. runde i NM (TV 2 Play).<\/li>\n<\/ul>\n<p>Start\u00a0<\/p>\n<p>Start skal pr\u00f8ve seg i Eliteserien igjen.\u00a0F\u00f8r det starter skal de til Marbella fra 19. februar til 1. mars.\u00a0<\/p>\n<p>        Starts kamper f\u00f8r seriestart:<\/p>\n<ul>\n<li class=\"lab-bodytext-line\">3. februar: Start \u2013 Vindbjart. Kristiansand.<\/li>\n<li class=\"lab-bodytext-line\">6. februar: Start \u2013 Viking. Stavanger.<\/li>\n<li class=\"lab-bodytext-line\">13. februar: Lyn \u2013 Start. Oslo.<\/li>\n<li class=\"lab-bodytext-line\">17. februar: Start \u2013 Donn. Kristiansand.<\/li>\n<li class=\"lab-bodytext-line\">24. februar: Start \u2013 Rosenborg. Marbella.<\/li>\n<li class=\"lab-bodytext-line\">28. februar: Start \u2013 Bryne. Marbella.<\/li>\n<li class=\"lab-bodytext-line\">8. mars: Start \u2013 Sandefjord. TBA.<\/li>\n<\/ul>\n<p>        <img class=\"image__img lazyload\" itemprop=\"image\" title=\"Foto: Christoffer Andersen \/ NTB\" alt=\" Foto: Christoffer Andersen \/ NTB\" width=\"978\" height=\"656\" bad-src=\"https:\/\/www.europesays.com\/no\/wp-content\/uploads\/2025\/12\/18359508.webp\" fetchpriority=\"auto\" \/><\/p>\n<p>         Foto: Christoffer Andersen \/ NTB<\/p>\n<p>Aalesund<\/p>\n<p>Aalesund kjempet seg gjennom kvalifiseringen og ble klare for eliteserien midt i adventstiden.\u00a0Kjetil Rekdal &amp; co. reiser til La Nucia fra 9. februar til 16. februar.<\/p>\n<p>        Aalesunds kamper f\u00f8r seriestart:<\/p>\n","protected":false},"excerpt":{"rendered":"Eliteserien 2025 er historie \u2013 og 2026-utgaven er rett rundt hj\u00f8rnet. Det er duket for rekordtidlig sesongstart: Allerede&hellip;\n","protected":false},"author":2,"featured_media":116324,"comment_status":"","ping_status":"","sticky":false,"template":"","format":"standard","meta":{"footnotes":""},"categories":[59],"tags":[30,28,29,83,82],"class_list":{"0":"post-116323","1":"post","2":"type-post","3":"status-publish","4":"format-standard","5":"has-post-thumbnail","7":"category-sport","8":"tag-no","9":"tag-norge","10":"tag-norway","11":"tag-sport","12":"tag-sports"},"share_on_mastodon":{"url":"https:\/\/pubeurope.com\/@no\/115739901518523565","error":""},"_links":{"self":[{"href":"https:\/\/www.europesays.com\/no\/wp-json\/wp\/v2\/posts\/116323","targetHints":{"allow":["GET"]}}],"collection":[{"href":"https:\/\/www.europesays.com\/no\/wp-json\/wp\/v2\/posts"}],"about":[{"href":"https:\/\/www.europesays.com\/no\/wp-json\/wp\/v2\/types\/post"}],"author":[{"embeddable":true,"href":"https:\/\/www.europesays.com\/no\/wp-json\/wp\/v2\/users\/2"}],"replies":[{"embeddable":true,"href":"https:\/\/www.europesays.com\/no\/wp-json\/wp\/v2\/comments?post=116323"}],"version-history":[{"count":0,"href":"https:\/\/www.europesays.com\/no\/wp-json\/wp\/v2\/posts\/116323\/revisions"}],"wp:featuredmedia":[{"embeddable":true,"href":"https:\/\/www.europesays.com\/no\/wp-json\/wp\/v2\/media\/116324"}],"wp:attachment":[{"href":"https:\/\/www.europesays.com\/no\/wp-json\/wp\/v2\/media?parent=116323"}],"wp:term":[{"taxonomy":"category","embeddable":true,"href":"https:\/\/www.europesays.com\/no\/wp-json\/wp\/v2\/categories?post=116323"},{"taxonomy":"post_tag","embeddable":true,"href":"https:\/\/www.europesays.com\/no\/wp-json\/wp\/v2\/tags?post=116323"}],"curies":[{"name":"wp","href":"https:\/\/api.w.org\/{rel}","templated":true}]}}