{"id":116327,"date":"2025-12-18T09:43:08","date_gmt":"2025-12-18T09:43:08","guid":{"rendered":"https:\/\/www.europesays.com\/no\/116327\/"},"modified":"2025-12-18T09:43:08","modified_gmt":"2025-12-18T09:43:08","slug":"togtrafikk-pa-oslo-s-stromproblemer-i-togtrafikken","status":"publish","type":"post","link":"https:\/\/www.europesays.com\/no\/116327\/","title":{"rendered":"Togtrafikk p\u00e5 Oslo S: Str\u00f8mproblemer i togtrafikken"},"content":{"rendered":"<p class=\"extendedContent hyperion-css-eyn926\" data-test-tag=\"lead-text\">Det er forsinkelser og innstillinger i togtrafikken p\u00e5 Oslo sentralstasjon p\u00e5 grunn av str\u00f8mproblemer.<\/p>\n<p class=\"paywall hyperion-css-1j42uic\"> Det kan ta tid f\u00f8r problemene blir l\u00f8st, opplyser <a aria-label=\"Bane Nor\" class=\"breaking-short hyperion-css-1raymq9\" href=\"https:\/\/www.banenor.no\/reise-og-trafikk\/trafikkmeldinger\/\" target=\"_blank\" rel=\"noopener nofollow noreferrer\" data-test-tag=\"external-link\">Bane Nor<\/a> i en trafikkmelding i 9-tiden torsdag. Det jobbes med \u00e5 rette feilen.<\/p>\n<p class=\"paywall hyperion-css-1j42uic\"> Pressevakt i Bane Nor, Anne Kirkhusmo, sier til <a aria-label=\"Nettavisen \" class=\"breaking-short hyperion-css-1raymq9\" href=\"https:\/\/www.nettavisen.no\/nyheter\/stromtrobbel-pa-oslo-s-skaper-trobbel-pa-drammensbanen\/s\/5-95-2786540\" target=\"_blank\" rel=\"noopener nofollow noreferrer\" data-test-tag=\"external-link\">Nettavisen <\/a> at det ikke er str\u00f8m mellom spor 5 og spor 8, og at det f\u00e5r konsekvenser for togtrafikken.<\/p>\n<p class=\"paywall hyperion-css-1j42uic\">Det kj\u00f8res fortsatt tog p\u00e5 alle banestrekninger, men f\u00e6rre tog.<\/p>\n<p class=\"paywall hyperion-css-1j42uic\">Flytoget kj\u00f8rer med 20 minutters mellomrom i stedet for ti, Gj\u00f8vikbanen snur p\u00e5 Grefsen stasjon i stedet for Oslo S, og Dal kj\u00f8rer ikke videre til Drammen, men snur p\u00e5 Oslo S.<\/p>\n<p class=\"paywall hyperion-css-1j42uic\">\u2013 Forel\u00f8pig er det mest innstillinger, men det er noen forsinkelser, og det kan bli f\u00f8lgeforsinkelser, sier Kirkhusmo. <\/p>\n<p class=\"paywall hyperion-css-1j42uic\">Hun beklager problemene det f\u00e5r for de reisende.<\/p>\n","protected":false},"excerpt":{"rendered":"Det er forsinkelser og innstillinger i togtrafikken p\u00e5 Oslo sentralstasjon p\u00e5 grunn av str\u00f8mproblemer. Det kan ta tid&hellip;\n","protected":false},"author":2,"featured_media":914,"comment_status":"","ping_status":"","sticky":false,"template":"","format":"standard","meta":{"footnotes":""},"categories":[10],"tags":[20,21,24,25,15,22,23,13,30,28,29,14,16,26,27],"class_list":{"0":"post-116327","1":"post","2":"type-post","3":"status-publish","4":"format-standard","5":"has-post-thumbnail","7":"category-norge","8":"tag-breaking-news","9":"tag-breakingnews","10":"tag-featured-news","11":"tag-featurednews","12":"tag-headlines","13":"tag-latest-news","14":"tag-latestnews","15":"tag-news","16":"tag-no","17":"tag-norge","18":"tag-norway","19":"tag-nyheter","20":"tag-overskrifter","21":"tag-top-stories","22":"tag-topstories"},"share_on_mastodon":{"url":"https:\/\/pubeurope.com\/@no\/115739925103580579","error":""},"_links":{"self":[{"href":"https:\/\/www.europesays.com\/no\/wp-json\/wp\/v2\/posts\/116327","targetHints":{"allow":["GET"]}}],"collection":[{"href":"https:\/\/www.europesays.com\/no\/wp-json\/wp\/v2\/posts"}],"about":[{"href":"https:\/\/www.europesays.com\/no\/wp-json\/wp\/v2\/types\/post"}],"author":[{"embeddable":true,"href":"https:\/\/www.europesays.com\/no\/wp-json\/wp\/v2\/users\/2"}],"replies":[{"embeddable":true,"href":"https:\/\/www.europesays.com\/no\/wp-json\/wp\/v2\/comments?post=116327"}],"version-history":[{"count":0,"href":"https:\/\/www.europesays.com\/no\/wp-json\/wp\/v2\/posts\/116327\/revisions"}],"wp:featuredmedia":[{"embeddable":true,"href":"https:\/\/www.europesays.com\/no\/wp-json\/wp\/v2\/media\/914"}],"wp:attachment":[{"href":"https:\/\/www.europesays.com\/no\/wp-json\/wp\/v2\/media?parent=116327"}],"wp:term":[{"taxonomy":"category","embeddable":true,"href":"https:\/\/www.europesays.com\/no\/wp-json\/wp\/v2\/categories?post=116327"},{"taxonomy":"post_tag","embeddable":true,"href":"https:\/\/www.europesays.com\/no\/wp-json\/wp\/v2\/tags?post=116327"}],"curies":[{"name":"wp","href":"https:\/\/api.w.org\/{rel}","templated":true}]}}