{"id":116328,"date":"2025-12-18T09:45:13","date_gmt":"2025-12-18T09:45:13","guid":{"rendered":"https:\/\/www.europesays.com\/no\/116328\/"},"modified":"2025-12-18T09:45:13","modified_gmt":"2025-12-18T09:45:13","slug":"senegals-stjernespiller-assane-diao-er-skadet-for-afrikamesterskapet","status":"publish","type":"post","link":"https:\/\/www.europesays.com\/no\/116328\/","title":{"rendered":"Senegals stjernespiller Assane Diao er skadet f\u00f8r Afrikamesterskapet"},"content":{"rendered":"\n<p class=\"_lead_o9xde_2 _lead_xtcu6_50 layout-component text-serif-m layout-normal text-serif-l layout-component layout-wide layout-padded _wide_17hqh_1 layout-padded\">Norges VM-motstander m\u00e5 klare seg uten Assane Diao (20) i Afrikamesterskapet etter kontroverser og skader.<\/p>\n<p><img alt=\"Assane Diao (i m\u00f8rk drakt) ble skadet mot Roma. Her i duell mot Wesley. Foto: Marco Iacobucci\/IPA Sport \/ ipa-agency.net \/ Pa Photos \/ NTB\" class=\"_image_qp4xg_65 layout-component layout-wide\" data-fullscreen- data-track-element-type=\"Article image fullscreen\" data-track-name=\"ImageFullscreen\" fetchpriority=\"high\" decoding=\"sync\" loading=\"eager\" height=\"2835\" itemprop=\"image\"  src=\"https:\/\/www.europesays.com\/no\/wp-content\/uploads\/2025\/12\/fef270d8-0c78-4a1b-a9b3-5a089ae80410\"  style=\"object-position:0% 0%\" width=\"4252\"\/>Assane Diao (i m\u00f8rk drakt) ble skadet mot Roma. Her i duell mot Wesley. Foto: Marco Iacobucci\/IPA Sport \/ ipa-agency.net \/ Pa Photos \/ NTB<\/p>\n<ul aria-hidden=\"true\" class=\"_images_ntbth_112\">\n<li><a class=\"_link_ntbth_117\" href=\"https:\/\/www.vg.no\/forfatter\/herman-folvik\" style=\"z-index:1\" title=\"Herman Folvik\" rel=\"nofollow noopener\" target=\"_blank\"><img alt=\"Bilde av Herman Folvik\" class=\"_image_ntbth_93\" fetchpriority=\"low\" loading=\"lazy\" decoding=\"async\" itemprop=\"image\"  src=\"https:\/\/www.europesays.com\/no\/wp-content\/uploads\/2025\/12\/1766051110_523_b8d5eb91-9fa9-460c-b9f0-da310ffe35dd\"  width=\"480\"\/><\/a><\/li>\n<\/ul>\n<p> Oppdatert torsdag 18. desember kl. 10:23    <\/p>\n<ul class=\"_list_o9xde_3 _list_64s2r_85 _unordered_o9xde_106 text-sans-m\">\n<li class=\"_item_o9xde_30\">Assane Diao (20) mister Afrikamesterskapet etter gjentatte skader og kontroverser.<\/li>\n<li class=\"_item_o9xde_30\">Raseriet flommer mot Como-trener Cesc F\u00e0bregas i sosiale medier fra senegalesiske fans.<\/li>\n<li class=\"_item_o9xde_30\">Norge m\u00f8ter Senegal, Frankrike og Bolivia\/Surinam\/Irak i fotball-VM til sommeren.<\/li>\n<\/ul>\n<p>Vis mer <\/p>\n<p class=\"_paragraph_o9xde_4 _paragraph_xtcu6_10 layout-component text-serif-m layout-normal text-serif-m layout-padded\">Angriperen imponerte stort for overraskelseslaget Como i Serie A sist sesong Como i Serie A sist sesongComo ble nummer ti i sin f\u00f8rste sesong p\u00e5 h\u00f8yeste niv\u00e5 p\u00e5 21 \u00e5r.  med \u00e5tte m\u00e5l p\u00e5 15 kamper etter at han kom fra Real Betis i januar. <\/p>\n<p class=\"_paragraph_o9xde_4 _paragraph_xtcu6_10 layout-component text-serif-m layout-normal text-serif-m layout-padded\">Frem til han ble skadet i foten i april. F\u00f8rst i oktober var han tilbake og bidro i fire kamper for Como, f\u00f8r han skadet hamstringen under landslagspausenlandslagspausenSenegal spilte to treningskamper mot Brasil (2-0-seier) og Kenya (8-0-seier). i november. <\/p>\n<p class=\"_paragraph_o9xde_4 _paragraph_xtcu6_10 layout-component text-serif-m layout-normal text-serif-m layout-padded\">Mandag skjedde det fatale da han startet i 0\u20131-tapet for Roma. I siste kamp f\u00f8r avreise til Afrikamesterskapet med Como skadet han seg igjen i l\u00e5ret &#8230;<\/p>\n<ul class=\"_list_o9xde_3 _list_xtcu6_9 _unordered_o9xde_106 layout-component text-serif-m layout-normal text-serif-m layout-padded\">\n<li class=\"_item_o9xde_30\"><a href=\"https:\/\/www.vg.no\/sport\/i\/ny5q8Q\/vg-sport-viser-afrikamesterskapet-i-fotball\" data-track-element-type=\"Link\" data-track-id=\"link:ny5q8Q\" class=\"_link_o9xde_39\" rel=\"nofollow noopener\" target=\"_blank\"><strong class=\"_strong_o9xde_25\">Alt fra Afrikamesterskapet ser du p\u00e5 VG+Sport fra 21. desember<\/strong><\/a><\/li>\n<\/ul>\n<p class=\"_paragraph_o9xde_4 _paragraph_xtcu6_10 layout-component text-serif-m layout-normal text-serif-m layout-padded\">P\u00e5 det siste innlegget til Como-trener Cesc F\u00e0bregas p\u00e5 Instagram, er kommentarfeltet oversv\u00f8mt av raseri fra senegalesiske fans. <\/p>\n<p class=\"_paragraph_o9xde_4 _paragraph_xtcu6_10 layout-component text-serif-m layout-normal text-serif-m layout-padded\">Mens dens den gamle midtbaneeleganten derimot er frustrert over det senegalesiske fotballforbundet.<\/p>\n<p class=\"_paragraph_o9xde_4 _paragraph_xtcu6_10 layout-component text-serif-m layout-normal text-serif-m layout-padded\">\u2013 Jeg ba dem om \u00e5 ikke kalle ham inn til Afrikamesterskapet. P\u00e5 \u00e5tte m\u00e5neder har han spilt bare et par omganger og en hel kamp, sier Fabregas til Sky Sports Italia.<\/p>\n<p><img alt=\"Cesc F\u00e0bregas har f\u00e5tt mye anerkjennelse for trenerjobben i Como.  Foto: Marco Iacobucci\/IPA Sport \/ ipa-agency.net \/ Pa Photos \/ NTB\" class=\"_image_qp4xg_65 layout-component layout-normal\" data-fullscreen- data-track-element-type=\"Article image fullscreen\" data-track-name=\"ImageFullscreen\" decoding=\"async\" loading=\"lazy\" height=\"2835\" itemprop=\"image\"  src=\"https:\/\/www.europesays.com\/no\/wp-content\/uploads\/2025\/12\/7ca7c55a-1e85-4b26-8bdb-ef7200f625bd\"  style=\"object-position:0% 0%\" width=\"4252\"\/>Cesc F\u00e0bregas har f\u00e5tt mye anerkjennelse for trenerjobben i Como.  Foto: Marco Iacobucci\/IPA Sport \/ ipa-agency.net \/ Pa Photos \/ NTB<\/p>\n<p class=\"_paragraph_o9xde_4 _paragraph_xtcu6_10 layout-component text-serif-m layout-normal text-serif-m layout-padded\">\u2013 Jeg synes synd p\u00e5 gutten. For han burde ikke spilt. Men jeg sa til meg selv: I morgen drar han med landslaget i fem uker. Vi betaler l\u00f8nnen hans og han er en veldig sterk spiller for oss. La oss i det minste pr\u00f8ve.<\/p>\n<p class=\"_paragraph_o9xde_4 _paragraph_xtcu6_10 layout-component text-serif-m layout-normal text-serif-m layout-padded\">Han hevder at han f\u00f8lte seg truet av Senegal-trener Pape Thiaw.<\/p>\n<p class=\"_paragraph_o9xde_4 _paragraph_xtcu6_10 layout-component text-serif-m layout-normal text-serif-m layout-padded\">\u2013 Han sa til meg at hvis Diao ikke dro til Afrikamesterskapet, ville han definitivt ikke dra til VM. Jeg likte ikke det og det var en ubehagelig samtale. Det er en 20 \u00e5r gammel spiller med en karriere foran seg, jeg forst\u00e5r ikke \u00e5 spille p\u00e5 frykt da. <\/p>\n<ul class=\"_list_o9xde_3 _list_xtcu6_9 _unordered_o9xde_106 layout-component text-serif-m layout-normal text-serif-m layout-padded\">\n<li class=\"_item_o9xde_30\"><a href=\"https:\/\/tv.vg.no\/kategori\/3\/sport\" class=\"_link_o9xde_39\" rel=\"nofollow noopener\" target=\"_blank\"><strong class=\"_strong_o9xde_25\">Alt fra Serie A ser du p\u00e5 VG+Sport<\/strong><\/a><\/li>\n<\/ul>\n<p class=\"_paragraph_o9xde_4 _paragraph_xtcu6_10 layout-component text-serif-m layout-normal text-serif-m layout-padded\">Norge er i gruppe med Senegal, Frankrike og Bolivia\/Surinam\/Irak Bolivia\/Surinam\/Irak Nasjonene skal ut i playoff. i fotball-VM til sommeren.<\/p>\n<p class=\"_paragraph_o9xde_4 _paragraph_xtcu6_10 layout-component text-serif-m layout-normal text-serif-m layout-padded\">\u2013 Diao gj\u00f8r det bra i Como og jeg forst\u00e5r at de vil beholde ham. Jeg snakket personlig med Fabregas. Han pr\u00f8ve \u00e5 overbevise meg, men jeg forsvarer interessene til nasjonen v\u00e5r over alt annet, har Thiaw sagt p\u00e5 en pressekonferanse i Senegal. <\/p>\n<p><img alt=\"Diao m\u00e5tte forlate Stadio Olimpico p\u00e5 krykker mandag.   Foto: Roberto Ramaccia\/IPA Sport \/ ipa-agency.net \/ Pa Photos \/ NTB\" class=\"_image_qp4xg_65 layout-component layout-normal\" data-fullscreen- data-track-element-type=\"Article image fullscreen\" data-track-name=\"ImageFullscreen\" decoding=\"async\" loading=\"lazy\" height=\"2362\" itemprop=\"image\"  src=\"https:\/\/www.europesays.com\/no\/wp-content\/uploads\/2025\/12\/c98b5a7d-b1a1-4245-b7df-d5328f348f06\"  style=\"object-position:0% 0%\" width=\"3543\"\/>Diao m\u00e5tte forlate Stadio Olimpico p\u00e5 krykker mandag.   Foto: Roberto Ramaccia\/IPA Sport \/ ipa-agency.net \/ Pa Photos \/ NTB<\/p>\n<p class=\"_paragraph_o9xde_4 _paragraph_xtcu6_10 layout-component text-serif-m layout-normal text-serif-m layout-padded\">Senegal er blant favorittene i Afrikamesterskapet sammen med Marokko, Algerie og Egypt. <\/p>\n<p class=\"_paragraph_o9xde_4 _paragraph_xtcu6_10 layout-component text-serif-m layout-normal text-serif-m layout-padded\">\u2013 Vi \u00f8nsker \u00e5 bringe pokalen til v\u00e5rt vakre land, Senegal, til stor glede for v\u00e5rt folk og v\u00e5re familier, sa lagkaptein Kalidou Koulibaly i en tale p\u00e5 en seremoni hos den senegalesiske regjeringen som ledes av statsminister Ousmane Sonko. <\/p>\n<p class=\"_paragraph_o9xde_4 _paragraph_xtcu6_10 layout-component text-serif-m layout-normal text-serif-m layout-padded\">Torsdag kveld: Milan mot Napoli i Supercoppa Italia <\/p>\n<p class=\"_paragraph_o9xde_4 _paragraph_xtcu6_10 layout-component text-serif-m layout-normal text-serif-m layout-padded\">Fredag kveld: Inter mot Bologna i Supercoppa Italia<\/p>\n","protected":false},"excerpt":{"rendered":"Norges VM-motstander m\u00e5 klare seg uten Assane Diao (20) i Afrikamesterskapet etter kontroverser og skader. Assane Diao (i&hellip;\n","protected":false},"author":2,"featured_media":116329,"comment_status":"","ping_status":"","sticky":false,"template":"","format":"standard","meta":{"footnotes":""},"categories":[59],"tags":[12926,14038,1503,4472,30,28,29,14012,1067,83,82],"class_list":{"0":"post-116328","1":"post","2":"type-post","3":"status-publish","4":"format-standard","5":"has-post-thumbnail","7":"category-sport","8":"tag-afrikamesterskapet-i-fotball","9":"tag-cesc-fabregas","10":"tag-como-calcio","11":"tag-fotball-vm","12":"tag-no","13":"tag-norge","14":"tag-norway","15":"tag-senegals-herrelandslag-fotball","16":"tag-serie-a","17":"tag-sport","18":"tag-sports"},"share_on_mastodon":{"url":"https:\/\/pubeurope.com\/@no\/115739933181560514","error":""},"_links":{"self":[{"href":"https:\/\/www.europesays.com\/no\/wp-json\/wp\/v2\/posts\/116328","targetHints":{"allow":["GET"]}}],"collection":[{"href":"https:\/\/www.europesays.com\/no\/wp-json\/wp\/v2\/posts"}],"about":[{"href":"https:\/\/www.europesays.com\/no\/wp-json\/wp\/v2\/types\/post"}],"author":[{"embeddable":true,"href":"https:\/\/www.europesays.com\/no\/wp-json\/wp\/v2\/users\/2"}],"replies":[{"embeddable":true,"href":"https:\/\/www.europesays.com\/no\/wp-json\/wp\/v2\/comments?post=116328"}],"version-history":[{"count":0,"href":"https:\/\/www.europesays.com\/no\/wp-json\/wp\/v2\/posts\/116328\/revisions"}],"wp:featuredmedia":[{"embeddable":true,"href":"https:\/\/www.europesays.com\/no\/wp-json\/wp\/v2\/media\/116329"}],"wp:attachment":[{"href":"https:\/\/www.europesays.com\/no\/wp-json\/wp\/v2\/media?parent=116328"}],"wp:term":[{"taxonomy":"category","embeddable":true,"href":"https:\/\/www.europesays.com\/no\/wp-json\/wp\/v2\/categories?post=116328"},{"taxonomy":"post_tag","embeddable":true,"href":"https:\/\/www.europesays.com\/no\/wp-json\/wp\/v2\/tags?post=116328"}],"curies":[{"name":"wp","href":"https:\/\/api.w.org\/{rel}","templated":true}]}}