{"id":116360,"date":"2025-12-18T10:26:12","date_gmt":"2025-12-18T10:26:12","guid":{"rendered":"https:\/\/www.europesays.com\/no\/116360\/"},"modified":"2025-12-18T10:26:12","modified_gmt":"2025-12-18T10:26:12","slug":"svensk-19-aring-utlevert-fra-spania","status":"publish","type":"post","link":"https:\/\/www.europesays.com\/no\/116360\/","title":{"rendered":"Svensk 19-\u00e5ring utlevert fra Spania"},"content":{"rendered":"<p>Tirsdag ble en 19 \u00e5r gammel mann fra Sverige hentet i Spania, f\u00f8r han ble utlevert til Norge p\u00e5 bakgrunn av en arrestordre fra oktober.<\/p>\n<p>I Spania satt han fengslet i en annen sak, men if\u00f8lge TV 2s opplysninger knyttes 19-\u00e5ringen til en p\u00e5g\u00e5ende og mye omtalt etterforskning om drapsforbund i Vestfold.<\/p>\n<p>Onsdag ble han fengslet i fire uker med brev- og bes\u00f8ksforbud i Vestfold tingrett, siktet for drapsforbund. Fengslingen begrunnes med bevisforspillelsesfare.<\/p>\n<p>        <img class=\"image__img lazyload\" itemprop=\"image\" title=\"Foto: Cornelius Poppe \/ NTB\" alt=\"BAST\u00d8Y FENGSEL: Bast\u00f8y fengsel i Horten er Norges st\u00f8rste lavsikkerhetsfengsel. Foto: Cornelius Poppe \/ NTB\" width=\"607\" height=\"407\" bad-src=\"https:\/\/www.europesays.com\/no\/wp-content\/uploads\/2025\/12\/18227135.webp\" fetchpriority=\"auto\" \/><\/p>\n<p>      BAST\u00d8Y FENGSEL: Bast\u00f8y fengsel i Horten er Norges st\u00f8rste lavsikkerhetsfengsel.<br \/>\n         Foto: Cornelius Poppe \/ NTB<\/p>\n<p>Drapsplaner<\/p>\n<p> \u2013 Han er siktet for \u00e5 ha v\u00e6rt en del av et drapsforbund mot en forn\u00e6rmet som var innsatt p\u00e5 Bast\u00f8y fengsel. Over en periode forut for 28. juli 2024, sier politiadvokat Fredrik Borg Johannesen.<\/p>\n<p>En gjengleder skal ha v\u00e6rt m\u00e5l for drapsplanene.<\/p>\n<p>Siktede har forel\u00f8pig ikke \u00f8nsket \u00e5 forklare seg, sier Johannesen. Et tosifret antall personer er involvert i Bast\u00f8y-saken, opplyser politiadvokaten.<\/p>\n<p>\u2013 B\u00e5de svenske og norske statsborgere er involvert.<\/p>\n<p>Mannen ble hentet fra Marbella-omr\u00e5det, s\u00f8r i Spania. Johannesen har ikke kjennskap til hva han satt fengslet for i Spania.<\/p>\n<p>    <a class=\"article__link\" data-ga-active-label=\"\" data-ga-active-label-animation=\"\" href=\"https:\/\/www.tv2.no\/nyheter\/innenriks\/avslorte-drapschat-om-betew-venn-give-him-gun\/17707566\/\" rel=\"nofollow noopener\" target=\"_blank\"><\/p>\n<p>    <img class=\"image__img lazyload\" itemprop=\"image\" title=\"\" alt=\"\" width=\"978\" height=\"411\" bad-src=\"https:\/\/www.europesays.com\/no\/wp-content\/uploads\/2025\/12\/17707723.webp\" fetchpriority=\"auto\" \/><\/p>\n<p>\n            Avsl\u00f8rte drapschat om Betew-venn: \u00abGive him gun\u00bb\n        <\/p>\n<p>    <\/a><\/p>\n<p>Nekter straffskyld<\/p>\n<p>P\u00e5talemyndigheten mener alts\u00e5 at siktede skal ha v\u00e6rt involvert i en avtale med to eller flere personer om \u00e5 utf\u00f8re et drap eller p\u00e5f\u00f8re noen betydelig skade.<\/p>\n<p> \u2013 Han erkjenner ikke straffskyld, opplyser mannens forsvarer, advokat Christofer Arn\u00f8 til TV 2.<\/p>\n<p>Jakter flere personer<\/p>\n<p>P\u00e5talemyndigheten mener siktede har handlet som en del av en organisert kriminell gruppe.<\/p>\n<p>\u00abEtterforskningen har p\u00e5g\u00e5tt i lengre<br \/>\ntid, men politiet har oppgitt at det fremdeles gjenst\u00e5r etterforskningsskritt, herunder \u00e5<br \/>\nidentifisere eventuelle \u00f8vrige involverte\u00bb, skriver retten i fengslingskjennelsen som TV 2 har sett.<\/p>\n<p>Forbund om drap har en strafferamme p\u00e5 inntil 10 \u00e5rs fengsel.<\/p>\n<p>Politiet har forel\u00f8pig ikke besvart TV 2s henvendelse.<\/p>\n","protected":false},"excerpt":{"rendered":"Tirsdag ble en 19 \u00e5r gammel mann fra Sverige hentet i Spania, f\u00f8r han ble utlevert til Norge&hellip;\n","protected":false},"author":2,"featured_media":116361,"comment_status":"","ping_status":"","sticky":false,"template":"","format":"standard","meta":{"footnotes":""},"categories":[10],"tags":[20,21,24,25,15,22,23,13,30,28,29,14,16,26,27],"class_list":{"0":"post-116360","1":"post","2":"type-post","3":"status-publish","4":"format-standard","5":"has-post-thumbnail","7":"category-norge","8":"tag-breaking-news","9":"tag-breakingnews","10":"tag-featured-news","11":"tag-featurednews","12":"tag-headlines","13":"tag-latest-news","14":"tag-latestnews","15":"tag-news","16":"tag-no","17":"tag-norge","18":"tag-norway","19":"tag-nyheter","20":"tag-overskrifter","21":"tag-top-stories","22":"tag-topstories"},"share_on_mastodon":{"url":"https:\/\/pubeurope.com\/@no\/115740094155524341","error":""},"_links":{"self":[{"href":"https:\/\/www.europesays.com\/no\/wp-json\/wp\/v2\/posts\/116360","targetHints":{"allow":["GET"]}}],"collection":[{"href":"https:\/\/www.europesays.com\/no\/wp-json\/wp\/v2\/posts"}],"about":[{"href":"https:\/\/www.europesays.com\/no\/wp-json\/wp\/v2\/types\/post"}],"author":[{"embeddable":true,"href":"https:\/\/www.europesays.com\/no\/wp-json\/wp\/v2\/users\/2"}],"replies":[{"embeddable":true,"href":"https:\/\/www.europesays.com\/no\/wp-json\/wp\/v2\/comments?post=116360"}],"version-history":[{"count":0,"href":"https:\/\/www.europesays.com\/no\/wp-json\/wp\/v2\/posts\/116360\/revisions"}],"wp:featuredmedia":[{"embeddable":true,"href":"https:\/\/www.europesays.com\/no\/wp-json\/wp\/v2\/media\/116361"}],"wp:attachment":[{"href":"https:\/\/www.europesays.com\/no\/wp-json\/wp\/v2\/media?parent=116360"}],"wp:term":[{"taxonomy":"category","embeddable":true,"href":"https:\/\/www.europesays.com\/no\/wp-json\/wp\/v2\/categories?post=116360"},{"taxonomy":"post_tag","embeddable":true,"href":"https:\/\/www.europesays.com\/no\/wp-json\/wp\/v2\/tags?post=116360"}],"curies":[{"name":"wp","href":"https:\/\/api.w.org\/{rel}","templated":true}]}}