{"id":116380,"date":"2025-12-18T10:51:14","date_gmt":"2025-12-18T10:51:14","guid":{"rendered":"https:\/\/www.europesays.com\/no\/116380\/"},"modified":"2025-12-18T10:51:14","modified_gmt":"2025-12-18T10:51:14","slug":"statnett-feilberegnet-hoyden-pa-luftspenn","status":"publish","type":"post","link":"https:\/\/www.europesays.com\/no\/116380\/","title":{"rendered":"Statnett feilberegnet h\u00f8yden p\u00e5 luftspenn"},"content":{"rendered":"<p class=\"txt-ind\">\u2013 Feil informasjon i sj\u00f8kart og feil merking av luftspenn kan medf\u00f8re betydelig risiko for sj\u00f8sikkerheten og i verste fall f\u00f8re til tap av liv eller alvorlig helseskade, skriver Kystverket i et brev til Statnett som <a href=\"https:\/\/energiteknikk.net\/2025\/12\/statnett-feilberegnet-hoyden-pa-luftspenn-med-opptil-9-meter\/\" target=\"_blank\" rel=\"noopener nofollow\">Energiteknikk <\/a> har sett.<\/p>\n<p class=\"txt-ind\">Kystverket vurderer situasjonen som sv\u00e6rt alvorlig, heter det i brevet. Det er uklart hvor omfattende feilm\u00e5lingene er.<\/p>\n<p class=\"txt-ind\">\u2013 Etter Kystverkets tolkning kan dette potensielt gjelde alle Statnetts luftspenn, og ikke bare de som er identifisert s\u00e5 langt, skriver etaten.<\/p>\n<p class=\"txt-ind\">Luftspennene som er identifisert med usikre h\u00f8yder s\u00e5 langt ligger p\u00e5 Vestlandet.<\/p>\n<p class=\"txt-ind\">De ber\u00f8rte fjordene er Matrefjorden, Hardangerfjorden, Maurangerfjorden, Tyssesund, Djupvika, Dalseidvika, Trengereidfjorden, Grimstadfjorden, og Olsvika.<\/p>\n<p class=\"txt-ind\">Statnett er n\u00e5 p\u00e5lagt \u00e5 gjennomf\u00f8re en full gjennomgang av luftspenn langs hele kysten og sende Kystverket en plan for hvordan feilene skal rettes innen 15. januar. Statnett opplyser at de vil svare innen fristen.<\/p>\n<p class=\"txt-ind\">\u2013 Vi vil g\u00e5 i dialog med Kystverket om videre oppf\u00f8lging og er allerede i gang med kvalitetssikring av seilingsh\u00f8yder for enkelte spenn, skriver selskapet i en kommentar.<\/p>\n","protected":false},"excerpt":{"rendered":"\u2013 Feil informasjon i sj\u00f8kart og feil merking av luftspenn kan medf\u00f8re betydelig risiko for sj\u00f8sikkerheten og i&hellip;\n","protected":false},"author":2,"featured_media":116381,"comment_status":"","ping_status":"","sticky":false,"template":"","format":"standard","meta":{"footnotes":""},"categories":[10],"tags":[20,21,382,24,25,15,14041,22,23,13,30,28,29,14,16,26,27],"class_list":{"0":"post-116380","1":"post","2":"type-post","3":"status-publish","4":"format-standard","5":"has-post-thumbnail","7":"category-norge","8":"tag-breaking-news","9":"tag-breakingnews","10":"tag-energi","11":"tag-featured-news","12":"tag-featurednews","13":"tag-headlines","14":"tag-kraftledninger","15":"tag-latest-news","16":"tag-latestnews","17":"tag-news","18":"tag-no","19":"tag-norge","20":"tag-norway","21":"tag-nyheter","22":"tag-overskrifter","23":"tag-top-stories","24":"tag-topstories"},"share_on_mastodon":{"url":"https:\/\/pubeurope.com\/@no\/115740192686495806","error":""},"_links":{"self":[{"href":"https:\/\/www.europesays.com\/no\/wp-json\/wp\/v2\/posts\/116380","targetHints":{"allow":["GET"]}}],"collection":[{"href":"https:\/\/www.europesays.com\/no\/wp-json\/wp\/v2\/posts"}],"about":[{"href":"https:\/\/www.europesays.com\/no\/wp-json\/wp\/v2\/types\/post"}],"author":[{"embeddable":true,"href":"https:\/\/www.europesays.com\/no\/wp-json\/wp\/v2\/users\/2"}],"replies":[{"embeddable":true,"href":"https:\/\/www.europesays.com\/no\/wp-json\/wp\/v2\/comments?post=116380"}],"version-history":[{"count":0,"href":"https:\/\/www.europesays.com\/no\/wp-json\/wp\/v2\/posts\/116380\/revisions"}],"wp:featuredmedia":[{"embeddable":true,"href":"https:\/\/www.europesays.com\/no\/wp-json\/wp\/v2\/media\/116381"}],"wp:attachment":[{"href":"https:\/\/www.europesays.com\/no\/wp-json\/wp\/v2\/media?parent=116380"}],"wp:term":[{"taxonomy":"category","embeddable":true,"href":"https:\/\/www.europesays.com\/no\/wp-json\/wp\/v2\/categories?post=116380"},{"taxonomy":"post_tag","embeddable":true,"href":"https:\/\/www.europesays.com\/no\/wp-json\/wp\/v2\/tags?post=116380"}],"curies":[{"name":"wp","href":"https:\/\/api.w.org\/{rel}","templated":true}]}}