{"id":116419,"date":"2025-12-18T11:42:45","date_gmt":"2025-12-18T11:42:45","guid":{"rendered":"https:\/\/www.europesays.com\/no\/116419\/"},"modified":"2025-12-18T11:42:45","modified_gmt":"2025-12-18T11:42:45","slug":"david-eriksen-om-aldersforskjellen-med-louise-angelica-riise-2","status":"publish","type":"post","link":"https:\/\/www.europesays.com\/no\/116419\/","title":{"rendered":"David Eriksen om aldersforskjellen med Louise Angelica Riise"},"content":{"rendered":"<p class=\"kicker \" style=\"\">David Eriksen:\u00a0<\/p>\n<p>  Kjendismanagaren \u00e5pner opp om aldersforskjellen p\u00e5 23 \u00e5r med kj\u00e6resten Louise Angelica Riise.\u00a0<\/p>\n<p>\n    KJ\u00c6RESTER: Louise Angelica Riise og David Eriksen bekreftet at de var kj\u00e6rester i 2023. Foto: Shad Madian \/ Se og H\u00f8r\n  <\/p>\n<p>Louise Angelica Riise (35) og David Eriksen (58) har de siste \u00e5ra v\u00e6rt et av kjendisnorges mest profilerte par.\u00a0<\/p>\n<p>Det norske folk har fulgt livene deres tett i realityserien \u00abAlle elsker David\u00bb, og i romjula kommer det en ny sesong p\u00e5 TV 2.\u00a0<\/p>\n<p class=\"font-weight-normal m-font-weight-normal\" data-lab-font_weight=\"font-weight-normal\">Denne uka er David Eriksen gjest i podkasten <a href=\"https:\/\/podme.com\/no\/podkast\/ida-med-hjertet-i-handen\/\" style=\"font-weight: 400;\" rel=\"nofollow noopener\" target=\"_blank\">\u00abIda med hjertet i h\u00e5nden\u00bb<\/a>, der han gir et innblikk i forholdet.<\/p>\n<p>    <a itemprop=\"url\" href=\"https:\/\/www.dagbladet.no\/kjendis\/na-skilles-de\/83961215\" rel=\"nofollow noopener\" target=\"_blank\"><\/p>\n<p>        <img loading=\"lazy\" decoding=\"async\" src=\"https:\/\/www.europesays.com\/no\/wp-content\/uploads\/2025\/12\/83961396.webp\" width=\"980\" height=\"441\" title=\"Bekrefter skilsmisse: - Det skjer\" alt=\"\" class=\"lazyload\" style=\"--aspect-ratio-image: 2.22; \"\/><\/p>\n<p>        Bekrefter skilsmisse: &#8211; Det skjer<\/p>\n<p>    <\/a><\/p>\n<p>&#8211; Man blir livredd\t<\/p>\n<p>N\u00e5, to og et halvt \u00e5r etter at paret bekreftet forholdet, g\u00e5r det framdeles veldig bra mellom dem, sier Eriksen i podkasten. I 2024 bekreftet Riise at hun og Eriksen hadde flyttet inn sammen.\u00a0<\/p>\n<p> &#8211; N\u00e5 har jeg det bra med David. Jeg er i dag p\u00e5 et veldig bra sted i livet, alt kjennes trygt og godt &#8211; og Colin er ogs\u00e5 blitt veldig glad i David, sa hun til\u00a0<a href=\"https:\/\/www.dagbladet.no\/tema\/etter-sjokkbruddet-roper-ny-hemmelighet\/81148746\" rel=\"nofollow noopener\" target=\"_blank\">Dagbladet Pluss<\/a>\u00a0i mars 2024. <\/p>\n<p>        ILLSINT: David Eriksen blir forbanna n\u00e5r Sebastian Solberg lurer han til \u00e5 m\u00e5tte svare p\u00e5 pikante sp\u00f8rsm\u00e5l i \u00abAlle elsker David\u00bb.<\/p>\n<p>Colin er Riises eneste barn, som hun har sammen med den tidligere fotballstjerna John Arne Riise. David Eriksen r\u00f8per at han og Louise Angelica har snakket om \u00e5 f\u00e5 flere barn ved flere anledninger. Han sier imidlertid at han fremdeles trenger betenkningstid.<\/p>\n<p class=\"font-weight-bold m-font-weight-bold\" data-lab-font_weight=\"font-weight-bold\">&#8211; Hvis jeg skulle bli pappa n\u00e5, og jeg blir syk om ti \u00e5r, er det kult at et lite barn mister pappaen sin? sp\u00f8r han retorisk i podkasten.<\/p>\n<p data-lab-font_weight=\"\">Eriksen g\u00e5r ogs\u00e5 inn p\u00e5 aldersforskjellen mellom ham og kj\u00e6resten. Det er 23 \u00e5r mellom ham og Riise, og han r\u00f8per at tanken til tider har gjort ham \u00ablivredd\u00bb.\u00a0<\/p>\n<p>    <a itemprop=\"url\" href=\"https:\/\/www.dagbladet.no\/kjendis\/holdt-det-hemmelig-i-mange-uker\/83704104\" rel=\"nofollow noopener\" target=\"_blank\"><\/p>\n<p>        <img loading=\"lazy\" decoding=\"async\" src=\"https:\/\/www.europesays.com\/no\/wp-content\/uploads\/2025\/12\/83699204.webp\" width=\"980\" height=\"441\" title=\"- Holdt det hemmelig i mange uker\" alt=\"\" class=\"lazyload\" style=\"--aspect-ratio-image: 2.22; \"\/><\/p>\n<p>        &#8211; Holdt det hemmelig i mange uker<\/p>\n<p>    <\/a><\/p>\n<p data-lab-font_weight=\"\">&#8211; Alderen er alderen. Og s\u00e5 kan jeg si, jeg kan v\u00e6re helt \u00e6rlig p\u00e5 noe som ikke er noe g\u00f8y \u00e5 v\u00e6re \u00e6rlig p\u00e5, men man g\u00e5r jo ogs\u00e5 litt s\u00e5nn og tenker \u00abN\u00e5r er det hun kommer til \u00e5 synes at jeg er for gammel?\u00bb.<\/p>\n<p data-lab-font_weight=\"\">&#8211; Man blir jo livredd for \u00e5 s\u00e5re seg selv, ikke sant? Dette har jeg faktisk aldri snakket om, utenom med henne. Det er en stygg greie mot seg selv, fordi &#8230; da kan jeg bli irritert.<\/p>\n<p class=\"italic m-italic\" data-lab-italic=\"italic\">Dagbladet har tatt kontakt med David Eriksen i forbindelse med denne saken, forel\u00f8pig uten svar.\u00a0<\/p>\n<p>        David Eriksen var ikke helt klar for sp\u00f8rsm\u00e5let som ventet han p\u00e5 den r\u00f8de l\u00f8peren. Video: H\u00e5vard Bj\u00f8rnerem Reporter: Sanne Holt<\/p>\n<p>Bor sammen\t<\/p>\n<p>Eriksen og Riise er samboere i en fasjonabel leilighet p\u00e5 Frogner, en leilighet Eriksen kj\u00f8pte sammen med ekskj\u00e6resten i 2018\u00a0for 12,9 millioner, skrev <a href=\"https:\/\/borsen.dagbladet.no\/nyheter\/stjerneparets-ukjente-luksus\/83122591\" rel=\"nofollow noopener\" target=\"_blank\">B\u00f8rsen<\/a> i mai.\u00a0<\/p>\n<p>Hun eide en femtedel av leiligheten. Eriksen kj\u00f8pte henne ut i 2022 for 3,4 millioner. Den gang var leiligheten verdsatt til 17 millioner kroner &#8211; en prisstigning p\u00e5 over fire millioner p\u00e5 fire \u00e5r. <\/p>\n<p>        <img loading=\"lazy\" decoding=\"async\" src=\"https:\/\/www.europesays.com\/no\/wp-content\/uploads\/2025\/12\/83996780.webp\" width=\"667\" height=\"794\" title=\"GJ\u00d8R DET BRA: Louise Angelica Riise, David Eriksen og Lucas Eriksen p\u00e5 TV 2s v\u00e5rlansering i desember. Foto: Espen Solli \/ TV 2\" alt=\"\" class=\"\" style=\"--aspect-ratio-image: 0.84; \"\/><\/p>\n<p>\n        GJ\u00d8R DET BRA: Louise Angelica Riise, David Eriksen og Lucas Eriksen p\u00e5 TV 2s v\u00e5rlansering i desember. Foto: Espen Solli \/ TV 2\n    <\/p>\n<p> Kilder opplyste den gang til B\u00f8rsen at Riise har kj\u00f8pt seg inn i den med en femtedel i november i fjor.\u00a0<\/p>\n<p> P\u00e5 samme tid gikk kjendismanageren og Riise til anskaffelse av en fasjonabel hytte p\u00e5 Kvitfjell. <\/p>\n<p> &#8211; Vi har kj\u00f8pt oss en deilig hytte p\u00e5 Kvitfjell og gleder oss enormt til \u00e5 tilbringe mye av vinteren der. Hytta er ny, s\u00e5 vi slipper \u00e5 g\u00e5 i gang med nok et oppussingsprosjekt, fortalte David til Dagbladet.\u00a0<\/p>\n<p> Riise eier en femtedel av parets feriebolig i Ringebu, mens David Eriksen\u00a0eier resten. Hytta hadde en prislapp p\u00e5 8,3 millioner kroner.<\/p>\n","protected":false},"excerpt":{"rendered":"David Eriksen:\u00a0 Kjendismanagaren \u00e5pner opp om aldersforskjellen p\u00e5 23 \u00e5r med kj\u00e6resten Louise Angelica Riise.\u00a0 KJ\u00c6RESTER: Louise Angelica&hellip;\n","protected":false},"author":2,"featured_media":116420,"comment_status":"","ping_status":"","sticky":false,"template":"","format":"standard","meta":{"footnotes":""},"categories":[10],"tags":[20,21,3252,24,25,15,9911,479,22,23,3251,13,30,28,29,14,16,26,27],"class_list":{"0":"post-116419","1":"post","2":"type-post","3":"status-publish","4":"format-standard","5":"has-post-thumbnail","7":"category-norge","8":"tag-breaking-news","9":"tag-breakingnews","10":"tag-david-eriksen","11":"tag-featured-news","12":"tag-featurednews","13":"tag-headlines","14":"tag-ida-med-hjertet-i-handen","15":"tag-kjendis","16":"tag-latest-news","17":"tag-latestnews","18":"tag-louise-angelica-riise","19":"tag-news","20":"tag-no","21":"tag-norge","22":"tag-norway","23":"tag-nyheter","24":"tag-overskrifter","25":"tag-top-stories","26":"tag-topstories"},"share_on_mastodon":{"url":"https:\/\/pubeurope.com\/@no\/115740393519972920","error":""},"_links":{"self":[{"href":"https:\/\/www.europesays.com\/no\/wp-json\/wp\/v2\/posts\/116419","targetHints":{"allow":["GET"]}}],"collection":[{"href":"https:\/\/www.europesays.com\/no\/wp-json\/wp\/v2\/posts"}],"about":[{"href":"https:\/\/www.europesays.com\/no\/wp-json\/wp\/v2\/types\/post"}],"author":[{"embeddable":true,"href":"https:\/\/www.europesays.com\/no\/wp-json\/wp\/v2\/users\/2"}],"replies":[{"embeddable":true,"href":"https:\/\/www.europesays.com\/no\/wp-json\/wp\/v2\/comments?post=116419"}],"version-history":[{"count":0,"href":"https:\/\/www.europesays.com\/no\/wp-json\/wp\/v2\/posts\/116419\/revisions"}],"wp:featuredmedia":[{"embeddable":true,"href":"https:\/\/www.europesays.com\/no\/wp-json\/wp\/v2\/media\/116420"}],"wp:attachment":[{"href":"https:\/\/www.europesays.com\/no\/wp-json\/wp\/v2\/media?parent=116419"}],"wp:term":[{"taxonomy":"category","embeddable":true,"href":"https:\/\/www.europesays.com\/no\/wp-json\/wp\/v2\/categories?post=116419"},{"taxonomy":"post_tag","embeddable":true,"href":"https:\/\/www.europesays.com\/no\/wp-json\/wp\/v2\/tags?post=116419"}],"curies":[{"name":"wp","href":"https:\/\/api.w.org\/{rel}","templated":true}]}}