{"id":116421,"date":"2025-12-18T11:44:37","date_gmt":"2025-12-18T11:44:37","guid":{"rendered":"https:\/\/www.europesays.com\/no\/116421\/"},"modified":"2025-12-18T11:44:37","modified_gmt":"2025-12-18T11:44:37","slug":"sport-langrenn-klar-for-tour-de-ski-monsterbakken-blir-brutal-men-funny","status":"publish","type":"post","link":"https:\/\/www.europesays.com\/no\/116421\/","title":{"rendered":"Sport, Langrenn | Klar for Tour de Ski: \u2013 Monsterbakken blir brutal, men funny"},"content":{"rendered":"\n<p>\u2013 Det er heftig. Skikkelig kult, sier 20-\u00e5ringen til Hadeland onsdag.<\/p>\n<p>Han fikk beskjed om uttaket mandag.<\/p>\n<p>\u2013 Jeg h\u00e5pte veldig, men trodde kanskje ikke helt at det var mulig. S\u00e5 dette er sinnssykt g\u00f8y, sier f\u00f8rste\u00e5rssenioren fra Harestua.<\/p>\n<p>\u2013 Begynner \u00e5 ta av<\/p>\n<p>Etter 4. plass p\u00e5 sprinten i Trondheim og semifinaleplass i Davos, var Heggen helt klart en sterk kandidat til en av de ti plassene. Til slutt sto han p\u00e5 lista sammen med navn som Kl\u00e6bo, Kr\u00fcger og Iversen.<\/p>\n<p>\u2013 Jeg gleder meg veldig. Jeg ser jo p\u00e5 meg selv som en allrounder, og i Tour de Ski f\u00e5r man pr\u00f8ve seg p\u00e5 de fleste distanser.<\/p>\n<p>Sesongstarten har nesten v\u00e6rt litt surrealistisk for Heggen, selv om mange var klare over det enorme potensialet til unggutten.<\/p>\n<p>\u2013 Disse ukene har v\u00e6rt veldig morsomme, og det begynner \u00e5 ta av n\u00e5, sier han.<\/p>\n<p>Drar til fjells<\/p>\n<p>Lars er hjemme p\u00e5 Harestua n\u00e5, og planen er \u00e5 feire jul der med resten av familien. Men det er ikke s\u00e5 mye som ei sn\u00f8fille der, s\u00e5 til helga m\u00e5 han komme seg litt opp i h\u00f8yden for \u00e5 f\u00e5 g\u00e5tt p\u00e5 ski.<\/p>\n<p>\u2013 Det blir nok en tur til Sjusj\u00f8en eller G\u00e5l\u00e5, sier han.<\/p>\n<p>Andre juledag er det avreise til Italia, og to dager senere starter touren med fristilssprint i Toblach. Deretter g\u00e5r det slag i slag med seks renn p\u00e5 \u00e5tte dager, og \u00abmonsterbakken\u00bb i Val di Fiemme som le grand finale.<\/p>\n<p>\u2013 Jeg gleder meg veldig til \u00e5 g\u00e5 den. Det blir brutalt, men funny.<\/p>\n<p>            Tour de Ski 2025\/26<\/p>\n<p>28\/12: Sprint fri teknikk<\/p>\n<p>29\/12: 10 km klassisk intervallstart<\/p>\n<p>31\/12: 5 km heat fellesstart fri teknikk<\/p>\n<p>1\/1: 20 km jaktstart klassisk<\/p>\n<p>3\/1: Sprint klassisk<\/p>\n<p>4\/1: 10 km fri teknikk med m\u00e5lgang p\u00e5 toppen av \u00abmonsterbakken\u00bb<\/p>\n<p>  H\u00e5per p\u00e5 ny finale<\/p>\n<p>Heggen er spent p\u00e5 hva han kan f\u00e5 til i touren, men ambisjonene er det ikke noe i vegen med.<\/p>\n<p>\u2013 Jeg har ikke gjort noe lignende f\u00f8r, men h\u00e5per \u00e5 f\u00e5 med meg noen topplasseringer. M\u00e5let er \u00e5 komme til finalen p\u00e5 minst \u00e9n av de to sprintene, og en topp 6-plassering p\u00e5 et av distanserennene.<\/p>\n<p>\u2013 Ganske h\u00e5rete m\u00e5l, det?<\/p>\n<p>\u2013 Jo da, men det er fellesstart og jaktstart, og det passer meg bra.<\/p>\n<p>\u2013 Og du har ingen planer om \u00e5 hoppe av touren f\u00f8r dere er p\u00e5 toppen av monsterbakken?<\/p>\n<p>\u2013 Nei, absolutt ikke. Jeg drar ikke hjem hvis jeg ikke m\u00e5. Jeg skal g\u00e5 alt.<\/p>\n<p>Tenker ikke p\u00e5 OL<\/p>\n<p>Hadde det v\u00e6rt VM denne sesongen, ville nok Lars Heggen v\u00e6rt et aktuelt navn. Men \u00e5 komme med i en OL-tropp p\u00e5 sju eller \u00e5tte mann ser n\u00e6rmest umulig ut.<\/p>\n<p>\u2013 Jeg har ikke tenkt p\u00e5 OL i det hele tatt. M\u00e5let for sesongen var egentlig bare \u00e5 f\u00e5 g\u00e5 litt verdenscup, og gj\u00f8re s\u00e5 godt jeg kan. Men hvis jeg skulle finne p\u00e5 \u00e5 vinne et renn, er jo det meste mulig.<\/p>\n<p>\u2013 Formen er i hvert fall bra, og det blir spennende \u00e5 se om den holder seg. Noen rolige treningsdager n\u00e5 passer bra, sier 20-\u00e5ringen.<\/p>\n<p>            Disse er tatt ut til Tour de Ski<\/p>\n<p><b>Herrer: <\/b>Harald \u00d8stberg Amundsen (Asker), Ansgar Evensen (Vind), Lars Heggen (Harestua), Emil Iversen (Varden Mer\u00e5ker), Johannes H\u00f8sflot Kl\u00e6bo (By\u00e5sen), Simen Hegstad Kr\u00fcger (Lyn), Andreas Fjorden Ree (St\u00f8ren), Mattis Stenshagen (Gausdal), Erik Valnes (Bardufoss og Omegn) og Oskar Opstad Vike (Runar).<\/p>\n<p><b>Kvinner: <\/b>Ingrid Bergene Aabrekk (Runar), Eva Ingebrigtsen (Bratsberg), Mathilde Myhrvold (Vind), Kristine Stav\u00e5s Skistad (Konnerud), Julie Bjervig Drivenes (Konnerud), Kristin Austgulen Fosn\u00e6s (Fossum), Karoline Simpson-Larsen (Vargar), Astrid \u00d8yre Slind (Oppdal IL), Heidi Weng (BUL) og Lotta Udnes Weng (Nes).<\/p>\n","protected":false},"excerpt":{"rendered":"\u2013 Det er heftig. Skikkelig kult, sier 20-\u00e5ringen til Hadeland onsdag. Han fikk beskjed om uttaket mandag. \u2013&hellip;\n","protected":false},"author":2,"featured_media":116422,"comment_status":"","ping_status":"","sticky":false,"template":"","format":"standard","meta":{"footnotes":""},"categories":[59],"tags":[36,4160,10798,398,14046,30,28,29,3650,83,82,1510,12662],"class_list":{"0":"post-116421","1":"post","2":"type-post","3":"status-publish","4":"format-standard","5":"has-post-thumbnail","7":"category-sport","8":"tag-art","9":"tag-harestua","10":"tag-harestua-il","11":"tag-langrenn","12":"tag-lars-heggen","13":"tag-no","14":"tag-norge","15":"tag-norway","16":"tag-ski","17":"tag-sport","18":"tag-sports","19":"tag-story","20":"tag-tour-de-ski"},"share_on_mastodon":{"url":"https:\/\/pubeurope.com\/@no\/115740400864791369","error":""},"_links":{"self":[{"href":"https:\/\/www.europesays.com\/no\/wp-json\/wp\/v2\/posts\/116421","targetHints":{"allow":["GET"]}}],"collection":[{"href":"https:\/\/www.europesays.com\/no\/wp-json\/wp\/v2\/posts"}],"about":[{"href":"https:\/\/www.europesays.com\/no\/wp-json\/wp\/v2\/types\/post"}],"author":[{"embeddable":true,"href":"https:\/\/www.europesays.com\/no\/wp-json\/wp\/v2\/users\/2"}],"replies":[{"embeddable":true,"href":"https:\/\/www.europesays.com\/no\/wp-json\/wp\/v2\/comments?post=116421"}],"version-history":[{"count":0,"href":"https:\/\/www.europesays.com\/no\/wp-json\/wp\/v2\/posts\/116421\/revisions"}],"wp:featuredmedia":[{"embeddable":true,"href":"https:\/\/www.europesays.com\/no\/wp-json\/wp\/v2\/media\/116422"}],"wp:attachment":[{"href":"https:\/\/www.europesays.com\/no\/wp-json\/wp\/v2\/media?parent=116421"}],"wp:term":[{"taxonomy":"category","embeddable":true,"href":"https:\/\/www.europesays.com\/no\/wp-json\/wp\/v2\/categories?post=116421"},{"taxonomy":"post_tag","embeddable":true,"href":"https:\/\/www.europesays.com\/no\/wp-json\/wp\/v2\/tags?post=116421"}],"curies":[{"name":"wp","href":"https:\/\/api.w.org\/{rel}","templated":true}]}}