{"id":116437,"date":"2025-12-18T12:04:08","date_gmt":"2025-12-18T12:04:08","guid":{"rendered":"https:\/\/www.europesays.com\/no\/116437\/"},"modified":"2025-12-18T12:04:08","modified_gmt":"2025-12-18T12:04:08","slug":"det-hores-for-dumt-ut-dagbladet","status":"publish","type":"post","link":"https:\/\/www.europesays.com\/no\/116437\/","title":{"rendered":"&#8211; Det h\u00f8res for dumt ut &#8211; Dagbladet"},"content":{"rendered":"<ol>\n<li><a href=\"https:\/\/news.google.com\/rss\/articles\/CBMibkFVX3lxTFBrZzV2QjZveEkxYzJ4RzF5X3VGXzBTR016UEdZcW83cEhYNE5TZ0hMeHZlZEs4d25jWWtsRTBwaVJwX3BseUE5NWZVYnJPTTZ1amtzeUdSQjN0UTY2MHcxWkdTNGEtbUpEYVRYLXdR?oc=5\" target=\"_blank\" rel=\"nofollow noopener\">&#8211; Det h\u00f8res for dumt ut<\/a>&nbsp;&nbsp;Dagbladet<\/li>\n<li><a href=\"https:\/\/news.google.com\/rss\/articles\/CBMijAFBVV95cUxPMUJxaXIyOHN0SGFuanF4d2Y1TkVHS0FfLUNic2RYNVZyR2ZQX1c5ZV9MY1ZfcUE1MzdHM1E4SlZWd1NySnRsRDR2MlRqT253dTN0V0xITFJMWGxia3lnMU5weElqSDVkaGJ0MXNTYzl1clpIM1g1LVdrdzFqM2ZDb05ZYS1KNG5UZllwQw?oc=5\" target=\"_blank\" rel=\"nofollow noopener\">Julian Ryerson, Barcelona | Reagerer p\u00e5 ryktene om Norge-stjernen<\/a>&nbsp;&nbsp;Nettavisen<\/li>\n<li><a href=\"https:\/\/news.google.com\/rss\/articles\/CBMifkFVX3lxTE9QOUM4S3hFeEo5MWNXdGhKWm9KV19BVHNQX1RZZms2NmN5YjQ0MGl3dmxnX1pRSDRjR2RqZ2dNUVR1NlFUZUdJeENhQ0pLRGlsWThLVS1xNU1VNWlIci0tYklXNFBycGZxakE5Y3ZSalhyeENzLXd4X0FwQWY5UQ?oc=5\" target=\"_blank\" rel=\"nofollow noopener\">(+) Sky Sport: Ryerson \u00f8nsket av Barcelona<\/a>&nbsp;&nbsp;fvn.no<\/li>\n<li><a href=\"https:\/\/news.google.com\/rss\/articles\/CBMifkFVX3lxTE95WGhpZ3pkamNCTVFPRUVKeTcyOGVFNmt5UVViczFHN0YxeWRjcVQyR3B3YVFxeEZ4bVRNU1kwazJPd1ZSVlYwM2dKOC1zZHV2Vnd3ZVppNGdKSHdENk51OHhBTjA4NlNFQ3FmZXJiZXA5ZzByT0p2OGEtQlllQQ?oc=5\" target=\"_blank\" rel=\"nofollow noopener\">Sky Sports: Ryerson \u00f8nsket av Barcelona<\/a>&nbsp;&nbsp;TV2.no<\/li>\n<li><a href=\"https:\/\/news.google.com\/rss\/articles\/CBMimAFBVV95cUxOWnEtR0M3V1hwZllOS3p0R3otTTJPMzJ6V3hZU3pxd0dOTWlSc0hJQ20tZzNGeE92ems2NXppb3FBeEtObDAyZl9ER1JVOW1GcUhHMDRDUm9fdVhjbXVkYkJwNThQRWZwNWtrTUxzNWszdTZQWmZrazNndVFCbVkyb2dlOFJiWHdvNjdLZnBhV1BKVkVFLV9aXw?oc=5\" target=\"_blank\" rel=\"nofollow noopener\">Barcelona banker p\u00e5, men det er ikke sikkert Julian Ryerson b\u00f8r \u00e5pne d\u00f8ra<\/a>&nbsp;&nbsp;Sporten.com<\/li>\n<\/ol>\n","protected":false},"excerpt":{"rendered":"&#8211; Det h\u00f8res for dumt ut&nbsp;&nbsp;Dagbladet Julian Ryerson, Barcelona | Reagerer p\u00e5 ryktene om Norge-stjernen&nbsp;&nbsp;Nettavisen (+) Sky Sport:&hellip;\n","protected":false},"author":2,"featured_media":116438,"comment_status":"","ping_status":"","sticky":false,"template":"","format":"standard","meta":{"footnotes":""},"categories":[59],"tags":[92,30,28,29,83,82],"class_list":{"0":"post-116437","1":"post","2":"type-post","3":"status-publish","4":"format-standard","5":"has-post-thumbnail","7":"category-sport","8":"tag-fotball","9":"tag-no","10":"tag-norge","11":"tag-norway","12":"tag-sport","13":"tag-sports"},"share_on_mastodon":{"url":"https:\/\/pubeurope.com\/@no\/115740479540855503","error":""},"_links":{"self":[{"href":"https:\/\/www.europesays.com\/no\/wp-json\/wp\/v2\/posts\/116437","targetHints":{"allow":["GET"]}}],"collection":[{"href":"https:\/\/www.europesays.com\/no\/wp-json\/wp\/v2\/posts"}],"about":[{"href":"https:\/\/www.europesays.com\/no\/wp-json\/wp\/v2\/types\/post"}],"author":[{"embeddable":true,"href":"https:\/\/www.europesays.com\/no\/wp-json\/wp\/v2\/users\/2"}],"replies":[{"embeddable":true,"href":"https:\/\/www.europesays.com\/no\/wp-json\/wp\/v2\/comments?post=116437"}],"version-history":[{"count":0,"href":"https:\/\/www.europesays.com\/no\/wp-json\/wp\/v2\/posts\/116437\/revisions"}],"wp:featuredmedia":[{"embeddable":true,"href":"https:\/\/www.europesays.com\/no\/wp-json\/wp\/v2\/media\/116438"}],"wp:attachment":[{"href":"https:\/\/www.europesays.com\/no\/wp-json\/wp\/v2\/media?parent=116437"}],"wp:term":[{"taxonomy":"category","embeddable":true,"href":"https:\/\/www.europesays.com\/no\/wp-json\/wp\/v2\/categories?post=116437"},{"taxonomy":"post_tag","embeddable":true,"href":"https:\/\/www.europesays.com\/no\/wp-json\/wp\/v2\/tags?post=116437"}],"curies":[{"name":"wp","href":"https:\/\/api.w.org\/{rel}","templated":true}]}}