{"id":116461,"date":"2025-12-18T12:25:07","date_gmt":"2025-12-18T12:25:07","guid":{"rendered":"https:\/\/www.europesays.com\/no\/116461\/"},"modified":"2025-12-18T12:25:07","modified_gmt":"2025-12-18T12:25:07","slug":"charlo-halvorsen-slutter-som-underholdningsredaktor-i-nrk-siste-nytt-nrk","status":"publish","type":"post","link":"https:\/\/www.europesays.com\/no\/116461\/","title":{"rendered":"Charlo Halvorsen slutter som underholdningsredakt\u00f8r i NRK \u2013 Siste nytt \u2013\u00a0NRK"},"content":{"rendered":"<p>\u2013 Avtalen med direkt\u00f8r Camilla Bj\u00f8rn, da vi startet med ny organisasjon, var at jeg skulle sitte som redakt\u00f8r til v\u00e5ren 2026, sier underholdningsredakt\u00f8ren i en e-post til redaksjonen.<\/p>\n<p>Halvorsen sier stillingen som ny redakt\u00f8r lyses ut i l\u00f8pet av januar og at han blir sittende til en ny redakt\u00f8r er p\u00e5 plass.<\/p>\n<p>\u2013 Dette er temmelig udramatisk. Jeg har sittet som redakt\u00f8r for underholdning helt siden 2011. Det er p\u00e5 h\u00f8y tid med nye krefter inn i redakt\u00f8rstolen, skriver han.<\/p>\n<p>Opp gjennom \u00e5rene har Halvorsen frontet flere kontroversielle NRK-satsninger, som podkasten til Sophie Elise og Fetisha.<\/p>\n<p>I det siste har han v\u00e6rt synlig i debatten rundt Israel sin deltakelse i Eurovision, hvor flere har tatt til orde for boikott.<\/p>\n","protected":false},"excerpt":{"rendered":"\u2013 Avtalen med direkt\u00f8r Camilla Bj\u00f8rn, da vi startet med ny organisasjon, var at jeg skulle sitte som&hellip;\n","protected":false},"author":2,"featured_media":116462,"comment_status":"","ping_status":"","sticky":false,"template":"","format":"standard","meta":{"footnotes":""},"categories":[12],"tags":[20,21,24,25,15,22,23,13,30,28,29,14,16,26,27,42,43,44,45],"class_list":{"0":"post-116461","1":"post","2":"type-post","3":"status-publish","4":"format-standard","5":"has-post-thumbnail","7":"category-verden","8":"tag-breaking-news","9":"tag-breakingnews","10":"tag-featured-news","11":"tag-featurednews","12":"tag-headlines","13":"tag-latest-news","14":"tag-latestnews","15":"tag-news","16":"tag-no","17":"tag-norge","18":"tag-norway","19":"tag-nyheter","20":"tag-overskrifter","21":"tag-top-stories","22":"tag-topstories","23":"tag-verden","24":"tag-world","25":"tag-world-news","26":"tag-worldnews"},"share_on_mastodon":{"url":"https:\/\/pubeurope.com\/@no\/115740562293829001","error":""},"_links":{"self":[{"href":"https:\/\/www.europesays.com\/no\/wp-json\/wp\/v2\/posts\/116461","targetHints":{"allow":["GET"]}}],"collection":[{"href":"https:\/\/www.europesays.com\/no\/wp-json\/wp\/v2\/posts"}],"about":[{"href":"https:\/\/www.europesays.com\/no\/wp-json\/wp\/v2\/types\/post"}],"author":[{"embeddable":true,"href":"https:\/\/www.europesays.com\/no\/wp-json\/wp\/v2\/users\/2"}],"replies":[{"embeddable":true,"href":"https:\/\/www.europesays.com\/no\/wp-json\/wp\/v2\/comments?post=116461"}],"version-history":[{"count":0,"href":"https:\/\/www.europesays.com\/no\/wp-json\/wp\/v2\/posts\/116461\/revisions"}],"wp:featuredmedia":[{"embeddable":true,"href":"https:\/\/www.europesays.com\/no\/wp-json\/wp\/v2\/media\/116462"}],"wp:attachment":[{"href":"https:\/\/www.europesays.com\/no\/wp-json\/wp\/v2\/media?parent=116461"}],"wp:term":[{"taxonomy":"category","embeddable":true,"href":"https:\/\/www.europesays.com\/no\/wp-json\/wp\/v2\/categories?post=116461"},{"taxonomy":"post_tag","embeddable":true,"href":"https:\/\/www.europesays.com\/no\/wp-json\/wp\/v2\/tags?post=116461"}],"curies":[{"name":"wp","href":"https:\/\/api.w.org\/{rel}","templated":true}]}}