{"id":116465,"date":"2025-12-18T12:27:10","date_gmt":"2025-12-18T12:27:10","guid":{"rendered":"https:\/\/www.europesays.com\/no\/116465\/"},"modified":"2025-12-18T12:27:10","modified_gmt":"2025-12-18T12:27:10","slug":"honefoss-trafikk-e16-stengt-etter-alvorlig-ulykke","status":"publish","type":"post","link":"https:\/\/www.europesays.com\/no\/116465\/","title":{"rendered":"H\u00f8nefoss, Trafikk | E16 stengt etter alvorlig ulykke"},"content":{"rendered":"\n<p>Klokken 05.30 torsdag morgen kolliderte en personbil og et vogntog p\u00e5 E16 mellom Styggdalkrysset og Hvervenkastet.<\/p>\n<p>\u2013 Det framst\u00e5r som en alvorlig ulykke og veien blir trolig stengt en stund framover. Ambulansepersonell f\u00f8lger opp de involverte og politiet har begynt med innledende etterforskningsskritt, opplyser politiet.<\/p>\n<p>Politif\u00f8rstebetjent Igor Popovic forteller til Ringerikes Blad p\u00e5 stedet at veien trolig blir stengt i flere timer. Politiet melder at trafikken og k\u00f8en er \u00f8kende i morgentimene.<\/p>\n<p>Det er skiltet omkj\u00f8ring p\u00e5 stedet.<\/p>\n<p>\u2013 Omkj\u00f8ringen er via H\u00f8nefoss, Fv. 290. Alts\u00e5 at du tar av ved Ringerike sykehus, kj\u00f8rer gjennom H\u00f8nefoss og ut via Styggedal, sier trafikkoperat\u00f8r ved Vegtrafikksentralen, Fabian Vesteng, til Ringerikes Blad.<\/p>\n","protected":false},"excerpt":{"rendered":"Klokken 05.30 torsdag morgen kolliderte en personbil og et vogntog p\u00e5 E16 mellom Styggdalkrysset og Hvervenkastet. \u2013 Det&hellip;\n","protected":false},"author":2,"featured_media":116466,"comment_status":"","ping_status":"","sticky":false,"template":"","format":"standard","meta":{"footnotes":""},"categories":[5],"tags":[36,2840,20,21,24,25,15,19,341,22,23,17,18,13,30,28,29,14,16,1510,26,27,224],"class_list":{"0":"post-116465","1":"post","2":"type-post","3":"status-publish","4":"format-standard","5":"has-post-thumbnail","7":"category-overskrifter","8":"tag-art","9":"tag-blalys","10":"tag-breaking-news","11":"tag-breakingnews","12":"tag-featured-news","13":"tag-featurednews","14":"tag-headlines","15":"tag-hovedoppslag","16":"tag-honefoss","17":"tag-latest-news","18":"tag-latestnews","19":"tag-main-news","20":"tag-mainnews","21":"tag-news","22":"tag-no","23":"tag-norge","24":"tag-norway","25":"tag-nyheter","26":"tag-overskrifter","27":"tag-story","28":"tag-top-stories","29":"tag-topstories","30":"tag-trafikk"},"share_on_mastodon":{"url":"https:\/\/pubeurope.com\/@no\/115740569969811110","error":""},"_links":{"self":[{"href":"https:\/\/www.europesays.com\/no\/wp-json\/wp\/v2\/posts\/116465","targetHints":{"allow":["GET"]}}],"collection":[{"href":"https:\/\/www.europesays.com\/no\/wp-json\/wp\/v2\/posts"}],"about":[{"href":"https:\/\/www.europesays.com\/no\/wp-json\/wp\/v2\/types\/post"}],"author":[{"embeddable":true,"href":"https:\/\/www.europesays.com\/no\/wp-json\/wp\/v2\/users\/2"}],"replies":[{"embeddable":true,"href":"https:\/\/www.europesays.com\/no\/wp-json\/wp\/v2\/comments?post=116465"}],"version-history":[{"count":0,"href":"https:\/\/www.europesays.com\/no\/wp-json\/wp\/v2\/posts\/116465\/revisions"}],"wp:featuredmedia":[{"embeddable":true,"href":"https:\/\/www.europesays.com\/no\/wp-json\/wp\/v2\/media\/116466"}],"wp:attachment":[{"href":"https:\/\/www.europesays.com\/no\/wp-json\/wp\/v2\/media?parent=116465"}],"wp:term":[{"taxonomy":"category","embeddable":true,"href":"https:\/\/www.europesays.com\/no\/wp-json\/wp\/v2\/categories?post=116465"},{"taxonomy":"post_tag","embeddable":true,"href":"https:\/\/www.europesays.com\/no\/wp-json\/wp\/v2\/tags?post=116465"}],"curies":[{"name":"wp","href":"https:\/\/api.w.org\/{rel}","templated":true}]}}