{"id":116471,"date":"2025-12-18T12:35:10","date_gmt":"2025-12-18T12:35:10","guid":{"rendered":"https:\/\/www.europesays.com\/no\/116471\/"},"modified":"2025-12-18T12:35:10","modified_gmt":"2025-12-18T12:35:10","slug":"flere-baesjeangrep-pa-folketrygdens-kontorer-mistenker-ansatte","status":"publish","type":"post","link":"https:\/\/www.europesays.com\/no\/116471\/","title":{"rendered":"Flere \u00abb\u00e6sjeangrep\u00bb p\u00e5 folketrygdens kontorer \u2013 mistenker ansatte"},"content":{"rendered":"\n<p class=\"_lead_o9xde_2 _lead_xtcu6_50 layout-component text-serif-m layout-normal text-serif-l layout-component layout-wide layout-padded _wide_17hqh_1 layout-padded\">Ansatte tar med bestikk hjemmefra av frykt.<\/p>\n<p><img alt=\"Bilde av F\u00f6rs\u00e4kringskassan sin logo.\" class=\"_image_qp4xg_65 layout-component layout-wide\" data-fullscreen- data-track-element-type=\"Article image fullscreen\" data-track-name=\"ImageFullscreen\" fetchpriority=\"high\" decoding=\"sync\" loading=\"eager\" height=\"2000\" itemprop=\"image\"  src=\"https:\/\/www.europesays.com\/no\/wp-content\/uploads\/2025\/12\/26e732f6-9629-4523-9725-791fd2db2297\"  style=\"object-position:0% 0%\" width=\"1312\"\/>Den svenske folketrygden har siden januar hatt problemer med avf\u00f8ring p\u00e5 kontoret i Sk\u00f6vde. Foto: Claus Gertsen \/ TT \/ TT Nyhetsbyr\u00e5n \/ NTB<\/p>\n<ul aria-hidden=\"true\" class=\"_images_ntbth_112\">\n<li><a class=\"_link_ntbth_117\" href=\"https:\/\/www.vg.no\/forfatter\/fredrik-ouren-jostad\" style=\"z-index:1\" title=\"Fredrik Ouren Jostad\" rel=\"nofollow noopener\" target=\"_blank\"><img alt=\"Bilde av Fredrik Ouren Jostad\" class=\"_image_ntbth_93\" fetchpriority=\"low\" loading=\"lazy\" decoding=\"async\" itemprop=\"image\"  src=\"https:\/\/www.europesays.com\/no\/wp-content\/uploads\/2025\/12\/1766061310_974_44a138e9-ee61-47be-8b25-b699b8f538d1\"  width=\"480\"\/><\/a><\/li>\n<\/ul>\n<p> Oppdatert torsdag 18. desember kl. 13:04     <\/p>\n<p class=\"_paragraph_o9xde_4 _paragraph_xtcu6_10 layout-component text-serif-m layout-normal text-serif-m layout-padded\">F\u00f6rs\u00e4kringskassanF\u00f6rs\u00e4kringskassanFolketrygden i Sverige. i Sk\u00f6vde f\u00e5r gjentatte ganger lokalene sine tilsmusset med b\u00e6sj, skriver <a href=\"https:\/\/www.aftonbladet.se\/nyheter\/a\/aJ2A4E\/tiotal-bajsattacker-mot-forsakringskassan\" class=\"_link_o9xde_39\" rel=\"nofollow noopener\" target=\"_blank\">Aftonbladet<\/a><\/p>\n<p class=\"_paragraph_o9xde_4 _paragraph_xtcu6_10 layout-component text-serif-m layout-normal text-serif-m layout-padded\">Ingen er funnet skyldige s\u00e5 langt.<\/p>\n<p class=\"_paragraph_o9xde_4 _paragraph_xtcu6_10 layout-component text-serif-m layout-normal text-serif-m layout-padded\">\u2013 Det er alt fra at det har blitt smurt p\u00e5 toalettsetet til at det har blitt smurt p\u00e5 vegger rundt papirkurven under h\u00e5ndvasken, eller en klatt p\u00e5 veggen, forteller en ansatt til avisen <a href=\"https:\/\/www.sla.se\/2025\/12\/15\/bajs-smetat-i-myndighetens-lokaler-i-skovde-ett-tiotal-ganger-3356a\/\" class=\"_link_o9xde_39\" rel=\"nofollow noopener\" target=\"_blank\">Skaraborgs Allehanda<\/a>.<\/p>\n<p class=\"_paragraph_o9xde_4 _paragraph_xtcu6_10 layout-component text-serif-m layout-normal text-serif-m layout-padded\">Det kreves ansattkort for \u00e5 komme inn til lokalene der avf\u00f8ringen har blitt smurt ut. Dette gj\u00f8r at de ansatte mistenker at det er en kollega som st\u00e5r bak.<\/p>\n<p class=\"_paragraph_o9xde_4 _paragraph_xtcu6_10 layout-component text-serif-m layout-normal text-serif-m layout-padded\">\u2013 Etter en hendelse begynner hjernen \u00e5 spinne igjen og man begynner \u00e5 se skjevt p\u00e5 kolleger. Men man begynner ogs\u00e5 selv \u00e5 f\u00f8le seg urolig for at noen skal tro at man oppf\u00f8rer seg mistenkelig, sier en ansatt.<\/p>\n<p class=\"_paragraph_o9xde_4 _paragraph_xtcu6_10 layout-component text-serif-m layout-normal text-serif-m layout-padded\">B\u00e6sjesm\u00f8ringen begynte i januar, melder <a href=\"https:\/\/www.sla.se\/2025\/12\/15\/bajs-smetat-i-myndighetens-lokaler-i-skovde-ett-tiotal-ganger-3356a\/\" class=\"_link_o9xde_39\" rel=\"nofollow noopener\" target=\"_blank\">SLA.<\/a> Siden den gang har lokalene blitt \u00abterrorisert\u00bb omtrent ti ganger. Siden da har frykten spredd seg blant ansatte:<\/p>\n<p class=\"_paragraph_o9xde_4 _paragraph_xtcu6_10 layout-component text-serif-m layout-normal text-serif-m layout-padded\">\u2013 Folk vasker alle bestikk igjen f\u00f8r man spiser og begynner \u00e5 ta med seg bestikk hjemmefra. Man g\u00e5r hele tiden og tenker: \u00abHva tar jeg i? Hvem har tatt i dette?\u00bb Og fremfor alt hva mer personen gj\u00f8re mer, for den personen har det jo ikke bra, sier den ansatte.<\/p>\n<p class=\"_paragraph_o9xde_4 _paragraph_xtcu6_10 layout-component text-serif-m layout-normal text-serif-m layout-padded\">F\u00f6rs\u00e4kringskassan bekrefter hendelsene og vurderer \u00e5 politianmelde.<\/p>\n","protected":false},"excerpt":{"rendered":"Ansatte tar med bestikk hjemmefra av frykt. Den svenske folketrygden har siden januar hatt problemer med avf\u00f8ring p\u00e5&hellip;\n","protected":false},"author":2,"featured_media":116472,"comment_status":"","ping_status":"","sticky":false,"template":"","format":"standard","meta":{"footnotes":""},"categories":[12],"tags":[20,21,24,25,15,22,23,13,30,28,29,14,16,1359,26,27,42,43,44,45],"class_list":{"0":"post-116471","1":"post","2":"type-post","3":"status-publish","4":"format-standard","5":"has-post-thumbnail","7":"category-verden","8":"tag-breaking-news","9":"tag-breakingnews","10":"tag-featured-news","11":"tag-featurednews","12":"tag-headlines","13":"tag-latest-news","14":"tag-latestnews","15":"tag-news","16":"tag-no","17":"tag-norge","18":"tag-norway","19":"tag-nyheter","20":"tag-overskrifter","21":"tag-sverige","22":"tag-top-stories","23":"tag-topstories","24":"tag-verden","25":"tag-world","26":"tag-world-news","27":"tag-worldnews"},"share_on_mastodon":{"url":"https:\/\/pubeurope.com\/@no\/115740601699095949","error":""},"_links":{"self":[{"href":"https:\/\/www.europesays.com\/no\/wp-json\/wp\/v2\/posts\/116471","targetHints":{"allow":["GET"]}}],"collection":[{"href":"https:\/\/www.europesays.com\/no\/wp-json\/wp\/v2\/posts"}],"about":[{"href":"https:\/\/www.europesays.com\/no\/wp-json\/wp\/v2\/types\/post"}],"author":[{"embeddable":true,"href":"https:\/\/www.europesays.com\/no\/wp-json\/wp\/v2\/users\/2"}],"replies":[{"embeddable":true,"href":"https:\/\/www.europesays.com\/no\/wp-json\/wp\/v2\/comments?post=116471"}],"version-history":[{"count":0,"href":"https:\/\/www.europesays.com\/no\/wp-json\/wp\/v2\/posts\/116471\/revisions"}],"wp:featuredmedia":[{"embeddable":true,"href":"https:\/\/www.europesays.com\/no\/wp-json\/wp\/v2\/media\/116472"}],"wp:attachment":[{"href":"https:\/\/www.europesays.com\/no\/wp-json\/wp\/v2\/media?parent=116471"}],"wp:term":[{"taxonomy":"category","embeddable":true,"href":"https:\/\/www.europesays.com\/no\/wp-json\/wp\/v2\/categories?post=116471"},{"taxonomy":"post_tag","embeddable":true,"href":"https:\/\/www.europesays.com\/no\/wp-json\/wp\/v2\/tags?post=116471"}],"curies":[{"name":"wp","href":"https:\/\/api.w.org\/{rel}","templated":true}]}}