{"id":116473,"date":"2025-12-18T12:36:10","date_gmt":"2025-12-18T12:36:10","guid":{"rendered":"https:\/\/www.europesays.com\/no\/116473\/"},"modified":"2025-12-18T12:36:10","modified_gmt":"2025-12-18T12:36:10","slug":"en-person-omkom-i-trafikkulykke-i-hadsel-nrk-nordland","status":"publish","type":"post","link":"https:\/\/www.europesays.com\/no\/116473\/","title":{"rendered":"En person omkom i trafikkulykke i Hadsel \u2013 NRK Nordland"},"content":{"rendered":"<p>En person mistet livet etter en utforkj\u00f8ring i g\u00e5r <a href=\"https:\/\/www.nrk.no\/nordland\/trafikkulykke-i-hadsel-1.17697312\" ec-id=\"pp:article:1.17697312\" ec-name=\"p\u00e5 fylkesvei 82 p\u00e5 Hauknes i Hadsel\" rel=\"nofollow noopener\" target=\"_blank\">p\u00e5 fylkesvei 82 p\u00e5 Hauknes i Hadsel<\/a>. Det bekrefter Remi Johansen i Nordland politidistrikt.<\/p>\n<p>\u2013 Avd\u00f8de var alene i bilen. P\u00e5r\u00f8rende er varslet, og tas h\u00e5nd om av kriseteam og politiet sin p\u00e5r\u00f8rendekontakt, opplyser Johansen.<\/p>\n<p>Ulykkesgruppen vil gj\u00f8re unders\u00f8kelser p\u00e5 ulykkesstedet senere i dag.<\/p>\n<p>\u2013 Det gjenst\u00e5r enda mye etterforskning, blant annet vil det bli gjort n\u00f8dvendige unders\u00f8kelser av kj\u00f8ret\u00f8y, og avd\u00f8de vil bli obdusert, avslutter Johansen.<\/p>\n","protected":false},"excerpt":{"rendered":"En person mistet livet etter en utforkj\u00f8ring i g\u00e5r p\u00e5 fylkesvei 82 p\u00e5 Hauknes i Hadsel. Det bekrefter&hellip;\n","protected":false},"author":2,"featured_media":62464,"comment_status":"","ping_status":"","sticky":false,"template":"","format":"standard","meta":{"footnotes":""},"categories":[10],"tags":[20,21,24,25,15,22,23,13,30,28,29,14,16,26,27],"class_list":{"0":"post-116473","1":"post","2":"type-post","3":"status-publish","4":"format-standard","5":"has-post-thumbnail","7":"category-norge","8":"tag-breaking-news","9":"tag-breakingnews","10":"tag-featured-news","11":"tag-featurednews","12":"tag-headlines","13":"tag-latest-news","14":"tag-latestnews","15":"tag-news","16":"tag-no","17":"tag-norge","18":"tag-norway","19":"tag-nyheter","20":"tag-overskrifter","21":"tag-top-stories","22":"tag-topstories"},"share_on_mastodon":{"url":"https:\/\/pubeurope.com\/@no\/115740605415748583","error":""},"_links":{"self":[{"href":"https:\/\/www.europesays.com\/no\/wp-json\/wp\/v2\/posts\/116473","targetHints":{"allow":["GET"]}}],"collection":[{"href":"https:\/\/www.europesays.com\/no\/wp-json\/wp\/v2\/posts"}],"about":[{"href":"https:\/\/www.europesays.com\/no\/wp-json\/wp\/v2\/types\/post"}],"author":[{"embeddable":true,"href":"https:\/\/www.europesays.com\/no\/wp-json\/wp\/v2\/users\/2"}],"replies":[{"embeddable":true,"href":"https:\/\/www.europesays.com\/no\/wp-json\/wp\/v2\/comments?post=116473"}],"version-history":[{"count":0,"href":"https:\/\/www.europesays.com\/no\/wp-json\/wp\/v2\/posts\/116473\/revisions"}],"wp:featuredmedia":[{"embeddable":true,"href":"https:\/\/www.europesays.com\/no\/wp-json\/wp\/v2\/media\/62464"}],"wp:attachment":[{"href":"https:\/\/www.europesays.com\/no\/wp-json\/wp\/v2\/media?parent=116473"}],"wp:term":[{"taxonomy":"category","embeddable":true,"href":"https:\/\/www.europesays.com\/no\/wp-json\/wp\/v2\/categories?post=116473"},{"taxonomy":"post_tag","embeddable":true,"href":"https:\/\/www.europesays.com\/no\/wp-json\/wp\/v2\/tags?post=116473"}],"curies":[{"name":"wp","href":"https:\/\/api.w.org\/{rel}","templated":true}]}}