{"id":116480,"date":"2025-12-18T12:42:16","date_gmt":"2025-12-18T12:42:16","guid":{"rendered":"https:\/\/www.europesays.com\/no\/116480\/"},"modified":"2025-12-18T12:42:16","modified_gmt":"2025-12-18T12:42:16","slug":"harila-klaget-pa-avisoppslag-mente-han-ble-anklaget-for-a-stotte-russisk-krigforing","status":"publish","type":"post","link":"https:\/\/www.europesays.com\/no\/116480\/","title":{"rendered":"Harila klaget p\u00e5 avisoppslag \u2013 mente han ble anklaget for \u00e5 st\u00f8tte russisk krigf\u00f8ring"},"content":{"rendered":"<p>\n        ANKLAGET: Steinar Harilas organisasjon ble i en avisartikkel anklaget for \u00e5 ha st\u00f8ttet russisk krigf\u00f8ring med med penger.<br \/>\n        Torgeir Nyg\u00e5rd\n    <\/p>\n<p>    The Barents Observer skrev i sommer en artikkel med alvorlige p\u00e5stander mot Steinar Harilas organisasjon H\u00e5p. Pressens Faglige Utvalg landet p\u00e5 at det ikke var brudd p\u00e5 V\u00e6r Varsom-plakaten.\u00a0<\/p>\n<p>Artikkelen hadde overskriften:\u00a0<a href=\"https:\/\/www.thebarentsobserver.com\/news\/children-of-war-norwegian-benefactors-fund-foundations-supporting-russias-invasion-of-ukrainenbspnbsp\/433083\" target=\"_blank\" rel=\"nofollow noopener\">Barn av krig. Norske givere finansierer virksomheter som st\u00f8tter Russlands invasjon av Ukraina.<\/a><\/p>\n<p>Steinar Harila har i mange \u00e5r drevet hjelpeorganisasjonen H\u00e5p, som driver arbeid i Russland.<\/p>\n<p>I artikkelen kommer det p\u00e5stander om at Harila-stiftelsen har gitt store pengebel\u00f8p til milit\u00e6re forhold, og det vises ogs\u00e5 til at ukrainske barn skal ha blitt bortf\u00f8rt til russiske barnehjem.\u00a0<\/p>\n","protected":false},"excerpt":{"rendered":"ANKLAGET: Steinar Harilas organisasjon ble i en avisartikkel anklaget for \u00e5 ha st\u00f8ttet russisk krigf\u00f8ring med med penger.&hellip;\n","protected":false},"author":2,"featured_media":116481,"comment_status":"","ping_status":"","sticky":false,"template":"","format":"standard","meta":{"footnotes":""},"categories":[12],"tags":[20,21,24,25,15,22,23,13,30,28,29,14,16,26,27,42,43,44,45],"class_list":{"0":"post-116480","1":"post","2":"type-post","3":"status-publish","4":"format-standard","5":"has-post-thumbnail","7":"category-verden","8":"tag-breaking-news","9":"tag-breakingnews","10":"tag-featured-news","11":"tag-featurednews","12":"tag-headlines","13":"tag-latest-news","14":"tag-latestnews","15":"tag-news","16":"tag-no","17":"tag-norge","18":"tag-norway","19":"tag-nyheter","20":"tag-overskrifter","21":"tag-top-stories","22":"tag-topstories","23":"tag-verden","24":"tag-world","25":"tag-world-news","26":"tag-worldnews"},"share_on_mastodon":{"url":"https:\/\/pubeurope.com\/@no\/115740629109203137","error":""},"_links":{"self":[{"href":"https:\/\/www.europesays.com\/no\/wp-json\/wp\/v2\/posts\/116480","targetHints":{"allow":["GET"]}}],"collection":[{"href":"https:\/\/www.europesays.com\/no\/wp-json\/wp\/v2\/posts"}],"about":[{"href":"https:\/\/www.europesays.com\/no\/wp-json\/wp\/v2\/types\/post"}],"author":[{"embeddable":true,"href":"https:\/\/www.europesays.com\/no\/wp-json\/wp\/v2\/users\/2"}],"replies":[{"embeddable":true,"href":"https:\/\/www.europesays.com\/no\/wp-json\/wp\/v2\/comments?post=116480"}],"version-history":[{"count":0,"href":"https:\/\/www.europesays.com\/no\/wp-json\/wp\/v2\/posts\/116480\/revisions"}],"wp:featuredmedia":[{"embeddable":true,"href":"https:\/\/www.europesays.com\/no\/wp-json\/wp\/v2\/media\/116481"}],"wp:attachment":[{"href":"https:\/\/www.europesays.com\/no\/wp-json\/wp\/v2\/media?parent=116480"}],"wp:term":[{"taxonomy":"category","embeddable":true,"href":"https:\/\/www.europesays.com\/no\/wp-json\/wp\/v2\/categories?post=116480"},{"taxonomy":"post_tag","embeddable":true,"href":"https:\/\/www.europesays.com\/no\/wp-json\/wp\/v2\/tags?post=116480"}],"curies":[{"name":"wp","href":"https:\/\/api.w.org\/{rel}","templated":true}]}}