{"id":116482,"date":"2025-12-18T12:43:20","date_gmt":"2025-12-18T12:43:20","guid":{"rendered":"https:\/\/www.europesays.com\/no\/116482\/"},"modified":"2025-12-18T12:43:20","modified_gmt":"2025-12-18T12:43:20","slug":"sunnfjord-budsjettet-2026-politikk-vil-auke-eigedomsskatten-heilt-vanvettig-firda","status":"publish","type":"post","link":"https:\/\/www.europesays.com\/no\/116482\/","title":{"rendered":"Sunnfjord-budsjettet 2026, Politikk | Vil auke eigedomsskatten: \u2013 Heilt vanvettig &#8211; Firda"},"content":{"rendered":"<ol>\n<li><a href=\"https:\/\/news.google.com\/rss\/articles\/CBMiggFBVV95cUxPRFpyc2ZSSEhCNk9iNTRmOFBBcm15X0xsRFAyVFVrZC1uR0hLTDZvNC1KelRrcHRqM1BSeEltWlc1S2k3ZHdRWk5mRlFoZ2dfY3EzNEFISGY3ZTRKcExwbGdjVWtRZHZGazUzSnNBM2lKOGp0cF8yY1A5c1N6cHk2aEFR?oc=5\" target=\"_blank\" rel=\"nofollow noopener\">Sunnfjord-budsjettet 2026, Politikk | Vil auke eigedomsskatten: \u2013 Heilt vanvettig<\/a>&nbsp;&nbsp;Firda<\/li>\n<li><a href=\"https:\/\/news.google.com\/rss\/articles\/CBMilwFBVV95cUxNdGJ1MmlOWjJ6WVRCNjdnSXg5V3FZcFlLV3hmaEtqLUhER25oaDZEVUUxSFBFa3p4eHZJemo2SFpINUViWHlZcUFpUzZ6T1RNNTFmZExJSmxzTUh2TEUtb01xRVZiU1JtUUtmSTdEcWVaREVnWU1wLXFVaVBwaEpxT2R0X2RvQm1pOXBxbmpwZWVKUjhlUDRN?oc=5\" target=\"_blank\" rel=\"nofollow noopener\">\u2013 Ambisjonsniv\u00e5et m\u00e5 senkes<\/a>&nbsp;&nbsp;fosna-folket.no<\/li>\n<li><a href=\"https:\/\/news.google.com\/rss\/articles\/CBMiekFVX3lxTE9iWjFJV29ZTGlnUklrM1BZa0xfSnkxNGNrcTFOeVRCZTRGN21KeUVwX3NJWmVNTGRreHhJbkxiNV9kRkFITWVmNXp0RHAwdjEtUktVVl9mU0R2Uk9VYmZ2SkQ3S09oZlNqelU2THhXS0MxQWxRS1pmZGhn?oc=5\" target=\"_blank\" rel=\"nofollow noopener\">\u2013 Midlene er allerede innarbeidet<\/a>&nbsp;&nbsp;bladet.no<\/li>\n<li><a href=\"https:\/\/news.google.com\/rss\/articles\/CBMizwFBVV95cUxNZVlFOHNWeU84bjhPOXQ2eEUybkl3LXdPMWF2WEdCb1JwczhoVF9pUzRqWTl0R2RtbDQwR0NGN2tqRGFzQ2xRXzRBcUpDWWhJQnBhYTdubk93aGtLbkd5bjFIOWFLb1l0dzE3dVpGSElUVjVZa1FFWTQwNW1HeWZreXIwMUxaaTBfNWI5dVRGMUJfRFFvbGJyTVRYOXZuVTk4djVFbFl2V0l2Qm9yYk5BY3h0bEdOVGwtSHNzY2YzSnJHZVpadWJiVFhLOGx6M2s?oc=5\" target=\"_blank\" rel=\"nofollow noopener\">Nytt budsjett p\u00e5 plass: \u00d8ker ikke eiendomsskatten s\u00e5 dramatisk som f\u00f8rst foresl\u00e5tt<\/a>&nbsp;&nbsp;innherred.no<\/li>\n<li><a href=\"https:\/\/news.google.com\/rss\/articles\/CBMihAFBVV95cUxQT2l0bVRCS3ZxcnM4RlVlNFF2STEwYWtzc3Ffb1VXelE0aDgtVTduMXk1cWVsOVhNNmNLak1YeDFMX0l2QmE0ODBzYVNoUWlLMVdqaXZyMDlFWGJkLTZ2YUdCUXlBRVRNbzVDU25lbDFPSXVTNFh2dUtTWFNPUzFTc3dKSl8?oc=5\" target=\"_blank\" rel=\"nofollow noopener\">Verdal, TA-IV | Lyttet til kritikken \u2013 senker eiendomsskatten<\/a>&nbsp;&nbsp;Tr\u00f8nder-Avisa<\/li>\n<\/ol>\n","protected":false},"excerpt":{"rendered":"Sunnfjord-budsjettet 2026, Politikk | Vil auke eigedomsskatten: \u2013 Heilt vanvettig&nbsp;&nbsp;Firda \u2013 Ambisjonsniv\u00e5et m\u00e5 senkes&nbsp;&nbsp;fosna-folket.no \u2013 Midlene er allerede&hellip;\n","protected":false},"author":2,"featured_media":116483,"comment_status":"","ping_status":"","sticky":false,"template":"","format":"standard","meta":{"footnotes":""},"categories":[10],"tags":[20,21,24,25,15,22,23,13,30,28,29,14,16,26,27],"class_list":{"0":"post-116482","1":"post","2":"type-post","3":"status-publish","4":"format-standard","5":"has-post-thumbnail","7":"category-norge","8":"tag-breaking-news","9":"tag-breakingnews","10":"tag-featured-news","11":"tag-featurednews","12":"tag-headlines","13":"tag-latest-news","14":"tag-latestnews","15":"tag-news","16":"tag-no","17":"tag-norge","18":"tag-norway","19":"tag-nyheter","20":"tag-overskrifter","21":"tag-top-stories","22":"tag-topstories"},"share_on_mastodon":{"url":"https:\/\/pubeurope.com\/@no\/115740632992182939","error":""},"_links":{"self":[{"href":"https:\/\/www.europesays.com\/no\/wp-json\/wp\/v2\/posts\/116482","targetHints":{"allow":["GET"]}}],"collection":[{"href":"https:\/\/www.europesays.com\/no\/wp-json\/wp\/v2\/posts"}],"about":[{"href":"https:\/\/www.europesays.com\/no\/wp-json\/wp\/v2\/types\/post"}],"author":[{"embeddable":true,"href":"https:\/\/www.europesays.com\/no\/wp-json\/wp\/v2\/users\/2"}],"replies":[{"embeddable":true,"href":"https:\/\/www.europesays.com\/no\/wp-json\/wp\/v2\/comments?post=116482"}],"version-history":[{"count":0,"href":"https:\/\/www.europesays.com\/no\/wp-json\/wp\/v2\/posts\/116482\/revisions"}],"wp:featuredmedia":[{"embeddable":true,"href":"https:\/\/www.europesays.com\/no\/wp-json\/wp\/v2\/media\/116483"}],"wp:attachment":[{"href":"https:\/\/www.europesays.com\/no\/wp-json\/wp\/v2\/media?parent=116482"}],"wp:term":[{"taxonomy":"category","embeddable":true,"href":"https:\/\/www.europesays.com\/no\/wp-json\/wp\/v2\/categories?post=116482"},{"taxonomy":"post_tag","embeddable":true,"href":"https:\/\/www.europesays.com\/no\/wp-json\/wp\/v2\/tags?post=116482"}],"curies":[{"name":"wp","href":"https:\/\/api.w.org\/{rel}","templated":true}]}}