{"id":116486,"date":"2025-12-18T12:46:39","date_gmt":"2025-12-18T12:46:39","guid":{"rendered":"https:\/\/www.europesays.com\/no\/116486\/"},"modified":"2025-12-18T12:46:39","modified_gmt":"2025-12-18T12:46:39","slug":"fra-sykdom-til-comeback-pa-scenen","status":"publish","type":"post","link":"https:\/\/www.europesays.com\/no\/116486\/","title":{"rendered":"Fra sykdom til comeback p\u00e5 scenen"},"content":{"rendered":"<p class=\"kicker \" style=\"\">Lill Lindfors &#8211; helsen skranter<\/p>\n<p>  Den folkekj\u00e6re artisten h\u00e5per \u00e5 gj\u00f8re\u00a0comeback etter flere helseutfordringer.<\/p>\n<p>\n    GIR SEG IKKE: Til tross for kronisk sykdom og et alvorlig fall, har Lill Lindfors ikke tenkt \u00e5 slippe mikrofonen riktig enn\u00e5. Foto: Terje Bendiksby \/ NTB\n  <\/p>\n<p>Etter en lang og suksessrik karriere har den popul\u00e6re svenske artisten Lill Lindfors (85) st\u00f8tt p\u00e5 mye motbakke de siste \u00e5rene.<\/p>\n<p>Den folkekj\u00e6re artisten har underholdt det svenske publikum i over 60 \u00e5r, men med tidvis skrantende helse, er det en stund siden hun har velsignet S\u00f6ta bror med sin fl\u00f8yelsmyke r\u00f8st.<\/p>\n<p>    <a itemprop=\"url\" href=\"https:\/\/www.seher.no\/kjendis\/et-godt-grep\/83989891\" rel=\"nofollow noopener\" target=\"_blank\"><\/p>\n<p>        <img loading=\"lazy\" decoding=\"async\" src=\"https:\/\/www.europesays.com\/no\/wp-content\/uploads\/2025\/12\/1766061992_773_83991224.webp\" width=\"980\" height=\"441\" title=\"- Et godt grep\" alt=\"\" class=\"lazyload\" style=\"--aspect-ratio-image: 2.22; \"\/><\/p>\n<p>        &#8211; Et godt grep<\/p>\n<p>    <\/a><\/p>\n<p>Lill har nemlig v\u00e6rt plaget av en kronisk sykdom i noen \u00e5r &#8211; hvilket har medf\u00f8rt en rekke medisinske behandlinger.\u00a0<\/p>\n<p>Lill led av alvorlig hjertebank &#8211; og etter en blodpr\u00f8ve ble det bekreftet at hun hadde f\u00e5tt diagnosen hypertyreose &#8211; en sykdom som gj\u00f8r at stoffskiftet \u00f8ker og kroppen g\u00e5r p\u00e5 h\u00f8ygir med mange u\u00f8nskede symptomer..<\/p>\n<p>    Hva er hypertyreose?<\/p>\n<p> Hypertyreose, eller h\u00f8yt stoffskifte, er\u00a0en tilstand der skjoldbruskkjertelen produserer for mye av stoffskiftehormonene T3 og T4, noe som f\u00e5r kroppens prosesser til \u00e5 g\u00e5 p\u00e5 &laquo;h\u00f8ygir&raquo;, med symptomer som hjertebank, vekttap, svette, uro og rastl\u00f8shet.\u00a0Vanligste \u00e5rsak er Graves sykdom, en autoimmun lidelse, men ogs\u00e5 betennelser (tyreoiditt) kan gi forh\u00f8yet stoffskifte.\u00a0Behandling inneb\u00e6rer medisiner, radiojod eller kirurgi for \u00e5 normalisere hormonniv\u00e5ene. <\/p>\n<p>      Vis mer<br \/>\n      Vis mindre<\/p>\n<p class=\"font-weight-bold m-font-weight-bold\" data-lab-font_weight=\"font-weight-bold\">&#8211; Jeg syns man skal v\u00e6re observant dersom man blir kortpustet, f\u00e5r brystsmerter eller trykk over brystet. Generelt sett synes jeg egentlig man skal v\u00e6re oppmerksom p\u00e5 alle symptomer som er nye, sa hun til Expressen i fjor.<\/p>\n<p>        TIPS: Kongehusekspert Caroline Vagle oppfordrer den norske kongefamilien \u00e5 la seg inspirere av naboene. Reporter: Caroline Vagle. Video: Instagram\/@prinseparet \/ Kine Falch.<\/p>\n<p>Sykdommen ble heldigvis oppdaget i tide, og artisten startet med riktig medisinering for \u00e5 forhindre at sykdommen ble verre.<\/p>\n<p>        <img loading=\"lazy\" decoding=\"async\" src=\"https:\/\/www.europesays.com\/no\/wp-content\/uploads\/2025\/12\/83992101.webp\" width=\"667\" height=\"527\" title=\"SVERIGES WENCHE MYHRE: Lill Lindfors har samme status i Sverige som det Wenche har i Norge. Begge kraftkvinner med fantastiske stemmer.Foto arild Hordnes \/ NTB \/ NTB\" alt=\"\" class=\"\" style=\"--aspect-ratio-image: 1.27; \"\/><\/p>\n<p>\n        SVERIGES WENCHE MYHRE: Lill Lindfors har samme status i Sverige som det Wenche har i Norge. Begge kraftkvinner med fantastiske stemmer.Foto arild Hordnes \/ NTB \/ NTB\n    <\/p>\n<p>M\u00f8ter motstand\t<\/p>\n<p>Men selv om sykdommen n\u00e5 er under kontroll, kommer en ulykke ikke alene for den svenske artisten.\u00a0<\/p>\n<p>N\u00e5r ukebladet\u00a0<a href=\"https:\/\/www.hant.se\/noje\/lill-lindfors-staller-in-foll-och-skadade-sig-rejalt\/11190916\" rel=\"nofollow noopener\" target=\"_blank\">H\u00e4nt <\/a>m\u00f8ter henne i forbindelse med en gallapremiere, forteller hun at hun har v\u00e6rt utsatt for et alvorlig uhell.<\/p>\n<p>    <a itemprop=\"url\" href=\"https:\/\/www.seher.no\/kjendis\/domt-for-drapstrusler-mot-influenseren\/83990728\" rel=\"nofollow noopener\" target=\"_blank\"><\/p>\n<p>        <img loading=\"lazy\" decoding=\"async\" src=\"https:\/\/www.europesays.com\/no\/wp-content\/uploads\/2025\/12\/83979860.webp\" width=\"980\" height=\"441\" title=\"D\u00f8mt for drapstrusler mot influenseren\" alt=\"\" class=\"lazyload\" style=\"--aspect-ratio-image: 2.22; \"\/><\/p>\n<p>        D\u00f8mt for drapstrusler mot influenseren<\/p>\n<p>    <\/a><\/p>\n<p class=\"font-weight-bold m-font-weight-bold\" data-lab-font_weight=\"font-weight-bold\">&#8211; Helsen er ikke helt optimal. Jeg slo hodet og p\u00e5dro meg en hjernerystelse, forteller hun og legger til at ulykken skjedde i sommer, og at hun brakk kragebeinet i samme sleng.<\/p>\n<p>        <img loading=\"lazy\" decoding=\"async\" src=\"https:\/\/www.europesays.com\/no\/wp-content\/uploads\/2025\/12\/1766061997_957_83992100.webp\" width=\"667\" height=\"547\" title=\"SKRANTENDE: Lill Lindfors erkjenner at helsen ikke er helt optimal, men at hun, etter forholdene, har det bra. Foto: Berit Roald \/ NTB\" alt=\"\" class=\"\" style=\"--aspect-ratio-image: 1.22; \"\/><\/p>\n<p>\n        SKRANTENDE: Lill Lindfors erkjenner at helsen ikke er helt optimal, men at hun, etter forholdene, har det bra. Foto: Berit Roald \/ NTB\n    <\/p>\n<p>Skadene var s\u00e5pass omfattende at Lill m\u00e5tte sykmeldes &#8211; og kunne derfor ikke avholde konserter.<\/p>\n<p>    <a itemprop=\"url\" href=\"https:\/\/www.seher.no\/kjendis\/mistet-mamma\/83990272\" rel=\"nofollow noopener\" target=\"_blank\"><\/p>\n<p>        <img loading=\"lazy\" decoding=\"async\" src=\"https:\/\/www.europesays.com\/no\/wp-content\/uploads\/2025\/12\/1766061999_511_83990313.webp\" width=\"980\" height=\"441\" title=\"Mistet mamma\" alt=\"\" class=\"lazyload\" style=\"--aspect-ratio-image: 2.22; \"\/><\/p>\n<p>        Mistet mamma<\/p>\n<p>    <\/a><\/p>\n<p>N\u00e5 f\u00f8ler hun seg bedre &#8211; og planlegger \u00e5 gj\u00f8re comeback p\u00e5 scenen p\u00e5 ny\u00e5ret. Hun har allerede to kommende konserter p\u00e5 trappene, kan hun fortelle.<\/p>\n<p class=\"font-weight-bold m-font-weight-bold\" data-lab-font_weight=\"font-weight-bold\">&#8211; Jeg vet ikke hvor mye som er igjen av hjernerystelsen &#8230; men jeg f\u00f8ler meg frisk og jeg har det bra n\u00e5, sier hun avslutningsvis til det svenske magasinet.<\/p>\n","protected":false},"excerpt":{"rendered":"Lill Lindfors &#8211; helsen skranter Den folkekj\u00e6re artisten h\u00e5per \u00e5 gj\u00f8re\u00a0comeback etter flere helseutfordringer. GIR SEG IKKE: Til&hellip;\n","protected":false},"author":2,"featured_media":116487,"comment_status":"","ping_status":"","sticky":false,"template":"","format":"standard","meta":{"footnotes":""},"categories":[58],"tags":[4104,71,736,14048,479,14049,30,28,29,51,72],"class_list":{"0":"post-116486","1":"post","2":"type-post","3":"status-publish","4":"format-standard","5":"has-post-thumbnail","7":"category-underholdning","8":"tag-eksklusivt","9":"tag-entertainment","10":"tag-helse","11":"tag-hjernerystelse","12":"tag-kjendis","13":"tag-lill-lindfors","14":"tag-no","15":"tag-norge","16":"tag-norway","17":"tag-ulykke","18":"tag-underholdning"},"share_on_mastodon":{"url":"https:\/\/pubeurope.com\/@no\/115740645256892468","error":""},"_links":{"self":[{"href":"https:\/\/www.europesays.com\/no\/wp-json\/wp\/v2\/posts\/116486","targetHints":{"allow":["GET"]}}],"collection":[{"href":"https:\/\/www.europesays.com\/no\/wp-json\/wp\/v2\/posts"}],"about":[{"href":"https:\/\/www.europesays.com\/no\/wp-json\/wp\/v2\/types\/post"}],"author":[{"embeddable":true,"href":"https:\/\/www.europesays.com\/no\/wp-json\/wp\/v2\/users\/2"}],"replies":[{"embeddable":true,"href":"https:\/\/www.europesays.com\/no\/wp-json\/wp\/v2\/comments?post=116486"}],"version-history":[{"count":0,"href":"https:\/\/www.europesays.com\/no\/wp-json\/wp\/v2\/posts\/116486\/revisions"}],"wp:featuredmedia":[{"embeddable":true,"href":"https:\/\/www.europesays.com\/no\/wp-json\/wp\/v2\/media\/116487"}],"wp:attachment":[{"href":"https:\/\/www.europesays.com\/no\/wp-json\/wp\/v2\/media?parent=116486"}],"wp:term":[{"taxonomy":"category","embeddable":true,"href":"https:\/\/www.europesays.com\/no\/wp-json\/wp\/v2\/categories?post=116486"},{"taxonomy":"post_tag","embeddable":true,"href":"https:\/\/www.europesays.com\/no\/wp-json\/wp\/v2\/tags?post=116486"}],"curies":[{"name":"wp","href":"https:\/\/api.w.org\/{rel}","templated":true}]}}