{"id":116492,"date":"2025-12-18T12:52:10","date_gmt":"2025-12-18T12:52:10","guid":{"rendered":"https:\/\/www.europesays.com\/no\/116492\/"},"modified":"2025-12-18T12:52:10","modified_gmt":"2025-12-18T12:52:10","slug":"skistads-argeste-konkurrent-star-over-tour-de-ski","status":"publish","type":"post","link":"https:\/\/www.europesays.com\/no\/116492\/","title":{"rendered":"Skistads argeste konkurrent st\u00e5r over Tour de Ski"},"content":{"rendered":"\n<p class=\"_lead_o9xde_2 _lead_xtcu6_50 layout-component text-serif-m layout-normal text-serif-l layout-component layout-wide layout-padded _wide_17hqh_1 layout-padded\">Kristine Stav\u00e5s Skistad f\u00e5r \u00e9n konkurrent mindre \u00e5 bryne seg p\u00e5 i Tour de Ski-sprintene. Svenske Jonna Sundling dropper dermed romjulsrennene.<\/p>\n<ul class=\"_gallery_1qa3s_23\" tabindex=\"0\">\n<li class=\"_item_1qa3s_37\" data-index=\"0\"><img fetchpriority=\"high\" decoding=\"async\" class=\"_image_foru8_23 _introGallery_foru8_43\" data-fullscreen- width=\"5747\" height=\"3831\" itemprop=\"image\" loading=\"eager\"  src=\"https:\/\/www.europesays.com\/no\/wp-content\/uploads\/2025\/12\/c3f4d102-8c87-417c-b522-927f7702c6e2\"  style=\"object-position:50% 50%;aspect-ratio:var(--gallery-aspect-ratio, 16 \/ 9)\"\/>Jonna Sundling blir ikke \u00e5 se i Tour de Ski.  Foto: Gian Ehrenzeller \/ Keystone via AP \/ NTB<\/li>\n<li class=\"_item_1qa3s_37\" data-index=\"1\"><img decoding=\"async\" class=\"_image_foru8_23 _introGallery_foru8_43\" data-fullscreen- width=\"7304\" height=\"4872\" itemprop=\"image\" loading=\"lazy\"  src=\"https:\/\/www.europesays.com\/no\/wp-content\/uploads\/2025\/12\/0ec5e15a-a793-43ca-a037-55126cd50688\"  style=\"object-position:50% 50%;aspect-ratio:var(--gallery-aspect-ratio, 16 \/ 9)\"\/>Kristine Stav\u00e5s Skistad skal jakte p\u00e5 nye triumfer i Tour de Ski.<br \/>\nFoto: Geir Olsen \/ NTB<\/li>\n<\/ul>\n<p>Jonna Sundling blir ikke \u00e5 se i Tour de Ski.  Foto: Gian Ehrenzeller \/ Keystone via AP \/ NTB<\/p>\n<ul aria-hidden=\"true\" class=\"_images_ntbth_112\">\n<li><a class=\"_link_ntbth_117\" href=\"https:\/\/www.vg.no\/forfatter\/ntb\" style=\"z-index:1\" title=\"NTB\" rel=\"nofollow noopener\" target=\"_blank\"><img alt=\"Bilde av NTB\" class=\"_image_ntbth_93\" fetchpriority=\"low\" loading=\"lazy\" decoding=\"async\" itemprop=\"image\"  src=\"https:\/\/www.europesays.com\/no\/wp-content\/uploads\/2025\/12\/1766062330_549_c33980b0-5d07-4027-84a1-813f90a7c8d6\"  width=\"480\"\/><\/a><\/li>\n<\/ul>\n<p> Oppdatert torsdag 18. desember kl. 13:38     <\/p>\n<p class=\"_paragraph_o9xde_4 _paragraph_xtcu6_10 layout-component text-serif-m layout-normal text-serif-m layout-padded\">Skistad vant den f\u00f8rste verdenscupsprinten denne sesongen foran nettopp Sundling i Ruka. Senere vant Sundling i Davos, og hun leder ogs\u00e5 sprintcupen sammenlagt.<\/p>\n<p class=\"_paragraph_o9xde_4 _paragraph_xtcu6_10 layout-component text-serif-m layout-normal text-serif-m layout-padded\">Forel\u00f8pig virker <a href=\"https:\/\/www.vg.no\/tag\/jonna-sundling?utm_source=vg-article&amp;utm_medium=auto-tagger&amp;utm_campaign=d4dgm1\" class=\"_link_o9xde_39\" rel=\"nofollow noopener\" target=\"_blank\">Jonna Sundling<\/a> \u00e5 v\u00e6re noks\u00e5 alene om \u00e5 droppe Tour de Ski blant de aller st\u00f8rste navnene &#8211; i tillegg til Martin L\u00f8wstr\u00f8m Nyenget p\u00e5 herresiden. <\/p>\n<p class=\"_paragraph_o9xde_4 _paragraph_xtcu6_10 layout-component text-serif-m layout-normal text-serif-m layout-padded\">Sundling vant sprinten i Davos sist helg. <\/p>\n<p class=\"_paragraph_o9xde_4 _paragraph_xtcu6_10 layout-component text-serif-m layout-normal text-serif-m layout-padded\">Derimot er sterke sprintere som Linn Svahn, Johanna Hagstr\u00f6m og Maja Dahlqvist med i Sveriges tropp.<\/p>\n<p class=\"_paragraph_o9xde_4 _paragraph_xtcu6_10 layout-component text-serif-m layout-normal text-serif-m layout-padded\">Ogs\u00e5 distansekanonene Ebba Andersson og Frida Karlsson.<\/p>\n<p>Hele Sveriges tropp<\/p>\n<ul class=\"_list_o9xde_3 _list_xtcu6_9 _list_16v91_9 _unordered_o9xde_106 layout-component text-serif-m layout-normal text-sans-m layout-padded\">\n<li class=\"_item_o9xde_30\">Ebba Andersson, Pite\u00e5 Elit SK<\/li>\n<li class=\"_item_o9xde_30\">Maja Dahlqvist, Falun-Borl\u00e4nge SK<\/li>\n<li class=\"_item_o9xde_30\">Lisa Eriksson, Pite\u00e5 Elit SK<\/li>\n<li class=\"_item_o9xde_30\">Johanna Hagstr\u00f6m, Ulricehamns IF<\/li>\n<li class=\"_item_o9xde_30\">Moa Ilar, Falun-Borl\u00e4nge SK<\/li>\n<li class=\"_item_o9xde_30\">Frida Karlsson, Sollefte\u00e5 Skidor IF<\/li>\n<li class=\"_item_o9xde_30\">Moa Lundgren, \u00c5sarna IK<\/li>\n<li class=\"_item_o9xde_30\">Emma Ribom, Pite\u00e5 Elit SK<\/li>\n<li class=\"_item_o9xde_30\">M\u00e4rta Rosenberg, Trillevallens SK<\/li>\n<li class=\"_item_o9xde_30\">Linn Svahn, \u00d6stersunds SK<\/li>\n<\/ul>\n<ul class=\"_list_o9xde_3 _list_xtcu6_9 _list_16v91_9 _unordered_o9xde_106 layout-component text-serif-m layout-normal text-sans-m layout-padded\">\n<li class=\"_item_o9xde_30\">Edvin Anger, \u00c5sarna IK<\/li>\n<li class=\"_item_o9xde_30\">Gustaf Berglund, IFK Mora SK<\/li>\n<li class=\"_item_o9xde_30\">Johan Ekberg, IFK Mora SK<\/li>\n<li class=\"_item_o9xde_30\">Jonas Eriksson, IFK Mora SK<\/li>\n<li class=\"_item_o9xde_30\">Truls Gisselman, Rehns BK<\/li>\n<li class=\"_item_o9xde_30\">Anton Grahn, IFK Mora SK<\/li>\n<li class=\"_item_o9xde_30\">Alvar Myhlback, Bjurs\u00e5s IK<\/li>\n<li class=\"_item_o9xde_30\">William Poromaa, \u00c5sarna IK<\/li>\n<li class=\"_item_o9xde_30\">Eric Rosj\u00f6, IFK Mora SK<\/li>\n<\/ul>\n<p>Vis mer<\/p>\n<p class=\"_paragraph_o9xde_4 _paragraph_xtcu6_10 layout-component text-serif-m layout-normal text-serif-m layout-padded\">Touren i Italia \u00e5pner med sprint i fristil i Toblach 28. desember, mens det ogs\u00e5 skal g\u00e5s klassisk-sprint i Val di Fiemme 3. januar.<\/p>\n","protected":false},"excerpt":{"rendered":"Kristine Stav\u00e5s Skistad f\u00e5r \u00e9n konkurrent mindre \u00e5 bryne seg p\u00e5 i Tour de Ski-sprintene. Svenske Jonna Sundling&hellip;\n","protected":false},"author":2,"featured_media":116493,"comment_status":"","ping_status":"","sticky":false,"template":"","format":"standard","meta":{"footnotes":""},"categories":[5],"tags":[20,21,24,25,15,19,795,398,22,23,17,18,13,30,28,29,14,16,26,27,12662],"class_list":{"0":"post-116492","1":"post","2":"type-post","3":"status-publish","4":"format-standard","5":"has-post-thumbnail","7":"category-overskrifter","8":"tag-breaking-news","9":"tag-breakingnews","10":"tag-featured-news","11":"tag-featurednews","12":"tag-headlines","13":"tag-hovedoppslag","14":"tag-jonna-sundling","15":"tag-langrenn","16":"tag-latest-news","17":"tag-latestnews","18":"tag-main-news","19":"tag-mainnews","20":"tag-news","21":"tag-no","22":"tag-norge","23":"tag-norway","24":"tag-nyheter","25":"tag-overskrifter","26":"tag-top-stories","27":"tag-topstories","28":"tag-tour-de-ski"},"share_on_mastodon":{"url":"https:\/\/pubeurope.com\/@no\/115740668548919948","error":""},"_links":{"self":[{"href":"https:\/\/www.europesays.com\/no\/wp-json\/wp\/v2\/posts\/116492","targetHints":{"allow":["GET"]}}],"collection":[{"href":"https:\/\/www.europesays.com\/no\/wp-json\/wp\/v2\/posts"}],"about":[{"href":"https:\/\/www.europesays.com\/no\/wp-json\/wp\/v2\/types\/post"}],"author":[{"embeddable":true,"href":"https:\/\/www.europesays.com\/no\/wp-json\/wp\/v2\/users\/2"}],"replies":[{"embeddable":true,"href":"https:\/\/www.europesays.com\/no\/wp-json\/wp\/v2\/comments?post=116492"}],"version-history":[{"count":0,"href":"https:\/\/www.europesays.com\/no\/wp-json\/wp\/v2\/posts\/116492\/revisions"}],"wp:featuredmedia":[{"embeddable":true,"href":"https:\/\/www.europesays.com\/no\/wp-json\/wp\/v2\/media\/116493"}],"wp:attachment":[{"href":"https:\/\/www.europesays.com\/no\/wp-json\/wp\/v2\/media?parent=116492"}],"wp:term":[{"taxonomy":"category","embeddable":true,"href":"https:\/\/www.europesays.com\/no\/wp-json\/wp\/v2\/categories?post=116492"},{"taxonomy":"post_tag","embeddable":true,"href":"https:\/\/www.europesays.com\/no\/wp-json\/wp\/v2\/tags?post=116492"}],"curies":[{"name":"wp","href":"https:\/\/api.w.org\/{rel}","templated":true}]}}