{"id":116494,"date":"2025-12-18T12:57:38","date_gmt":"2025-12-18T12:57:38","guid":{"rendered":"https:\/\/www.europesays.com\/no\/116494\/"},"modified":"2025-12-18T12:57:38","modified_gmt":"2025-12-18T12:57:38","slug":"tyskland-investerer-600-milliarder-kroner-i-militaer-opprustning","status":"publish","type":"post","link":"https:\/\/www.europesays.com\/no\/116494\/","title":{"rendered":"Tyskland investerer 600 milliarder kroner i milit\u00e6r opprustning"},"content":{"rendered":"<p class=\"kicker t15 font-weight-bold m-font-weight-bold color_mobile_no_bg_color quaternary color_mobile_quaternary font-Trim text-case-transform-upper mobile-hasTextPadding\" style=\"\">Nyheter<\/p>\n<p>    Tyskland \u00f8nsker \u00e5 g\u00e5 foran som et eksempel.<\/p>\n<p>\n        FORSVARSMILLIARDER: Tysklands forsvarsminister Boris Pistorius har f\u00e5tt gr\u00f8nt lys fra de folkevalgte til \u00e5 gj\u00f8re storinnkj\u00f8p av v\u00e5pen og milit\u00e6rt materiell. Her under utrulling av nye Leopard-stridsvogner hos KNDS i M\u00fcnchen.<br \/>\n        Foto: Jo Straube, Forsvarets forum\n    <\/p>\n<p>De folkevalgte i\u00a0Tyskland\u00a0har godkjent et forslag om \u00e5 bruke 50\u00a0milliarder\u00a0euro, rundt\u00a0600\u00a0milliarder\u00a0kroner, p\u00e5 innkj\u00f8p av v\u00e5pen og annet milit\u00e6rt materiell.<\/p>\n<p>Regjeringen i Berlin har tidligere varslet opprustning av det tyske forsvaret, og onsdag fikk de gr\u00f8nt lys til storsatsingen fra nasjonalforsamlingen.<\/p>\n<p>\u2013 Vi sender et signal til Nato-alliansen og v\u00e5re partnere:\u00a0Tyskland\u00a0g\u00e5r foran, heter det i en uttalelse fra det tyske forsvarsdepartementet.<\/p>\n<p>Pengene som n\u00e5 er satt av,\u00a0skal\u00a0if\u00f8lge departementet brukes til innkj\u00f8p av alt fra missiler til pansrede kj\u00f8ret\u00f8y.<\/p>\n","protected":false},"excerpt":{"rendered":"Nyheter Tyskland \u00f8nsker \u00e5 g\u00e5 foran som et eksempel. FORSVARSMILLIARDER: Tysklands forsvarsminister Boris Pistorius har f\u00e5tt gr\u00f8nt lys&hellip;\n","protected":false},"author":2,"featured_media":116495,"comment_status":"","ping_status":"","sticky":false,"template":"","format":"standard","meta":{"footnotes":""},"categories":[12],"tags":[20,21,24,25,15,22,23,13,30,28,29,14,16,26,27,42,43,44,45],"class_list":{"0":"post-116494","1":"post","2":"type-post","3":"status-publish","4":"format-standard","5":"has-post-thumbnail","7":"category-verden","8":"tag-breaking-news","9":"tag-breakingnews","10":"tag-featured-news","11":"tag-featurednews","12":"tag-headlines","13":"tag-latest-news","14":"tag-latestnews","15":"tag-news","16":"tag-no","17":"tag-norge","18":"tag-norway","19":"tag-nyheter","20":"tag-overskrifter","21":"tag-top-stories","22":"tag-topstories","23":"tag-verden","24":"tag-world","25":"tag-world-news","26":"tag-worldnews"},"share_on_mastodon":{"url":"https:\/\/pubeurope.com\/@no\/115740688046749622","error":""},"_links":{"self":[{"href":"https:\/\/www.europesays.com\/no\/wp-json\/wp\/v2\/posts\/116494","targetHints":{"allow":["GET"]}}],"collection":[{"href":"https:\/\/www.europesays.com\/no\/wp-json\/wp\/v2\/posts"}],"about":[{"href":"https:\/\/www.europesays.com\/no\/wp-json\/wp\/v2\/types\/post"}],"author":[{"embeddable":true,"href":"https:\/\/www.europesays.com\/no\/wp-json\/wp\/v2\/users\/2"}],"replies":[{"embeddable":true,"href":"https:\/\/www.europesays.com\/no\/wp-json\/wp\/v2\/comments?post=116494"}],"version-history":[{"count":0,"href":"https:\/\/www.europesays.com\/no\/wp-json\/wp\/v2\/posts\/116494\/revisions"}],"wp:featuredmedia":[{"embeddable":true,"href":"https:\/\/www.europesays.com\/no\/wp-json\/wp\/v2\/media\/116495"}],"wp:attachment":[{"href":"https:\/\/www.europesays.com\/no\/wp-json\/wp\/v2\/media?parent=116494"}],"wp:term":[{"taxonomy":"category","embeddable":true,"href":"https:\/\/www.europesays.com\/no\/wp-json\/wp\/v2\/categories?post=116494"},{"taxonomy":"post_tag","embeddable":true,"href":"https:\/\/www.europesays.com\/no\/wp-json\/wp\/v2\/tags?post=116494"}],"curies":[{"name":"wp","href":"https:\/\/api.w.org\/{rel}","templated":true}]}}