{"id":116506,"date":"2025-12-18T13:12:07","date_gmt":"2025-12-18T13:12:07","guid":{"rendered":"https:\/\/www.europesays.com\/no\/116506\/"},"modified":"2025-12-18T13:12:07","modified_gmt":"2025-12-18T13:12:07","slug":"na-tar-gardbrukerne-i-europa-til-gatene-igjen-torsdag-samles-sinna-bonder-i-brussel-nationen","status":"publish","type":"post","link":"https:\/\/www.europesays.com\/no\/116506\/","title":{"rendered":"N\u00e5 tar g\u00e5rdbrukerne i Europa til gatene igjen: Torsdag samles sinna b\u00f8nder i Brussel &#8211; Nationen"},"content":{"rendered":"<ol>\n<li><a href=\"https:\/\/news.google.com\/rss\/articles\/CBMiyAFBVV95cUxOVFNJcUtSYmZEMHVnQWlrUW5IdmZnUDFwU1kyZ2E5OWJiVDlVWDJrOGJ3LXpqZGFTNmNhcV84LVl1YWVuOE5QS0hZUGt0OWFPMkJBWnk1OGVYdjJjVnNjczVoTEpocDE4MzR4WU90WXAteVpfMXBkeUpOOXhnb2d6OFZXQUZTcXFIYVpaV1A5TXp1NXRva19pZVRlRFVSekRtX2JZMkVkcUVRU1BjU2JUdG1mSDF3VUNMZVpubU1hZll3ZFpGVjBVeQ?oc=5\" target=\"_blank\" rel=\"nofollow noopener\">N\u00e5 tar g\u00e5rdbrukerne i Europa til gatene igjen: Torsdag samles sinna b\u00f8nder i Brussel<\/a>&nbsp;&nbsp;Nationen<\/li>\n<li><a href=\"https:\/\/news.google.com\/rss\/articles\/CBMivgFBVV95cUxOUW56VUlrNEpfYk9zOTJhRU1hem9CWmgyRFZXS0RpTk9fOE5SMXFBS24yUXkzRFFSTWpVal9VajJkWEZsM3hqTlFfcDREaTFUaERucG14WUJoSXM4b3BLSWM0NnlDMGR0OUhWQTgtcEJQb2g2QW1NZmstdTdfTjBFVy1lWURaTVVzN0ljTEhUUDEtYloxWUVhbTgyajd0ZHhjYU1SRl9KTFJKVHdFSG91SmtUei1VY0xlUkxvRTB3?oc=5\" target=\"_blank\" rel=\"nofollow noopener\">Illsinte bondeprotester i Brussel mot EUs handelsavtale med S\u00f8r-Amerika<\/a>&nbsp;&nbsp;adressa.no<\/li>\n<li><a href=\"https:\/\/news.google.com\/rss\/articles\/CBMioAFBVV95cUxPcDBleEVCU2o5UlpoZ3VhcWhxV2N4ZG96RG9mM2d5eTdpbkp6dnNhQ3J2YlVOcXNsVjhsSUc3Z1YxMGNOOHQ2b01BNEY2UHFIb2xjaUZNUFN6c3pWcmxQMDN0VUEzRkxMSVgyanNxTDFXenFNSk91QzJHVFgyNnNGLXVOVk9od2NMUFZTSDV0bklWY2JIWXREU3doV05Sd0hr?oc=5\" target=\"_blank\" rel=\"nofollow noopener\">Lula truer med \u00e5 trekke Brasil fra handelsavtale med EU<\/a>&nbsp;&nbsp;Aftenposten<\/li>\n<li><a href=\"https:\/\/news.google.com\/rss\/articles\/CBMiqgFBVV95cUxQZTdGYzUyenE1bzRCc2pPS0xaaXpqN29HV0tEOGVLS0VERFVwOGZwUU93SWtSaTNqMGJMSmotTlNRY1k0NzNjMkJWZG82UHk4LVhucEh3bnlkbWpibzdzXzItMFY0MWtwd0s4c3p4MjBOUWtyZTlDaXBoTERjeklsTXlXUV93b1h2bHAzZENmUWhIZl9MdzdpdW10aHNRcW9TaWNUSk5ZUlJ5dw?oc=5\" target=\"_blank\" rel=\"nofollow noopener\">Italia: For tidlig for Mercosur-avtalen<\/a>&nbsp;&nbsp;TV2.no<\/li>\n<li><a href=\"https:\/\/news.google.com\/rss\/articles\/CBMilwFBVV95cUxOV1hza2pXcUYzY1k2NE9tUXRPYV9kNmprem04Ujc2T2pwdTVVR2xmYzdISWdjbDBzUDZKRTZZeWdxa2IzU1NHYWo1SGlMaUlpZTd3b3lzbGZHRllUTkNGX3VxS0Job2k4WXU2NThvaDd5YTV4N2JScGJHN014emo3Y2hPQ09zdDdtc1pwS01RZVhjYlhMMkFR?oc=5\" target=\"_blank\" rel=\"nofollow noopener\">(+) EU-parlamentet \u00e5pner for Mercosur-avtalen<\/a>&nbsp;&nbsp;folkebladet.no<\/li>\n<\/ol>\n","protected":false},"excerpt":{"rendered":"N\u00e5 tar g\u00e5rdbrukerne i Europa til gatene igjen: Torsdag samles sinna b\u00f8nder i Brussel&nbsp;&nbsp;Nationen Illsinte bondeprotester i Brussel&hellip;\n","protected":false},"author":2,"featured_media":116507,"comment_status":"","ping_status":"","sticky":false,"template":"","format":"standard","meta":{"footnotes":""},"categories":[12],"tags":[20,21,24,25,15,22,23,13,30,28,29,14,16,26,27,42,43,44,45],"class_list":{"0":"post-116506","1":"post","2":"type-post","3":"status-publish","4":"format-standard","5":"has-post-thumbnail","7":"category-verden","8":"tag-breaking-news","9":"tag-breakingnews","10":"tag-featured-news","11":"tag-featurednews","12":"tag-headlines","13":"tag-latest-news","14":"tag-latestnews","15":"tag-news","16":"tag-no","17":"tag-norge","18":"tag-norway","19":"tag-nyheter","20":"tag-overskrifter","21":"tag-top-stories","22":"tag-topstories","23":"tag-verden","24":"tag-world","25":"tag-world-news","26":"tag-worldnews"},"share_on_mastodon":{"url":"https:\/\/pubeurope.com\/@no\/115740747020100155","error":""},"_links":{"self":[{"href":"https:\/\/www.europesays.com\/no\/wp-json\/wp\/v2\/posts\/116506","targetHints":{"allow":["GET"]}}],"collection":[{"href":"https:\/\/www.europesays.com\/no\/wp-json\/wp\/v2\/posts"}],"about":[{"href":"https:\/\/www.europesays.com\/no\/wp-json\/wp\/v2\/types\/post"}],"author":[{"embeddable":true,"href":"https:\/\/www.europesays.com\/no\/wp-json\/wp\/v2\/users\/2"}],"replies":[{"embeddable":true,"href":"https:\/\/www.europesays.com\/no\/wp-json\/wp\/v2\/comments?post=116506"}],"version-history":[{"count":0,"href":"https:\/\/www.europesays.com\/no\/wp-json\/wp\/v2\/posts\/116506\/revisions"}],"wp:featuredmedia":[{"embeddable":true,"href":"https:\/\/www.europesays.com\/no\/wp-json\/wp\/v2\/media\/116507"}],"wp:attachment":[{"href":"https:\/\/www.europesays.com\/no\/wp-json\/wp\/v2\/media?parent=116506"}],"wp:term":[{"taxonomy":"category","embeddable":true,"href":"https:\/\/www.europesays.com\/no\/wp-json\/wp\/v2\/categories?post=116506"},{"taxonomy":"post_tag","embeddable":true,"href":"https:\/\/www.europesays.com\/no\/wp-json\/wp\/v2\/tags?post=116506"}],"curies":[{"name":"wp","href":"https:\/\/api.w.org\/{rel}","templated":true}]}}