{"id":116508,"date":"2025-12-18T13:13:19","date_gmt":"2025-12-18T13:13:19","guid":{"rendered":"https:\/\/www.europesays.com\/no\/116508\/"},"modified":"2025-12-18T13:13:19","modified_gmt":"2025-12-18T13:13:19","slug":"sveinung-rotevatn-venstre-vg-sveinung-rotevatn-gar-av-som-venstre-nestleder-gar-til-bellona","status":"publish","type":"post","link":"https:\/\/www.europesays.com\/no\/116508\/","title":{"rendered":"Sveinung Rotevatn, Venstre | VG: Sveinung Rotevatn g\u00e5r av som Venstre-nestleder \u2013 g\u00e5r til Bellona"},"content":{"rendered":"\n<p>Rotevatn er hentet som daglig leder av Bellona-grunnlegger Frederic Hauge, som n\u00e5 er styreleder i stiftelsen, skriver <a rel=\"noopener nofollow\" href=\"https:\/\/www.vg.no\/nyheter\/i\/0pEeGJ\/sveinung-rotevatn-gaar-av-som-venstre-nestleder\" target=\"_blank\">VG<\/a>.<\/p>\n<p>\u2013 Bellona er partipolitisk uavhengig, og da kan ikke Bellonas leder v\u00e6re sentralt tillitsvalgt i Venstre, sier Rotevatn til avisen.<\/p>\n<p>Ansettelsen ble kunngjort for de ansatte i organisasjonen p\u00e5 et allm\u00f8te torsdag formiddag.<\/p>\n<p>Rotevatn var statsr\u00e5d i Solberg-regjeringen i to \u00e5r, og satt \u00e5tte \u00e5r p\u00e5 Stortinget, fram til stortingsvalget i h\u00f8st, da partiet falt under sperregrensen og han mistet plassen sin.<\/p>\n<p>De f\u00f8rste fire \u00e5rene var han innvalgt fra Sogn og Fjordane, etterfulgt av fire \u00e5r som innvalgt fra Hordaland.<\/p>\n<p>Den avtroppende nestlederen gratuleres med den nye jobben av partileder Guri Melby:<\/p>\n<p>\u2013 Jeg er helt sikker p\u00e5 at Bellona kommer til \u00e5 f\u00e5 stor glede av Sveinungs h\u00f8ye kompetanse og store engasjement i \u00e5rene fremover, sier Melby i en epost til NTB.<\/p>\n<p>Samtidig takker hun ham for innsatsen og sier Rotevatn etterlater seg et tomrom i organisasjonen.<\/p>\n<p>\u2013 Jeg har satt stor pris p\u00e5 \u00e5 ha Sveinung p\u00e5 laget i de \u00e5rene jeg har v\u00e6rt partileder, og kommer til \u00e5 savne hans kunnskap og analyser og ikke minst hans evne til \u00e5 snakke om kompliserte saker p\u00e5 en forst\u00e5elig m\u00e5te, sier Melby.<\/p>\n","protected":false},"excerpt":{"rendered":"Rotevatn er hentet som daglig leder av Bellona-grunnlegger Frederic Hauge, som n\u00e5 er styreleder i stiftelsen, skriver VG.&hellip;\n","protected":false},"author":2,"featured_media":116509,"comment_status":"","ping_status":"","sticky":false,"template":"","format":"standard","meta":{"footnotes":""},"categories":[10],"tags":[36,10622,20,21,24,25,15,22,23,13,30,28,29,14,16,1510,14039,26,27,3930],"class_list":{"0":"post-116508","1":"post","2":"type-post","3":"status-publish","4":"format-standard","5":"has-post-thumbnail","7":"category-norge","8":"tag-art","9":"tag-bellona","10":"tag-breaking-news","11":"tag-breakingnews","12":"tag-featured-news","13":"tag-featurednews","14":"tag-headlines","15":"tag-latest-news","16":"tag-latestnews","17":"tag-news","18":"tag-no","19":"tag-norge","20":"tag-norway","21":"tag-nyheter","22":"tag-overskrifter","23":"tag-story","24":"tag-sveinung-rotevatn","25":"tag-top-stories","26":"tag-topstories","27":"tag-venstre"},"share_on_mastodon":{"url":"https:\/\/pubeurope.com\/@no\/115740750830418253","error":""},"_links":{"self":[{"href":"https:\/\/www.europesays.com\/no\/wp-json\/wp\/v2\/posts\/116508","targetHints":{"allow":["GET"]}}],"collection":[{"href":"https:\/\/www.europesays.com\/no\/wp-json\/wp\/v2\/posts"}],"about":[{"href":"https:\/\/www.europesays.com\/no\/wp-json\/wp\/v2\/types\/post"}],"author":[{"embeddable":true,"href":"https:\/\/www.europesays.com\/no\/wp-json\/wp\/v2\/users\/2"}],"replies":[{"embeddable":true,"href":"https:\/\/www.europesays.com\/no\/wp-json\/wp\/v2\/comments?post=116508"}],"version-history":[{"count":0,"href":"https:\/\/www.europesays.com\/no\/wp-json\/wp\/v2\/posts\/116508\/revisions"}],"wp:featuredmedia":[{"embeddable":true,"href":"https:\/\/www.europesays.com\/no\/wp-json\/wp\/v2\/media\/116509"}],"wp:attachment":[{"href":"https:\/\/www.europesays.com\/no\/wp-json\/wp\/v2\/media?parent=116508"}],"wp:term":[{"taxonomy":"category","embeddable":true,"href":"https:\/\/www.europesays.com\/no\/wp-json\/wp\/v2\/categories?post=116508"},{"taxonomy":"post_tag","embeddable":true,"href":"https:\/\/www.europesays.com\/no\/wp-json\/wp\/v2\/tags?post=116508"}],"curies":[{"name":"wp","href":"https:\/\/api.w.org\/{rel}","templated":true}]}}