{"id":116520,"date":"2025-12-18T13:27:43","date_gmt":"2025-12-18T13:27:43","guid":{"rendered":"https:\/\/www.europesays.com\/no\/116520\/"},"modified":"2025-12-18T13:27:43","modified_gmt":"2025-12-18T13:27:43","slug":"prinsesse-beatrice-ma-velge-mellom-kongefamilien-eller-faren","status":"publish","type":"post","link":"https:\/\/www.europesays.com\/no\/116520\/","title":{"rendered":"Prinsesse Beatrice m\u00e5 velge mellom kongefamilien eller faren"},"content":{"rendered":"<p class=\"kicker \" style=\"\">Prinsesse Beatrice<\/p>\n<p>  Prinsessen st\u00e5r overfor et umulig valg etter at kong Charles har invitert familien til jul p\u00e5 Sandringham \u2013 uten foreldrene prins Andrew og Sarah Ferguson.<\/p>\n<p>\n    T\u00d8FFE TAK: Prinsesse Beatrice m\u00e5 ta et sv\u00e6rt vanskelig valg, som kan f\u00e5 store konsekvenser. Bak skimter vi lilles\u00f8ster prinsesse Eugenie. Foto: NTB\n  <\/p>\n<p><a href=\"https:\/\/www.seher.no\/kongelig\/besokte-pappa-midt-i-krisen\/83754141\" rel=\"nofollow noopener\" target=\"_blank\">Prinsesse Beatrice (37)<\/a> og <a href=\"https:\/\/www.seher.no\/kjendis\/gar-hver-sin-vei\/82627239\" rel=\"nofollow noopener\" target=\"_blank\">prinsesse Eugenie (35)<\/a> st\u00e5r overfor et vanskelig valg i \u00e5r, skriver\u00a0<a href=\"https:\/\/www.dailymail.co.uk\/news\/royals\/article-15381555\/Princesses-Beatrice-Eugenie-face-tug-love-dilemma-Kings-invitation-spend-Christmas-Sandringham-without-Andrew-Fergie.html\" rel=\"nofollow noopener\" target=\"_blank\">Mail on Sunday<\/a><\/p>\n<p><a href=\"https:\/\/www.seher.no\/kjendis\/kommer-med-helseoppdatering\/83978038\" class=\"\" rel=\"nofollow noopener\" target=\"_blank\">Kong Charles (77)<\/a> og <a href=\"https:\/\/www.seher.no\/kongelig\/hatet-tanken-pa-a-bli-dronning\/82863500\" rel=\"nofollow noopener\" target=\"_blank\">dronning Camilla (78) <\/a>har invitert prinsessene og familiene til \u00e5 feire jul sammen med kongefamilien p\u00e5 Sandringham, men foreldrene Andrew Mountbatten-Windsor (65) og Sarah Ferguson (66) er ikke lenger \u00f8nsket velkommen.\u00a0<\/p>\n<p>    <a itemprop=\"url\" href=\"https:\/\/www.seher.no\/kongelig\/sjokkavsloring-planla-drap\/83906264\" rel=\"nofollow noopener\" target=\"_blank\"><\/p>\n<p>        <img loading=\"lazy\" decoding=\"async\" src=\"https:\/\/www.europesays.com\/no\/wp-content\/uploads\/2025\/12\/1766064452_435_83876977.webp\" width=\"980\" height=\"441\" title=\"Sjokkavsl\u00f8ring: Planla drap\" alt=\"\" class=\"lazyload\" style=\"--aspect-ratio-image: 2.22; \"\/><\/p>\n<p>        Sjokkavsl\u00f8ring: Planla drap<\/p>\n<p>    <\/a><\/p>\n<p class=\"font-weight-bold m-font-weight-bold\" data-lab-font_weight=\"font-weight-bold\">N\u00e5 sliter s\u00f8strene med \u00e5 finne en l\u00f8sning som gj\u00f8r alle forn\u00f8yde.<\/p>\n<p>If\u00f8lge avisen er situasjonen blitt et f\u00f8lelsesmessig mareritt for s\u00f8strene &#8211; begge er lojale overfor kongen og institusjonen, men har selvsagt ogs\u00e5 sterke b\u00e5nd til foreldrene sine.<\/p>\n<p>        LURINGER: Det gikk ikke helt etter boken da kronprins Christian og prins Vincent konkurrerte mot s\u00f8strene Josephine og Isabella om \u00e5 lage det fineste pepperkakehuset. Reporter: Caroline Vagle. Video: Instagram\/@detdanskekongehus \/ Kine Falch<\/p>\n<p>Prinsesse Beatrice f\u00f8ler i \u00e5r et spesielt stort press. Hun \u00f8nsker if\u00f8lge avisen \u00e5 v\u00e6re hjemme i Cotswolds sammen ektemannen Edoardo Mapelli Mozzi (36) og barna Sienna (4) og Athena (11 md.) og moren Sarah Ferguson.<\/p>\n<p>    <a itemprop=\"url\" href=\"https:\/\/www.seher.no\/kongelig\/vil-ikke-etterforske\/83980554\" rel=\"nofollow noopener\" target=\"_blank\"><\/p>\n<p>        <img loading=\"lazy\" decoding=\"async\" src=\"https:\/\/www.europesays.com\/no\/wp-content\/uploads\/2025\/12\/83980573.webp\" width=\"980\" height=\"441\" title=\"Vil ikke etterforske\" alt=\"\" class=\"lazyload\" style=\"--aspect-ratio-image: 2.22; \"\/><\/p>\n<p>        Vil ikke etterforske<\/p>\n<p>    <\/a><\/p>\n<p>Samtidig f\u00f8ler hun seg n\u00e6rmest forpliktet til \u00e5 v\u00e6re sammen med resten av den britiske kongefamilien p\u00e5 Sandringham.<\/p>\n<p>Men Beatrice \u00f8nsker ogs\u00e5 \u00e5 tilbringe en siste jul p\u00e5 Royal Lodge sammen med faren Andrew, til tross for hans fall etter Epstein-skandalen.<\/p>\n<p>        <img loading=\"lazy\" decoding=\"async\" src=\"https:\/\/www.europesays.com\/no\/wp-content\/uploads\/2025\/12\/83985860.webp\" width=\"667\" height=\"487\" title=\"F\u00d8LER PRESSET: Prinsesse Eugenie og prinsesse Beatrices far Andrew Mountbatten-Windsor st\u00e5r lavt i kurs hos de fleste. N\u00e5 f\u00f8ler barna presset fra kongefamilien. Her fra Kate og Williams bryllup. Foto: NTB\" alt=\"\" class=\"\" style=\"--aspect-ratio-image: 1.37; \"\/><\/p>\n<p>\n        F\u00d8LER PRESSET: Prinsesse Eugenie og prinsesse Beatrices far Andrew Mountbatten-Windsor st\u00e5r lavt i kurs hos de fleste. N\u00e5 f\u00f8ler barna presset fra kongefamilien. Her fra Kate og Williams bryllup. Foto: NTB\n    <\/p>\n<p>Beatrice og Eugenie vokste opp p\u00e5 Royal Lodge, og dette blir den aller siste julen p\u00e5 eiendommen, ettersom kong Charles og prins William (43) har bestemt seg for \u00e5 kaste Andrew p\u00e5 hodet ut.\u00a0<\/p>\n<p class=\"font-weight-bold m-font-weight-bold\" data-lab-font_weight=\"font-weight-bold\">&#8211; Med mindre hun tar en beslutning om \u00e5 velge \u00e9n side og bare \u00e9n side, kommer hun til \u00e5 tilbringe mye tid i bilen, sier en kilde til Mail on Sunday.<\/p>\n<p>&#8211; Alt i alt faller det p\u00e5 prinsessene \u00e5 roe ned familiesplittelsen. De sliter med julen.<\/p>\n<p>        <img loading=\"lazy\" decoding=\"async\" src=\"https:\/\/www.europesays.com\/no\/wp-content\/uploads\/2025\/12\/83985908.webp\" width=\"686\" height=\"590\" title=\"FORTSATT N\u00c6RE VENNER: Prinsesse Eugenie (t.v) og prinsesse Beatrice har fortsatt god kontakt med s\u00f8skenbarnet prins Harry. Her fra kroningsseremonien til Charles og Camilla i 2023. Foto: NTB\" alt=\"\" class=\"\" style=\"--aspect-ratio-image: 1.16; \"\/><\/p>\n<p>\n        FORTSATT N\u00c6RE VENNER: Prinsesse Eugenie (t.v) og prinsesse Beatrice har fortsatt god kontakt med s\u00f8skenbarnet prins Harry. Her fra kroningsseremonien til Charles og Camilla i 2023. Foto: NTB\n    <\/p>\n<p>Strippet for kongelige titler\t<\/p>\n<p>Fredag forrige uke deltok b\u00e5de Andrew og Sarah Ferguson p\u00e5 d\u00e5pen til Beatrices datter Athena i Chapel Royal i St James&#8217;s Palace.\u00a0<\/p>\n<p>Dette var f\u00f8rste gang paret var p\u00e5 innsiden av et kongelig slott etter at de ble fratatt titlene sine etter nye avsl\u00f8ringer om deres forhold til den avd\u00f8de overgriperen Jeffrey Epstein.<\/p>\n<p>        N\u00c6RE VENNER: Liv Ullmann hyller Anders Baasmo etter at han mottok Wenche Foss\u2019 \u00e6respris. Video: Espen Solli \/ Kine Falch<\/p>\n<p>Foreldrene ble regelrett smuglet inn og ut av St. James&#8217;s Palace, uten at en eneste fotograf s\u00e5 snurten til dem.<\/p>\n<p>Etter d\u00e5pen samlet familie og venner seg p\u00e5 en pub i n\u00e6rheten, men Sarah og Andrew var ikke til stede.\u00a0<\/p>\n<p>    <a itemprop=\"url\" href=\"https:\/\/www.seher.no\/kongelig\/tatt-ti-ferier-kan-vaere-i-fred\/83972159\" rel=\"nofollow noopener\" target=\"_blank\"><\/p>\n<p>        <img loading=\"lazy\" decoding=\"async\" src=\"https:\/\/www.europesays.com\/no\/wp-content\/uploads\/2025\/12\/83927109.webp\" width=\"980\" height=\"441\" title=\"Tatt ti ferier: - Kan v\u00e6re i fred\" alt=\"\" class=\"lazyload\" style=\"--aspect-ratio-image: 2.22; \"\/><\/p>\n<p>        Tatt ti ferier: &#8211; Kan v\u00e6re i fred<\/p>\n<p>    <\/a><\/p>\n<p>Andrew har tidligere m\u00e5ttet trekke seg fra alle offentlige kongelige plikter etter skandalen. N\u00e5 er han og ekskona Sarah Ferguson i praksis utestengt fra kongefamilien, som gj\u00f8r alt de kan for \u00e5 distansere seg fra skandaleparet.\u00a0<\/p>\n<p>Selv om de ikke er gift har de bodd sammen under samme tak p\u00e5 Royal Lodge, og havnet i et gjensidig avhengighetsforhold til hverandre.<\/p>\n<p>        AVKREFTER: Det oppstod misforst\u00e5elser da en promovideo til \u00abSofa\u00bb ble vist p\u00e5 TV 2s v\u00e5rlansering. Video: Nora Skavhaug\/ Thea Hope<\/p>\n<p>Diskuterte julen sammen\t<\/p>\n<p>Dagen f\u00f8r d\u00e5pen ble b\u00e5de Beatrice og Eugenie sett p\u00e5 en to timer lang lunsj p\u00e5 den eksklusive restauranten Mount St. i Mayfair.<\/p>\n<p>        <img loading=\"lazy\" decoding=\"async\" src=\"https:\/\/www.europesays.com\/no\/wp-content\/uploads\/2025\/12\/83985900.webp\" width=\"980\" height=\"559\" title=\"KVARTETT: Princess Beatrice , ektemannen Edoardo Mapelli Mozzi, prinsesse Eugenie og ektemannen Jack Brooksbank etter en minnegudstjeneste for avd\u00f8de prins Philip, prinsessenes bestefar. Foto: NTB\" alt=\"\" class=\"\" style=\"--aspect-ratio-image: 1.75; \"\/><\/p>\n<p>\n        KVARTETT: Princess Beatrice , ektemannen Edoardo Mapelli Mozzi, prinsesse Eugenie og ektemannen Jack Brooksbank etter en minnegudstjeneste for avd\u00f8de prins Philip, prinsessenes bestefar. Foto: NTB\n    <\/p>\n<p>Til tross for brede smil utad diskuterte nok s\u00f8strene den umulige situasjonen de har havnet i. Det h\u00f8rer med til historien at prinsessene ikke alltid har v\u00e6rt like popul\u00e6re i hjemlandet, og de m\u00e5 ogs\u00e5 tenke p\u00e5 sitt eget omd\u00f8mme.<\/p>\n<p>        AVSL\u00d8RT: N\u00e5r kongefamilien samles til julebakst, er det \u00e9n ting som g\u00e5r igjen. Kong Harald har nemlig en svakhet som mange vil kjenne seg igjen i. Reporter: Caroline Vagle. Video: Kine Falch<\/p>\n<p>Prinsesse Eugenie bor til daglig i Portugal.\u00a0<\/p>\n<p>&#8211; Eugenie er fristet til \u00e5 bli i Portugal med familien og ektemannen Jack Brooksbank. Hun er s\u00e5 godt etablert der, langt unna alt dramaet, sier kilden til avisen.\u00a0<\/p>\n<p>    <a itemprop=\"url\" href=\"https:\/\/www.seher.no\/kongelig\/vekker-oppsikt-i-spania\/83984546\" rel=\"nofollow noopener\" target=\"_blank\"><\/p>\n<p>        <img loading=\"lazy\" decoding=\"async\" src=\"https:\/\/www.europesays.com\/no\/wp-content\/uploads\/2025\/12\/1766064461_72_83985054.webp\" width=\"980\" height=\"441\" title=\"Vekker oppsikt i Spania\" alt=\"\" class=\"lazyload\" style=\"--aspect-ratio-image: 2.22; \"\/><\/p>\n<p>        Vekker oppsikt i Spania<\/p>\n<p>    <\/a><\/p>\n<p class=\"font-weight-bold m-font-weight-bold\" data-lab-font_weight=\"font-weight-bold\">Uansett hva Beatrice velger, blir det feil.<\/p>\n<p>Se og H\u00f8rs kongehusekspert Caroline Vagle har f\u00e5tt med seg juledramaet i England:<\/p>\n<p>        <img loading=\"lazy\" decoding=\"async\" src=\"https:\/\/www.europesays.com\/no\/wp-content\/uploads\/2025\/12\/81868716.webp\" width=\"686\" height=\"714\" title=\"T\u00d8FFE TAK: Se og H\u00f8rs Caroline Vagle er glad hun ikke er i prinsesse Beatrices sko. Foto: Se og H\u00f8r\" alt=\"\" class=\"\" style=\"--aspect-ratio-image: 0.96; \"\/><\/p>\n<p>\n        T\u00d8FFE TAK: Se og H\u00f8rs Caroline Vagle er glad hun ikke er i prinsesse Beatrices sko. Foto: Se og H\u00f8r\n    <\/p>\n<p class=\"\">&#8211; Dette m\u00e5 v\u00e6re et ekstremt vanskelig dilemma for prinsessen. En f\u00f8lelsesmessig berg- og dalbane! Hun er naturligvis glad i foreldrene sine &#8211; til tross for all elendigheten de har satt familien i. Men s\u00e5 har hun ogs\u00e5 et stort hjerte for sin onkel kong Charles som jo har v\u00e6rt kreftsyk de siste to \u00e5rene. Og kanskje tenker hun ogs\u00e5 p\u00e5 sitt eget omd\u00f8mme.\u00a0<\/p>\n<p>Buckingham Palace har ikke \u00f8nsket \u00e5 kommentere saken til Daily Mail.<\/p>\n","protected":false},"excerpt":{"rendered":"Prinsesse Beatrice Prinsessen st\u00e5r overfor et umulig valg etter at kong Charles har invitert familien til jul p\u00e5&hellip;\n","protected":false},"author":2,"featured_media":116521,"comment_status":"","ping_status":"","sticky":false,"template":"","format":"standard","meta":{"footnotes":""},"categories":[12],"tags":[10361,20,21,9630,3868,4104,24,25,15,3994,76,22,23,13,30,28,29,14,16,4636,7479,9549,7142,4839,26,27,42,43,44,45],"class_list":{"0":"post-116520","1":"post","2":"type-post","3":"status-publish","4":"format-standard","5":"has-post-thumbnail","7":"category-verden","8":"tag-andrew-mountbatten-windsor","9":"tag-breaking-news","10":"tag-breakingnews","11":"tag-den-britiske-kongefamilien","12":"tag-dronning-camilla","13":"tag-eksklusivt","14":"tag-featured-news","15":"tag-featurednews","16":"tag-headlines","17":"tag-kong-charles","18":"tag-kongelig","19":"tag-latest-news","20":"tag-latestnews","21":"tag-news","22":"tag-no","23":"tag-norge","24":"tag-norway","25":"tag-nyheter","26":"tag-overskrifter","27":"tag-prins-william","28":"tag-prinsesse-beatrice","29":"tag-prinsesse-eugenie","30":"tag-royal-lodge","31":"tag-sarah-ferguson","32":"tag-top-stories","33":"tag-topstories","34":"tag-verden","35":"tag-world","36":"tag-world-news","37":"tag-worldnews"},"share_on_mastodon":{"url":"https:\/\/pubeurope.com\/@no\/115740806208490178","error":""},"_links":{"self":[{"href":"https:\/\/www.europesays.com\/no\/wp-json\/wp\/v2\/posts\/116520","targetHints":{"allow":["GET"]}}],"collection":[{"href":"https:\/\/www.europesays.com\/no\/wp-json\/wp\/v2\/posts"}],"about":[{"href":"https:\/\/www.europesays.com\/no\/wp-json\/wp\/v2\/types\/post"}],"author":[{"embeddable":true,"href":"https:\/\/www.europesays.com\/no\/wp-json\/wp\/v2\/users\/2"}],"replies":[{"embeddable":true,"href":"https:\/\/www.europesays.com\/no\/wp-json\/wp\/v2\/comments?post=116520"}],"version-history":[{"count":0,"href":"https:\/\/www.europesays.com\/no\/wp-json\/wp\/v2\/posts\/116520\/revisions"}],"wp:featuredmedia":[{"embeddable":true,"href":"https:\/\/www.europesays.com\/no\/wp-json\/wp\/v2\/media\/116521"}],"wp:attachment":[{"href":"https:\/\/www.europesays.com\/no\/wp-json\/wp\/v2\/media?parent=116520"}],"wp:term":[{"taxonomy":"category","embeddable":true,"href":"https:\/\/www.europesays.com\/no\/wp-json\/wp\/v2\/categories?post=116520"},{"taxonomy":"post_tag","embeddable":true,"href":"https:\/\/www.europesays.com\/no\/wp-json\/wp\/v2\/tags?post=116520"}],"curies":[{"name":"wp","href":"https:\/\/api.w.org\/{rel}","templated":true}]}}