{"id":116530,"date":"2025-12-18T13:36:16","date_gmt":"2025-12-18T13:36:16","guid":{"rendered":"https:\/\/www.europesays.com\/no\/116530\/"},"modified":"2025-12-18T13:36:16","modified_gmt":"2025-12-18T13:36:16","slug":"romeriksdebatten-roaf-vi-som-innbyggere-foler-oss-lurt","status":"publish","type":"post","link":"https:\/\/www.europesays.com\/no\/116530\/","title":{"rendered":"Romeriksdebatten, ROAF | Vi som innbyggere f\u00f8ler oss lurt"},"content":{"rendered":"\n<p>Folk skulle slippe \u00e5 ha egen dunk for b\u00e5de plast- og matavfall. Ti \u00e5r senere sitter innbyggerne igjen med flere dunker, sjeldnere t\u00f8mming, mer s\u00f8ppel i boden \u2013 og h\u00f8yere regninger.<\/p>\n<p>Bakgrunnen for at du og jeg m\u00e5 ha en dunk ekstra for matavfallet var blant annet en rapport fra konsulentselskapet Deloitte. Der var konklusjonen at vi blir flinkere til \u00e5 sortere matavfall med en ekstra boks for de gr\u00f8nne posene. Det m\u00e5tte til for \u00e5 tilfredsstille nye krav om sorteringsgrad.<\/p>\n<p>Vi som innbyggere f\u00f8ler oss lurt etter at vi skulle slippe flere dunker p\u00e5 grunn av den store investeringen til Roaf. I stedet blir det dyrere \u00e5 levere avfall og vi f\u00e5r mindre igjen for pengene.<\/p>\n<p>Helomvending<\/p>\n<p>Restavfall og matavfall hentes sjeldnere. Dunkene fylles opp. Innbyggerne klager og frykter at vond lukt, fugler og skadedyr blir en del av hverdagen. Og l\u00f8sningen Roaf tilbyr? Betal mer for st\u00f8rre dunk. Eller kj\u00f8p ekstrasekker til 50 kroner stykket.<\/p>\n<p>Hadde ikke politikerne anf\u00f8rt av Lillestr\u00f8ms ordf\u00f8rer Kjartan Berland grepet inn ville det g\u00e5tt inntil tre uker f\u00f8r juleavfallet ble hentet. Der ble Roaf presset til \u00e5 gj\u00f8re helomvending, og det skulle bare mangle. Mon tro hvordan det hadde g\u00e5tt med en privat bedrift som opererte p\u00e5 samme m\u00e5te overfor kundene? Betal mer \u2013 f\u00e5 mindre igjen.<\/p>\n<p>  <a href=\"https:\/\/www.rb.no\/5-43-2634973\" class=\"related-teaser has-image default-story-teaser article--c-eRUmMG article--c-eRUmMG-jKCPdD-design-default\" rel=\"nofollow noopener\" target=\"_blank\"><\/p>\n<p>    <img decoding=\"async\" loading=\"lazy\"  src=\"https:\/\/www.europesays.com\/no\/wp-content\/uploads\/2025\/12\/Drone___6_av_20_.jpg\" alt=\"\" class=\"brick-c-cFOWSL\" style=\"\"\/><\/p>\n<p>\n            Les ogs\u00e5<\/p>\n<p>              Innbyggerne raser mot Roaf \u2013 kalles inn p\u00e5 teppet\n        <\/p>\n<p>  <\/a><br \/>\n  Til for innbyggerne<\/p>\n<p>Roaf er et interkommunalt selskap eid av kommunene. Det skal drives etter selvkostprinsippet og v\u00e6re til for innbyggerne. Likevel opptrer selskapet som om det er innbyggerne som er til for systemet. N\u00e5r folk klager, f\u00e5r de beskjed om \u00e5 \u00absamarbeide med nabolaget\u00bb eller betale seg ut av problemet.<\/p>\n<p>P\u00e5 toppen av det hele \u00f8ker prisen for \u00e5 levere avfall til det mangedobbelte. Flere politikere er kritiske.<\/p>\n<p>Ordf\u00f8reren i Lillestr\u00f8m, Kjartan Berland, har bedt om et snarlig eierm\u00f8te p\u00e5 grunn av st\u00f8yen og misn\u00f8yen. F\u00f8rst fikk han svar om at det f\u00f8rst kunne skje i mars. Greit nok kan man tulle med sendrektighet i byr\u00e5kratiet, men snarest mulig er det i hvert fall ikke. N\u00e5 sier Roafs styreleder at det kan skje n\u00e5r som helst.<\/p>\n<p>Ta tilbake makta<\/p>\n<p>Etter den sagnomsuste vannverksskandalen p\u00e5 Romerike ble et av tiltakene mindre politisk styring av de interkommunale selskapene. Derfor ble det innf\u00f8rt profesjonelle styrer. N\u00e5 er det p\u00e5 tide at de folkevalgte tar tilbake styringen.<\/p>\n<p>De vi som innbyggere kan stille til ansvar ved valg. Et selskap som forvalter en av de mest inngripende kommunale tjenestene i folks hverdag, kan ikke i praksis v\u00e6re fritatt fra demokratisk kontroll. Enten det gjelder pengebruk eller tjenestetilbudet. Det b\u00f8r starte med at eierm\u00f8tet skjer f\u00f8r v\u00e5ren gj\u00f8r sin anmarsj med illeluktende matdunker som symbol p\u00e5 d\u00e5rligere tjenester. Det er tross alt vi som finansierer Roaf.<\/p>\n","protected":false},"excerpt":{"rendered":"Folk skulle slippe \u00e5 ha egen dunk for b\u00e5de plast- og matavfall. Ti \u00e5r senere sitter innbyggerne igjen&hellip;\n","protected":false},"author":2,"featured_media":116531,"comment_status":"","ping_status":"","sticky":false,"template":"","format":"standard","meta":{"footnotes":""},"categories":[10],"tags":[36,20,21,24,25,15,22,23,13,30,28,29,14,1533,16,14050,5060,14051,26,27],"class_list":{"0":"post-116530","1":"post","2":"type-post","3":"status-publish","4":"format-standard","5":"has-post-thumbnail","7":"category-norge","8":"tag-art","9":"tag-breaking-news","10":"tag-breakingnews","11":"tag-featured-news","12":"tag-featurednews","13":"tag-headlines","14":"tag-latest-news","15":"tag-latestnews","16":"tag-news","17":"tag-no","18":"tag-norge","19":"tag-norway","20":"tag-nyheter","21":"tag-opinion","22":"tag-overskrifter","23":"tag-roaf","24":"tag-romeriksdebatten","25":"tag-soppeltomming","26":"tag-top-stories","27":"tag-topstories"},"share_on_mastodon":{"url":"https:\/\/pubeurope.com\/@no\/115740841509324384","error":""},"_links":{"self":[{"href":"https:\/\/www.europesays.com\/no\/wp-json\/wp\/v2\/posts\/116530","targetHints":{"allow":["GET"]}}],"collection":[{"href":"https:\/\/www.europesays.com\/no\/wp-json\/wp\/v2\/posts"}],"about":[{"href":"https:\/\/www.europesays.com\/no\/wp-json\/wp\/v2\/types\/post"}],"author":[{"embeddable":true,"href":"https:\/\/www.europesays.com\/no\/wp-json\/wp\/v2\/users\/2"}],"replies":[{"embeddable":true,"href":"https:\/\/www.europesays.com\/no\/wp-json\/wp\/v2\/comments?post=116530"}],"version-history":[{"count":0,"href":"https:\/\/www.europesays.com\/no\/wp-json\/wp\/v2\/posts\/116530\/revisions"}],"wp:featuredmedia":[{"embeddable":true,"href":"https:\/\/www.europesays.com\/no\/wp-json\/wp\/v2\/media\/116531"}],"wp:attachment":[{"href":"https:\/\/www.europesays.com\/no\/wp-json\/wp\/v2\/media?parent=116530"}],"wp:term":[{"taxonomy":"category","embeddable":true,"href":"https:\/\/www.europesays.com\/no\/wp-json\/wp\/v2\/categories?post=116530"},{"taxonomy":"post_tag","embeddable":true,"href":"https:\/\/www.europesays.com\/no\/wp-json\/wp\/v2\/tags?post=116530"}],"curies":[{"name":"wp","href":"https:\/\/api.w.org\/{rel}","templated":true}]}}