{"id":116532,"date":"2025-12-18T13:37:08","date_gmt":"2025-12-18T13:37:08","guid":{"rendered":"https:\/\/www.europesays.com\/no\/116532\/"},"modified":"2025-12-18T13:37:08","modified_gmt":"2025-12-18T13:37:08","slug":"a-male-et-liv-smp-no","status":"publish","type":"post","link":"https:\/\/www.europesays.com\/no\/116532\/","title":{"rendered":"\u00c5 male et liv &#8211; smp.no"},"content":{"rendered":"\n<p data-testid=\"textWithMarkup-text\" data-v-81d7dc2b=\"\" data-v-62d58f52=\"\">Den vitale og arbeidsglade \u00c5lesundskunstneren ble en del av byens bevissthet. <\/p>\n<p>Les ogs\u00e5:<a class=\"article-link horizontal\" aria-label=\"Relatert artikkel\" href=\"https:\/\/www.smp.no\/kultur\/n\/Gx1kpB\/terje-fagermo-er-doed\" data-v-7b3bb948=\"\" data-v-abbe8158=\"\" rel=\"nofollow noopener\" target=\"_blank\"><\/p>\n<p>Terje Fagermo er d\u00f8d <\/p>\n<p><\/a><\/p>\n<p data-testid=\"textWithMarkup-text\" data-v-81d7dc2b=\"\" data-v-62d58f52=\"\">Helt til det aller siste levde han et og aktivt liv som kunstner. Fra sitt atelier p\u00e5 Molja hadde han byen som han elsket n\u00e6rt p\u00e5. Jeg selv har hatt gleden av \u00e5 arbeide med hans utstillinger fra 2017 og fram til i dag, og m\u00f8tte en s\u00e6rdeles raus og lyttende kunstner. Terje Fagermo bodde fortsatt i Bergveien, i huset hans far tegnet. Lett i kroppen forserte han daglig 84 trapper ned og opp igjen \u00a0&#8211; og hele hans tette familie var en stor grunn til at han kunne bo \u00abs\u00e5 h\u00f8yt i fjellveggen\u00bb helt til det siste. <\/p>\n<p data-testid=\"textWithMarkup-text\" data-v-81d7dc2b=\"\" data-v-62d58f52=\"\">Terje Fagermo var f\u00f8dt inn i en kunstnerfamilie. Faren, Ole Fagermo, hadde studert ved Statens h\u00e5ndverk- og kunstindustriskole i 1920-\u00e5rene, og han ble s\u00f8nnens viktigste forbilde og l\u00e6remester. Den kyndige veiledning han fikk der har v\u00e6rt en forutsetning for hans omfattende tekniske kunnskap og ferdighet. <\/p>\n<p>Fagermo-utstilling p\u00e5 KH\u00c5K kunsthall i \u00c5lesund.\u00a0<strong data-v-e47ab0d0=\"\">Foto:<\/strong> Staale Watt\u00f8<\/p>\n<p data-testid=\"textWithMarkup-text\" data-v-81d7dc2b=\"\" data-v-62d58f52=\"\">Terje Fagermo har arbeidet innen forskjellige kunstretninger, tidlig fant han inntrykk og motiv fra \u00c5lesund havn og fjell og fjord i skiftende metrologi. Senere, &#8211; abstrakte arbeider, inspirerte \u00f8yeblikk med dristig og virkningsfull fargebruk. Han har ogs\u00e5 gjort veggdekorasjoner og skulpturer p\u00e5 oppdrag. Terje Fagermo hadde tidlig eksperimentert med det han kalte \u00abhimmelrombilder\u00bb &#8211; \u00absvevende\u00bb, tredimensjonale og geometrisk bilder som tok inn tiden da Sputnik erobret verdensrommet i 1959. Disse arbeidene ble aller f\u00f8rst vist ved en utstilling i Oslo, der han imponerte og opplevde \u00e5 f\u00e5 stor oppmerksomhet. <\/p>\n<p data-testid=\"textWithMarkup-text\" data-v-81d7dc2b=\"\" data-v-62d58f52=\"\">Terje Fagermos f\u00f8rste utstilling var p\u00e5 \u00abJazzbua\u00bb i \u00c5lesund i 1967. Der oppsto et livslangt vennskap med \u00c5lesunds kunstmesen\/kunstsamler; forretningsmannen Kjell Holm (1919-2009). P\u00e5 Kjell Holms middelalderg\u00e5rd Sandbu i V\u00e5g\u00e5 fikk en samling av Fagermos arbeider plass p\u00e5 m\u00f8rke t\u00f8mmervegger. Gjennom Kjell Holm m\u00f8tte Terje Fagermo, Christian Sulheim, mange\u00e5rig direkt\u00f8r for Stiftelsen Norsk Kulturarv. M\u00f8tet resulterte i et Fagemo-galleri som ble \u00e5pnet i 2004 og finnes i to av de gamle husene p\u00e5 Uppigard Sulheim i V\u00e5g\u00e5. <\/p>\n<p data-testid=\"textWithMarkup-text\" data-v-81d7dc2b=\"\" data-v-62d58f52=\"\">I 1998 vakte Terje Fagermo stor oppmerksomhet langt utenfor \u00c5lesund, da han sammen med de kjente kunstnerne Ludvig Eikaas og K\u00e5re Tveter stilte ut i Washington. Utstillingens tittel var Norwegian Contrast og Terje Fagermo ble, pga sine eksepsjonelle \u00abHimmelrom-bilder\u00bb, titulert som The Norwegian Artist of Space. Like stor oppmerksomhet ble det ogs\u00e5 da Terje Fagermo stilte ut i Robert Sandelson Gallery i London i 2009. <\/p>\n<p><strong data-v-e47ab0d0=\"\">Foto:<\/strong> Staale Watt\u00f8<\/p>\n<p data-testid=\"textWithMarkup-text\" data-v-81d7dc2b=\"\" data-v-62d58f52=\"\">Terje Fagermo har aldri \u00f8nsket seg langt vekk fra \u00c5lesund. Han har valgt \u00e5 g\u00e5 forbi gallerid\u00f8rer som har st\u00e5tt vid\u00e5pne n\u00e5r rykter om hans dyktighet har n\u00e5dd de skarpeste hovedstadskritikere og gallerister. Av hans separatutstillinger m\u00e5 nevnes; Galleri Galtung i Oslo 1985, Galleri F-15 p\u00e5 Jel\u00f8y ved Moss i 1999. Norsk Fjordsenter i Geiranger 2003, da sammen med sine kunstnerd\u00f8tre Susanne og Solveig Fagermo. I \u00c5lesund har han bl.a. stilt ut hos Galleri Aasen, \u00c5lesund Kunstforening \/KH\u00c5K kunsthall i 1975, 2012 og 2017, Alnes fyr og opplevelsessenter i 2018 og 2022. I Molde p\u00e5 \u00abDie Tankstelle\u00bb\/ Mertz Contemporary 2023, \u00d8rsta og Volda Kunstlag i 2024 og s\u00e5 sent som i oktober i \u00e5r i en spenstig \u00abPop-up\u00bb-utstilling i Kongensgate i \u00c5lesund<\/p>\n<p data-testid=\"textWithMarkup-text\" data-v-81d7dc2b=\"\" data-v-62d58f52=\"\">Terje Fagermo er tildelt \u00c5lesund kommunes kunstnerpris i 1988, i 2019 ble han av \u00d8st Rotary klubb tildelt prisen Paul Harris Fellow. I 2022 fikk han Sunnm\u00f8rspostens kunstnerpris. Av innkj\u00f8pte arbeider til bedrifter kan nevnes bl.a.; Arbeidsdirektoratet, Stiftelsen Kjell Holm, Aker Stadion i Molde, Color Line Stadion i \u00c5lesund, Br\u00f8drene Sunde og I.P. Huse. og p\u00e5 Dronning Sonjas plass i \u00c5lesund st\u00e5r skulpturen \u00abNyskaperen\u00bb.<\/p>\n<p>Terje Fagermo fotografert i atelieret p\u00e5 Molja, i Molovegen 10 i \u00c5lesund.\u00a0<strong data-v-e47ab0d0=\"\">Foto:<\/strong> Roger Engvik <\/p>\n","protected":false},"excerpt":{"rendered":"Den vitale og arbeidsglade \u00c5lesundskunstneren ble en del av byens bevissthet. Les ogs\u00e5: Terje Fagermo er d\u00f8d Helt&hellip;\n","protected":false},"author":2,"featured_media":116533,"comment_status":"","ping_status":"","sticky":false,"template":"","format":"standard","meta":{"footnotes":""},"categories":[5],"tags":[20,21,24,25,15,19,22,23,17,18,13,30,28,29,14,16,26,27],"class_list":{"0":"post-116532","1":"post","2":"type-post","3":"status-publish","4":"format-standard","5":"has-post-thumbnail","7":"category-overskrifter","8":"tag-breaking-news","9":"tag-breakingnews","10":"tag-featured-news","11":"tag-featurednews","12":"tag-headlines","13":"tag-hovedoppslag","14":"tag-latest-news","15":"tag-latestnews","16":"tag-main-news","17":"tag-mainnews","18":"tag-news","19":"tag-no","20":"tag-norge","21":"tag-norway","22":"tag-nyheter","23":"tag-overskrifter","24":"tag-top-stories","25":"tag-topstories"},"share_on_mastodon":{"url":"https:\/\/pubeurope.com\/@no\/115740845256032795","error":""},"_links":{"self":[{"href":"https:\/\/www.europesays.com\/no\/wp-json\/wp\/v2\/posts\/116532","targetHints":{"allow":["GET"]}}],"collection":[{"href":"https:\/\/www.europesays.com\/no\/wp-json\/wp\/v2\/posts"}],"about":[{"href":"https:\/\/www.europesays.com\/no\/wp-json\/wp\/v2\/types\/post"}],"author":[{"embeddable":true,"href":"https:\/\/www.europesays.com\/no\/wp-json\/wp\/v2\/users\/2"}],"replies":[{"embeddable":true,"href":"https:\/\/www.europesays.com\/no\/wp-json\/wp\/v2\/comments?post=116532"}],"version-history":[{"count":0,"href":"https:\/\/www.europesays.com\/no\/wp-json\/wp\/v2\/posts\/116532\/revisions"}],"wp:featuredmedia":[{"embeddable":true,"href":"https:\/\/www.europesays.com\/no\/wp-json\/wp\/v2\/media\/116533"}],"wp:attachment":[{"href":"https:\/\/www.europesays.com\/no\/wp-json\/wp\/v2\/media?parent=116532"}],"wp:term":[{"taxonomy":"category","embeddable":true,"href":"https:\/\/www.europesays.com\/no\/wp-json\/wp\/v2\/categories?post=116532"},{"taxonomy":"post_tag","embeddable":true,"href":"https:\/\/www.europesays.com\/no\/wp-json\/wp\/v2\/tags?post=116532"}],"curies":[{"name":"wp","href":"https:\/\/api.w.org\/{rel}","templated":true}]}}