{"id":116542,"date":"2025-12-18T13:50:24","date_gmt":"2025-12-18T13:50:24","guid":{"rendered":"https:\/\/www.europesays.com\/no\/116542\/"},"modified":"2025-12-18T13:50:24","modified_gmt":"2025-12-18T13:50:24","slug":"politi-drap-drapssaken-skal-utrede-hans-sinntilstand","status":"publish","type":"post","link":"https:\/\/www.europesays.com\/no\/116542\/","title":{"rendered":"Politi, Drap | Drapssaken: &#8211; Skal utrede hans sinntilstand"},"content":{"rendered":"\n<p>Det opplyser Tr\u00f8ndelag politidistrikt torsdag morgen.<\/p>\n<p>Politiet har gjennomf\u00f8rt \u00e5stedsunders\u00f8kelse hvor det er tatt flere beslag og sikret pr\u00f8ver for videre analyse og tatt beslag i digitale lagringsenheter som gjennomg\u00e5s. Politiet har ogs\u00e5 gjennomf\u00f8rt en rekke vitneavh\u00f8r.<\/p>\n<p><b>Drapssiktede J\u00f8rn Andersen er fra Mel\u00f8y og er tidligere domfelt for drapet p\u00e5 Linn Charlott Nesblom (16) i 1999.<\/b><\/p>\n<p>Det er gjennomf\u00f8rt obduksjon, og politiet mener at d\u00f8dsfallet skyldes at avd\u00f8de ble p\u00e5f\u00f8rt d\u00f8delig vold.<\/p>\n<p>  <a href=\"https:\/\/www.an.no\/5-4-2296957\" class=\"related-teaser default-story-teaser article--c-eRUmMG article--c-eRUmMG-jKCPdD-design-default article--c-eRUmMG-kpKLOW-cv\" rel=\"nofollow noopener\" target=\"_blank\"><\/p>\n<p>\n            Les ogs\u00e5<\/p>\n<p>              Marita (35) ble drept i Orkland\n        <\/p>\n<p>  <\/a><\/p>\n<p>&#8211; Det skal gj\u00f8res noen flere kriminaltekniske unders\u00f8kelser i dag, og det er oppnevnt to rettspsykiatriske sakkyndige som skal gjennomf\u00f8re en utredning av siktedes sinnstilstand. Det er ogs\u00e5 en del av de sakkyndiges mandat \u00e5 utrede faren for gjentakelse. Etterforskningen er bredt anlagt, og politiet leter ogs\u00e5 aktivt etter opplysninger som peker i annen retning enn mot den siktede mannen, sier politiadvokat Ole Andreas Aftret.<\/p>\n<p>Holder tett<\/p>\n<p>Andersen formidlet tidlig til politiet at han ikke \u00f8nsker \u00e5 la seg avh\u00f8re, og dette \u00f8nsket har han opprettholdt.<\/p>\n<p>Siktelsen mot ham er uendret.<\/p>\n<p>  <a href=\"https:\/\/www.an.no\/5-4-2296106\" class=\"related-teaser has-image default-story-teaser article--c-eRUmMG article--c-eRUmMG-jKCPdD-design-default\" rel=\"nofollow noopener\" target=\"_blank\"><\/p>\n<p>    <img decoding=\"async\" loading=\"lazy\"  src=\"https:\/\/www.europesays.com\/no\/wp-content\/uploads\/2025\/12\/1766065823_653_2663895798_3408454a.jpg\" alt=\"\" class=\"brick-c-cFOWSL\" style=\"\"\/><\/p>\n<p>\n            Les ogs\u00e5<\/p>\n<p>              Daniel havnet i sl\u00e5sskamp med drapsmannen: \u2013 Han m\u00e5 aldri ut igjen\n        <\/p>\n<p>  <\/a><\/p>\n<p>&#8211; At den siktede ikke er avh\u00f8rt er en av \u00e5rsakene til at vi ikke \u00f8nsker \u00e5 g\u00e5 ut med konkret informasjon om d\u00f8ds\u00e5rsak eller om det er gjort beslag av v\u00e5pen, utover at vi mener det er sikkert at dette er et drap og at d\u00f8ds\u00e5rsaken er den volden avd\u00f8de ble utsatt for. \u00c5 dele mer informasjon om dette n\u00e5 vil kunne skade etterforskingen p\u00e5 sikt, sier politiadvokat Aftret.<\/p>\n<p>Etterforskningen g\u00e5r n\u00e5 inn i en ny fase der innhentet informasjon og beslag skal gjennomg\u00e5s, analysesvar innhentes og informasjonen i saken skal kontrolleres og sammenstilles.<\/p>\n<p>Venter svar<\/p>\n<p>Samtidig m\u00e5 det vurderes behov for innhenting av ny informasjon, if\u00f8lge politiadvokaten.<\/p>\n<p>   <img decoding=\"async\" width=\"2048\" height=\"1366\" fetchpriority=\"low\"  loading=\"lazy\"  src=\"https:\/\/www.europesays.com\/no\/wp-content\/uploads\/2025\/12\/cueres_scp-mangler_navn_J8L8H_HLieA.jpg\" alt=\"Trondheim 20230705. &#10;P\u00e5taleansvarlig Ole Andreas Aftret i Tr\u00f8ndelag politidistrikt snakker med pressen etter at en kvinne i 70-\u00e5rene ble funnet d\u00f8d i \u00d8rland kommune i Tr\u00f8ndelag torsdag 29. juni. En mann i 60-\u00e5rene er n\u00e5 siktet for drap.&#10;Foto: Joakim Halvorsen \/ NTB\" class=\"brick-c-cFOWSL\" style=\"--brick-image-ratio: 2048 \/ 1366;\"\/><\/p>\n<p>      P\u00e5taleansvarlig Ole Andreas Aftret i Tr\u00f8ndelag politidistrikt.<br \/>\n      Foto: Joakim Halvorsen\n    <\/p>\n<p>I tillegg til forel\u00f8pig obduksjonsrapport, venter politiet p\u00e5 svar p\u00e5 analyser fra spor med DNA, fingeravtrykk og andre pr\u00f8ver, som er innhentet fra flere steder som har tilknytning til saken. Politiet har flere tekniske bevis, men har fortsatt ikke f\u00e5tt analysesvar som sier noe om hva sporene betyr og hvordan de skal forst\u00e5s.<\/p>\n<p>            Derfor identifiserer AN den siktede<\/p>\n<p>L\u00f8rdag kveld ble en kvinne i 30-\u00e5rene funnet d\u00f8d i Orkland. <\/p>\n<p>Kort tid etter ble J\u00f8rn Andersen, tidligere J\u00f8rn-Are Andersen S\u00e6le, p\u00e5grepet og siktet for drap. <\/p>\n<p>Avisa Nordland har valgt \u00e5 identifisere Andersen. <\/p>\n<p>Han er tidligere d\u00f8mt for drapet p\u00e5 16 \u00e5r gamle Linn Charlott Nesblom, som ble drept p\u00e5 Halsa i 1999. Andersen ble identifisert av flere medier, ogs\u00e5 Nordlandsposten og Nordlands Framtid, den gang. <\/p>\n<p>Han er ogs\u00e5 tidligere d\u00f8mt for grov vold mot en eks-kj\u00e6reste. <\/p>\n<p>Pressen skal v\u00e6re varsomme med identifisering p\u00e5 et tidlig stadium av etterforskning i saker som omhandler straffbare forhold. Samtidig har offentligheten rett til \u00e5 vite hvem som er involvert ved alvorlige og gjentatte kriminelle handlinger. Drap er en sv\u00e6rt alvorlig forbrytelse, og det er relevant for ANs lesere \u00e5 vite at siktede har beg\u00e5tt tilsvarende handlinger tidligere. <\/p>\n<p>AN understreker at Andersen forel\u00f8pig kun er siktet for forholdet. <\/p>\n<p>&#8211; Det er ikke mulig \u00e5 si noe sikkert om n\u00e5r vi f\u00e5r alle svar, men jeg legger til grunn at vi har f\u00e5tt noen svar p\u00e5 eksterne analyser n\u00e5r fengslingsfristen utl\u00f8per 12. januar, som vil gi oss nyttig informasjon i saken, sier politiadvokat Aftret.<\/p>\n<p>  <a href=\"https:\/\/www.an.no\/5-4-2297081\" class=\"related-teaser has-image default-story-teaser article--c-eRUmMG article--c-eRUmMG-jKCPdD-design-default\" rel=\"nofollow noopener\" target=\"_blank\"><\/p>\n<p>    <img decoding=\"async\" loading=\"lazy\"  src=\"https:\/\/www.europesays.com\/no\/wp-content\/uploads\/2025\/12\/IMG_6457.JPG\" alt=\"\" class=\"brick-c-cFOWSL\" style=\"\"\/><\/p>\n<p>\n            Les ogs\u00e5<\/p>\n<p>              Huset drapsmannen, f\u00e5r kritikk: &#8211; Kjente ikke til detaljene\n        <\/p>\n<p>  <\/a><\/p>\n","protected":false},"excerpt":{"rendered":"Det opplyser Tr\u00f8ndelag politidistrikt torsdag morgen. Politiet har gjennomf\u00f8rt \u00e5stedsunders\u00f8kelse hvor det er tatt flere beslag og sikret&hellip;\n","protected":false},"author":2,"featured_media":112958,"comment_status":"","ping_status":"","sticky":false,"template":"","format":"standard","meta":{"footnotes":""},"categories":[10],"tags":[36,20,21,377,24,25,15,22,23,4188,13,30,28,29,14,16,254,1510,26,27],"class_list":{"0":"post-116542","1":"post","2":"type-post","3":"status-publish","4":"format-standard","5":"has-post-thumbnail","7":"category-norge","8":"tag-art","9":"tag-breaking-news","10":"tag-breakingnews","11":"tag-drap","12":"tag-featured-news","13":"tag-featurednews","14":"tag-headlines","15":"tag-latest-news","16":"tag-latestnews","17":"tag-meloy","18":"tag-news","19":"tag-no","20":"tag-norge","21":"tag-norway","22":"tag-nyheter","23":"tag-overskrifter","24":"tag-politi","25":"tag-story","26":"tag-top-stories","27":"tag-topstories"},"share_on_mastodon":{"url":"https:\/\/pubeurope.com\/@no\/115740896745238344","error":""},"_links":{"self":[{"href":"https:\/\/www.europesays.com\/no\/wp-json\/wp\/v2\/posts\/116542","targetHints":{"allow":["GET"]}}],"collection":[{"href":"https:\/\/www.europesays.com\/no\/wp-json\/wp\/v2\/posts"}],"about":[{"href":"https:\/\/www.europesays.com\/no\/wp-json\/wp\/v2\/types\/post"}],"author":[{"embeddable":true,"href":"https:\/\/www.europesays.com\/no\/wp-json\/wp\/v2\/users\/2"}],"replies":[{"embeddable":true,"href":"https:\/\/www.europesays.com\/no\/wp-json\/wp\/v2\/comments?post=116542"}],"version-history":[{"count":0,"href":"https:\/\/www.europesays.com\/no\/wp-json\/wp\/v2\/posts\/116542\/revisions"}],"wp:featuredmedia":[{"embeddable":true,"href":"https:\/\/www.europesays.com\/no\/wp-json\/wp\/v2\/media\/112958"}],"wp:attachment":[{"href":"https:\/\/www.europesays.com\/no\/wp-json\/wp\/v2\/media?parent=116542"}],"wp:term":[{"taxonomy":"category","embeddable":true,"href":"https:\/\/www.europesays.com\/no\/wp-json\/wp\/v2\/categories?post=116542"},{"taxonomy":"post_tag","embeddable":true,"href":"https:\/\/www.europesays.com\/no\/wp-json\/wp\/v2\/tags?post=116542"}],"curies":[{"name":"wp","href":"https:\/\/api.w.org\/{rel}","templated":true}]}}