{"id":116543,"date":"2025-12-18T13:51:15","date_gmt":"2025-12-18T13:51:15","guid":{"rendered":"https:\/\/www.europesays.com\/no\/116543\/"},"modified":"2025-12-18T13:51:15","modified_gmt":"2025-12-18T13:51:15","slug":"rentekutt-i-storbritannia-e24","status":"publish","type":"post","link":"https:\/\/www.europesays.com\/no\/116543\/","title":{"rendered":"Rentekutt i Storbritannia \u2013 E24"},"content":{"rendered":"<p class=\"fullWidthDesktop hyperion-css-71ztg2\" data-test-tag=\"lead-text\">N\u00e5 f\u00e5r britene lavere rente enn oss.<\/p>\n<p><img decoding=\"async\" class=\"image-asset hyperion-css-u06ts1\" data-test-tag=\"image-asset\" src=\"https:\/\/www.europesays.com\/no\/wp-content\/uploads\/2025\/12\/6f4382a8-9df1-49e2-812f-1709aa29a1a6\"  alt=\"Julestemningen gj\u00f8r seg gjeldende utenfor Bank of England\"  loading=\"eager\" fetchpriority=\"high\" style=\"aspect-ratio:1900 \/ 1267\"\/>Julestemningen gj\u00f8r seg gjeldende utenfor Bank of England Foto: JUSTIN TALLIS \/ AFP \/ NTBPublisert: <\/p>\n<p>For mindre enn 2 timer siden<\/p>\n<p>Oppdatert for mindre enn 50 minutter siden<\/p>\n<ul class=\"hyperion-css-pte5x0\">\n<li aria-label=\"link\" class=\"narrow-button hyperion-css-1sz7d3n\">Kopier lenke<\/li>\n<li aria-label=\"link\" class=\"wide-button hyperion-css-1sz7d3n\">Kopier lenke<\/li>\n<li aria-label=\"facebook\" class=\"narrow-button hyperion-css-1sz7d3n\">Del p\u00e5 Facebook<\/li>\n<li aria-label=\"facebook\" class=\"wide-button hyperion-css-1sz7d3n\">Del p\u00e5 Facebook<\/li>\n<li aria-label=\"email\" class=\"narrow-button hyperion-css-1sz7d3n\">Del med e-post<\/li>\n<li aria-label=\"email\" class=\"wide-button hyperion-css-1sz7d3n\">Del med e-post<\/li>\n<\/ul>\n<p class=\"hyperion-css-1lemvax\">Bank of England setter ned renten med 0,25 prosentpoeng til 3,75 prosent.<\/p>\n<p class=\"hyperion-css-1lemvax\">Dette er det fjerde rentekuttet fra Storbritannias sentralbank i 2025, og det sjette siden de begynte \u00e5 kutte i andre del av 2024.<\/p>\n<p class=\"hyperion-css-1lemvax\">Det var bredt ventet at renten skulle settes ned denne gangen.<\/p>\n<p><a data-test-tag=\"teaser-small:link-internal\" href=\"https:\/\/e24.no\/internasjonal-oekonomi\/i\/Gx1koJ\/investtech-analyse-to-kjoep-og-et-salg\" class=\"imagePosition-top inline hyperion-css-6238vu\" rel=\"nofollow noopener\" target=\"\" aria-label=\"Investtech-analyse: To kj\u00f8p og et salg \"><\/p>\n<p>Les p\u00e5 E24+<\/p>\n<p>Investtech-analyse: To kj\u00f8p og et salg <\/p>\n<p><\/a><\/p>\n<p class=\"hyperion-css-1lemvax\">Rentekuttet stemt gjennom med minst mulig margin, fem mot fire stemmer. \u00d8konomene hadde ventet denne stemmegivingen, if\u00f8lge Bloomberg. Forrige gang, <a data-test-tag=\"internal-link\" href=\"https:\/\/e24.no\/internasjonal-oekonomi\/i\/5Em34b\/renten-i-storbritannia-holdes-uendret-paa-4-prosent\" class=\"hyperion-css-1rezu2g\" rel=\"nofollow noopener\" target=\"\" aria-label=\"i november\">i november<\/a>, var det minst mulig margin i motsatt retning.<\/p>\n<p class=\"hyperion-css-1lemvax\">Denne gangen stemte ogs\u00e5 sentralbanksjef Andrew Bailey for at det skulle kuttes.<\/p>\n<p><img decoding=\"async\" class=\"image-asset hyperion-css-u06ts1\" data-test-tag=\"image-asset\" src=\"https:\/\/www.europesays.com\/no\/wp-content\/uploads\/2025\/12\/f1d03c93-cf6c-4866-a85c-321912ca50b0\"  alt=\"Sentralbanksjef Andrew Bailey.\"  loading=\"eager\" fetchpriority=\"high\" style=\"aspect-ratio:1900 \/ 1311\"\/>Sentralbanksjef Andrew Bailey. Foto: Yui Mok \/ Reuters \/ NTB<\/p>\n<p class=\"hyperion-css-1lemvax\">Renten vil trolig fortsette i \u00abgradvis nedadg\u00e5ende retning\u00bb, skriver Bank of England i rentebeslutningen. <\/p>\n<p class=\"hyperion-css-1lemvax\">Men vurderingen om videre kutt vil bli mer h\u00e5rfin (a closer call), if\u00f8lge sentralbanken.<\/p>\n<p>Svakhetstegn<\/p>\n<p class=\"hyperion-css-1lemvax\">Som mange andre steder styrer Bank of England etter et m\u00e5l om \u00e5 ha en \u00e5rlig prisvekst p\u00e5 to prosent, i tillegg til at man er opptatt av arbeidsmarkedet og den \u00f8konomiske utviklingen.<\/p>\n<p class=\"hyperion-css-1lemvax\"><a aria-label=\"Prisveksten\" class=\"default hyperion-css-1rezu2g\" href=\"https:\/\/e24.no\/bors\/nyheter?pinnedEntry=302906\" rel=\"noopener nofollow\" data-test-tag=\"external-link\" target=\"_blank\">Prisveksten<\/a> i Storbritannia har roet seg, men er fortsatt over m\u00e5let. Den l\u00e5 p\u00e5 til 3,2 prosent i november.<\/p>\n<p class=\"hyperion-css-1lemvax\">Samtidig er det tegn p\u00e5 et svakere arbeidsmarkedet med <a aria-label=\"h\u00f8yere ledighet\" class=\"default hyperion-css-1rezu2g\" href=\"https:\/\/www.ons.gov.uk\/employmentandlabourmarket\/peopleinwork\/employmentandemployeetypes\/bulletins\/uklabourmarket\/latest\" rel=\"noopener nofollow noreferrer\" data-test-tag=\"external-link\" target=\"_blank\">h\u00f8yere ledighet<\/a>, og ansl\u00e5tt en <a aria-label=\"svak tilbakegang for britisk \u00f8konomi\" class=\"default hyperion-css-1rezu2g\" href=\"https:\/\/www.ons.gov.uk\/economy\/grossdomesticproductgdp\/bulletins\/gdpmonthlyestimateuk\/october2025\" rel=\"noopener nofollow noreferrer\" data-test-tag=\"external-link\" target=\"_blank\">svak tilbakegang for britisk \u00f8konomi<\/a> de siste m\u00e5nedene.<\/p>\n<p class=\"hyperion-css-1lemvax\">N\u00e5 har ogs\u00e5 sentralbanken f\u00e5tt klarhet om regjeringens statsbudsjett, etter at budsjettforslaget ble lagt frem mot slutten av november.<\/p>\n<p>Lavere enn Norge<\/p>\n<p class=\"hyperion-css-1lemvax\">Dagens rentekutt gj\u00f8r at britene f\u00e5r lavere renten enn de vi har her til lands. <\/p>\n<p class=\"hyperion-css-1lemvax\"><a data-test-tag=\"internal-link\" href=\"https:\/\/e24.no\/norsk-oekonomi\/i\/L40wzp\/norges-bank-holder-renten-uendret\" class=\"hyperion-css-1rezu2g\" rel=\"nofollow noopener\" target=\"\" aria-label=\"Norges Bank\">Norges Bank<\/a> holdt renten uendret p\u00e5 fire prosent tidligere torsdag.<\/p>\n<p class=\"hyperion-css-1lemvax\">I <a data-test-tag=\"internal-link\" href=\"https:\/\/e24.no\/boers-og-finans\/i\/q6nk7g\/rentekutt-paa-025-prosentpoeng-i-usa\" class=\"hyperion-css-1rezu2g\" rel=\"nofollow noopener\" target=\"\" aria-label=\"USA\">USA<\/a> tok forrige ukes kutt renten der ned til intervallet 3,5\u20133,75 prosent. I eurosonen er renten to prosent, og det er ikke ventet noe kutt n\u00e5r det kommer rentebeslutning senere i dag. I <a data-test-tag=\"internal-link\" href=\"https:\/\/e24.no\/internasjonal-oekonomi\/i\/m06Av1\/sveriges-riksbank-holder-styringsrenten-uendret\" class=\"hyperion-css-1rezu2g\" rel=\"nofollow noopener\" target=\"\" aria-label=\"Sverige\">Sverige<\/a> er renten nede i 1,75 prosent.<\/p>\n","protected":false},"excerpt":{"rendered":"N\u00e5 f\u00e5r britene lavere rente enn oss. Julestemningen gj\u00f8r seg gjeldende utenfor Bank of England Foto: JUSTIN TALLIS&hellip;\n","protected":false},"author":2,"featured_media":116544,"comment_status":"","ping_status":"","sticky":false,"template":"","format":"standard","meta":{"footnotes":""},"categories":[5],"tags":[20,21,24,25,15,19,22,23,17,18,13,30,28,29,14,16,26,27],"class_list":{"0":"post-116543","1":"post","2":"type-post","3":"status-publish","4":"format-standard","5":"has-post-thumbnail","7":"category-overskrifter","8":"tag-breaking-news","9":"tag-breakingnews","10":"tag-featured-news","11":"tag-featurednews","12":"tag-headlines","13":"tag-hovedoppslag","14":"tag-latest-news","15":"tag-latestnews","16":"tag-main-news","17":"tag-mainnews","18":"tag-news","19":"tag-no","20":"tag-norge","21":"tag-norway","22":"tag-nyheter","23":"tag-overskrifter","24":"tag-top-stories","25":"tag-topstories"},"share_on_mastodon":{"url":"https:\/\/pubeurope.com\/@no\/115740900320636121","error":""},"_links":{"self":[{"href":"https:\/\/www.europesays.com\/no\/wp-json\/wp\/v2\/posts\/116543","targetHints":{"allow":["GET"]}}],"collection":[{"href":"https:\/\/www.europesays.com\/no\/wp-json\/wp\/v2\/posts"}],"about":[{"href":"https:\/\/www.europesays.com\/no\/wp-json\/wp\/v2\/types\/post"}],"author":[{"embeddable":true,"href":"https:\/\/www.europesays.com\/no\/wp-json\/wp\/v2\/users\/2"}],"replies":[{"embeddable":true,"href":"https:\/\/www.europesays.com\/no\/wp-json\/wp\/v2\/comments?post=116543"}],"version-history":[{"count":0,"href":"https:\/\/www.europesays.com\/no\/wp-json\/wp\/v2\/posts\/116543\/revisions"}],"wp:featuredmedia":[{"embeddable":true,"href":"https:\/\/www.europesays.com\/no\/wp-json\/wp\/v2\/media\/116544"}],"wp:attachment":[{"href":"https:\/\/www.europesays.com\/no\/wp-json\/wp\/v2\/media?parent=116543"}],"wp:term":[{"taxonomy":"category","embeddable":true,"href":"https:\/\/www.europesays.com\/no\/wp-json\/wp\/v2\/categories?post=116543"},{"taxonomy":"post_tag","embeddable":true,"href":"https:\/\/www.europesays.com\/no\/wp-json\/wp\/v2\/tags?post=116543"}],"curies":[{"name":"wp","href":"https:\/\/api.w.org\/{rel}","templated":true}]}}