{"id":116547,"date":"2025-12-18T13:58:17","date_gmt":"2025-12-18T13:58:17","guid":{"rendered":"https:\/\/www.europesays.com\/no\/116547\/"},"modified":"2025-12-18T13:58:17","modified_gmt":"2025-12-18T13:58:17","slug":"avgjorende-toppmote-i-eu-om-ukrainas-fremtid-nrk-urix-utenriksnyheter-og-dokumentarer","status":"publish","type":"post","link":"https:\/\/www.europesays.com\/no\/116547\/","title":{"rendered":"Avgj\u00f8rende toppm\u00f8te i EU om Ukrainas fremtid \u2013 NRK Urix \u2013 Utenriksnyheter og -dokumentarer"},"content":{"rendered":"<p>Den ukrainske presidenten er i Brussel for \u00e5 fors\u00f8ke \u00e5 overtale EU-lederne til \u00e5 si ja til et l\u00e5n over 200 milliarder euro som Russland har plassert i europeiske banker.<\/p>\n<p>Situasjonen er akutt. Ukraina g\u00e5r snart tom for penger. Volodymyr Zelenskyj opplyste at Ukrainas utenlandsgjeld vil ligge p\u00e5 mellom 45 og 50 milliarder euro for neste \u00e5r.<\/p>\n<p>Hvis Ukraina ikke f\u00e5r pengene, vil det friste Russlands president Vladimir Putin til \u00e5 ta hele landet, advarte han til journalister torsdag. Zelenskyj sier han h\u00e5per EU vil ta en avgj\u00f8relse f\u00f8r utgangen av 2025.<\/p>\n<p>\u2013 Putin forst\u00e5r at uten penger blir vi svakere og mer s\u00e5rbare. Og det er krystallklart at da vil han definitivt ikke \u00f8nske en diplomatisk l\u00f8sning eller noen dialog. Hva kommer Europa, USA og alle andre gj\u00f8re da? sa<\/p>\n<p><strong>Ukrainas statskasse kan v\u00e6re bunnskrapt i 2. kvartal neste \u00e5r. <\/strong><\/p>\n<p>P\u00e5 pressekonferansen sa Zelenskyj at han ikke tror Putin vil stanse krigen dersom ikke USA presser ham mer.<\/p>\n<p>\u2013 Jeg h\u00e5per, Gud velsigne ham, at Trump vil lykkes med dette, sa Zelenskyj.<\/p>\n<p>L\u00e5n til Ukraina<\/p>\n<p>Flere EU-land \u00f8nsker \u00e5 gi <a href=\"https:\/\/www.nrk.no\/nyheter\/von-der-leyen-tar-til-orde-for-a-bruke-fryste-russiske-midler-i-ukraina-1.17651144\" ec-id=\"pp:article:1.17651144\" ec-name=\"Ukraina et s\u00e5kalt reparasjonsl\u00e5n\" rel=\"nofollow noopener\" target=\"_blank\">Ukraina et s\u00e5kalt reparasjonsl\u00e5n<\/a> \u2013 et slags rentefritt forskudd p\u00e5 en teoretisk erstatning fra Russland n\u00e5r krigen er over.<\/p>\n<p>I potten ligger 210 milliarder euro som Russland har plassert i europeiske banker, det meste i belgiske Euroclear.<\/p>\n<p>Tanken er at Russland vil f\u00e5 pengene tilbake dersom de betaler krigserstatning til Ukraina.<\/p>\n<p>\u2013 Hvis vi g\u00e5r for et reparasjonsl\u00e5n, deles risikoen p\u00e5 oss alle, sa EU-kommisjonens leder Ursula von der Leyen p\u00e5 vei inn til m\u00f8tet.<\/p>\n<p><strong>Belgia og Ungarn er blant de st\u00f8rste motstanderne.<\/strong><\/p>\n<p>Belgia frykter juridiske og \u00f8konomiske gjengjeldelse fra Russland, og de sier fredsprosessen kan bli spolert av l\u00e5net.<\/p>\n<p>\u2013 Belgia kommer ikke til \u00e5 akseptere en l\u00f8sning der vi b\u00e6rer b\u00e5de ansvaret og risikoen, slo statsminister Bart De Wever fast p\u00e5 vei inn til toppm\u00f8tet.<\/p>\n<p>Ukrainas president Volodymyr Zelenskyj deltar p\u00e5 torsdagens m\u00f8te. Han sier at det vil bli \u00abet stort problem\u00bb for Ukraina dersom det ikke blir tatt noen avgj\u00f8relse i l\u00f8pet av dagen.<\/p>\n<p>Fortsatt en uenighet uten en l\u00f8sning<\/p>\n<p>\u2013 Det handler om enten penger i dag eller blod i morgen. Og da snakker jeg ikke om Ukraina, men om EU.<\/p>\n<p>Det sa Polens statsminister Donald Tusk p\u00e5 vei inn til EU-toppm\u00f8tet.<\/p>\n<p>\u2013 Det er fortsatt en uenighet som ikke har en l\u00f8sning. Men vi har dagen og natten og morgendagen p\u00e5 oss, s\u00e5 vi har tid til \u00e5 komme her frem til en l\u00f8sning og mitt utgangspunkt er at vi kommer til \u00e5 lykkes med det, sier Sveriges statsminister Ulf Kristersson til NRK, like f\u00f8r m\u00f8tet.<\/p>\n<p>De siste toppm\u00f8tene har kun vart \u00e9n dag. Denne gangen kan det bli to.<\/p>\n<p><img decoding=\"async\"   src=\"data:image\/gif;base64,R0lGODlhAQABAIAAAAAAAP\/\/\/yH5BAEAAAAALAAAAAABAAEAAAIBRAA7\" loading=\"eager\" alt=\"En person st\u00e5r foran en bakgrunn med logoene til Det europeiske r\u00e5d. Personen er kledd i en m\u00f8rk dress med slips og ser mot kameraet. Omgivelsene er preget av en bl\u00e5 fargepalett, som gir inntrykk av en formell setting. Bildet kan indikere en pressekonferanse eller offisiell begivenhet. (Bildebeskrivelsen er laget av en KI-tjeneste)\" title=\"Foto: Yves Herman \/ Reuters \/ NTB\"\/><\/p>\n<p class=\"\">Sveriges statsminister, Ulf Kristersson.<\/p>\n<p>Foto: Yves Herman \/ Reuters \/ NTB<\/p>\n<p>Burde Norge bidra med penger? <\/p>\n<p><strong>\u2013 Ja, jeg tror Norge kommer til \u00e5 fortsette \u00e5 bidra p\u00e5 den m\u00e5ten som de kan gj\u00f8re n\u00e5r de formelt st\u00e5r utenfor EU, men er en viktig del av en koalisjon som st\u00f8tter Ukraina, sier Kristersson. <\/strong><\/p>\n<p>Frankrikes president Emmanuel Macron er trygg p\u00e5 at Europa vil finne en felles posisjon om hvordan Ukrainas krigsinnsats skal finansieres.<\/p>\n<p>\u2013 Flere alternativer er lagt frem av EU-kommisjonen, og viktige diskusjoner er innledet om hvordan man kan bruke disse eiendelene som holdes av russerne. Det jeg mener her, er at vi m\u00e5 samle alle. Vi vil finne en posisjon, sier han.<\/p>\n<p>\u2013 Et alternativ er \u00e5 gi Ukraina et direkte EU-l\u00e5n, sier Ursula von der Leyen torsdag.<\/p>\n<p>Et slikt l\u00e5n vil ha sikkerhet i EUs budsjett. Men en slik l\u00f8sning vil kreve enstemmighet i EU. Da kan Ungarn og eventuelt flere land komme til legge ned veto.<\/p>\n<p>Forlater ikke m\u00f8tet uten avtale<\/p>\n<p>Antonio Costa, leder av Det europeiske r\u00e5d sier at ingen vil forlate m\u00f8tet f\u00f8r lederne har kommet frem til en \u00f8konomisk enighet.<\/p>\n<p><img decoding=\"async\"   src=\"data:image\/gif;base64,R0lGODlhAQABAIAAAAAAAP\/\/\/yH5BAEAAAAALAAAAAABAAEAAAIBRAA7\" loading=\"eager\" alt=\"En mann st\u00e5r i fokus p\u00e5 bildet if\u00f8rt dress og slips, med en alvorlig mine. Bakgrunnsflagget fra Tyskland er synlig, sammen med andre lands flagg, noe som indikerer en internasjonal sammenkomst. Omgivelsene ser ut til \u00e5 v\u00e6re et offisielt arrangement, muligvis en pressekonferanse eller tale. Det er flere personer i bakgrunnen, men deres ansikter er ikke synlige. (Bildebeskrivelsen er laget av en KI-tjeneste)\" title=\"Foto: NICOLAS TUCAT \/ AFP \/ NTB\"\/><\/p>\n<p class=\"\">Antonio Costa, leder av Det europeiske r\u00e5d <\/p>\n<p>Foto: NICOLAS TUCAT \/ AFP \/ NTB<\/p>\n<p><strong>\u2013 Vi vil aldri forlate r\u00e5det uten en endelig beslutning som sikrer Ukrainas finansielle behov, sier han.<\/strong><\/p>\n<p>EU-kommisjonens leder Ursula von der Leyen sier hun ikke kommer til \u00e5 g\u00e5 fra torsdagens toppm\u00f8te f\u00f8r en avtale er p\u00e5 plass.<\/p>\n<p>Striden om reparasjonsl\u00e5net<\/p>\n<p>Striden om reparasjonsl\u00e5net har p\u00e5g\u00e5tt siden det forrige EU-toppm\u00f8tet i oktober.<\/p>\n<p>I forrige uke ble et viktig hinder fjernet da EU-landene ble enige om \u00e5 fryse de russiske midlene p\u00e5 ubestemt tid.<\/p>\n<p><strong>Dermed slipper de \u00e5 gj\u00f8re et frysvedtak \u2013 som Ungarn kan legge ned veto mot \u2013 hvert halv\u00e5r.<\/strong><\/p>\n<p>Tidligere denne uken \u00f8kte dramatikken da Italia sammen med Bulgaria, Malta og Tsjekkia ba EU finne en annen l\u00f8sning. Men onsdag antydet Italia at de likevel ikke vil stille seg i veien for et reparasjonsl\u00e5n.<\/p>\n<p>Et vedtak om et slikt l\u00e5n krever kvalifisert flertall, og landene som er imot, er ikke mange nok til \u00e5 danne et s\u00e5kalt blokkerende mindretall.<\/p>\n<p><img decoding=\"async\"   src=\"data:image\/gif;base64,R0lGODlhAQABAIAAAAAAAP\/\/\/yH5BAEAAAAALAAAAAABAAEAAAIBRAA7\" loading=\"eager\" alt=\"Et m\u00f8te finner sted rundt et bord med flere deltakere. Flagg fra ulike land er plassert p\u00e5 bordet, mens deltakerne er kledd i formelle kl\u00e6r. Det er flere kopper og en tekanne p\u00e5 bordet, sammen med notatblokker. I bakgrunnen st\u00e5r en person og holder en tale. (Bildebeskrivelsen er laget av en KI-tjeneste)\" title=\"Foto: Geert Vanden Wijngaert \/ AP \/ NTB\"\/><\/p>\n<p class=\"\"> fra venstre: Irlands statsminister Michael Martin, Danmarks statsminister Mette Frederiksen, Sveriges statsminister Ulf Kristersson, Tysklands forbundskansler Friedrich Merz, Finlands statsminister Petteri Orpo og Estlands statsminister Kristen Michal deltar i et m\u00f8te under EU-toppm\u00f8tet i Brussel.<\/p>\n<p>Foto: Geert Vanden Wijngaert \/ AP \/ NTB<\/p>\n<p>Belgia er engstelige for represalier fra Russland. Den russiske sentralbanken kunngjorde torsdag at de vil g\u00e5 til s\u00f8ksm\u00e5l i det russiske rettssystemet mot europeiske banker som har fryst russiske penger.<\/p>\n<p><strong>De siste dagene har <a href=\"https:\/\/www.nrk.no\/nyheter\/eu-ledere-maner-til-framgang-rundt-ukraina-lan-1.17683291\" ec-id=\"pp:article:1.17683291\" ec-name=\"diplomater jobbet dag og natt\" rel=\"nofollow noopener\" target=\"_blank\">diplomater jobbet dag og natt<\/a> for \u00e5 finslipe detaljene i forslaget for \u00e5 gj\u00f8re det spiselig for Belgia, som er en av motstanderne. <\/strong><\/p>\n<p>Belgia har stilt tre krav:<\/p>\n<ul>\n<li>At EU-land stiller med uavhengige og ubegrensede garantier<\/li>\n<li>At andre land er med \u00e5 dekke eventuelle rettslige kostnader<\/li>\n<li>At EU-land ikke foretar nye investeringer i Russland og lukker eksisterende investeringer<\/li>\n<\/ul>\n<p>Men Belgia har likevel ikke f\u00e5tt geh\u00f8r for samtlige krav. Sp\u00f8rsm\u00e5let alle journalister i Brussel n\u00e5 har p\u00e5 leppene, er om landene likevel er villige til \u00e5 overkj\u00f8re Belgia.<\/p>\n<p>Interessert i utenriks? H\u00f8r redaksjonens nyeste podkast-episode:<\/p>\n<p>Publisert<\/p>\n<p>18.12.2025, kl. 09.17<\/p>\n<p>Oppdatert<\/p>\n<p>18.12.2025, kl. 14.54<\/p>\n","protected":false},"excerpt":{"rendered":"Den ukrainske presidenten er i Brussel for \u00e5 fors\u00f8ke \u00e5 overtale EU-lederne til \u00e5 si ja til et&hellip;\n","protected":false},"author":2,"featured_media":116548,"comment_status":"","ping_status":"","sticky":false,"template":"","format":"standard","meta":{"footnotes":""},"categories":[5],"tags":[20,21,24,25,15,19,22,23,17,18,13,30,28,29,14,16,26,27],"class_list":{"0":"post-116547","1":"post","2":"type-post","3":"status-publish","4":"format-standard","5":"has-post-thumbnail","7":"category-overskrifter","8":"tag-breaking-news","9":"tag-breakingnews","10":"tag-featured-news","11":"tag-featurednews","12":"tag-headlines","13":"tag-hovedoppslag","14":"tag-latest-news","15":"tag-latestnews","16":"tag-main-news","17":"tag-mainnews","18":"tag-news","19":"tag-no","20":"tag-norge","21":"tag-norway","22":"tag-nyheter","23":"tag-overskrifter","24":"tag-top-stories","25":"tag-topstories"},"share_on_mastodon":{"url":"https:\/\/pubeurope.com\/@no\/115740927793343842","error":""},"_links":{"self":[{"href":"https:\/\/www.europesays.com\/no\/wp-json\/wp\/v2\/posts\/116547","targetHints":{"allow":["GET"]}}],"collection":[{"href":"https:\/\/www.europesays.com\/no\/wp-json\/wp\/v2\/posts"}],"about":[{"href":"https:\/\/www.europesays.com\/no\/wp-json\/wp\/v2\/types\/post"}],"author":[{"embeddable":true,"href":"https:\/\/www.europesays.com\/no\/wp-json\/wp\/v2\/users\/2"}],"replies":[{"embeddable":true,"href":"https:\/\/www.europesays.com\/no\/wp-json\/wp\/v2\/comments?post=116547"}],"version-history":[{"count":0,"href":"https:\/\/www.europesays.com\/no\/wp-json\/wp\/v2\/posts\/116547\/revisions"}],"wp:featuredmedia":[{"embeddable":true,"href":"https:\/\/www.europesays.com\/no\/wp-json\/wp\/v2\/media\/116548"}],"wp:attachment":[{"href":"https:\/\/www.europesays.com\/no\/wp-json\/wp\/v2\/media?parent=116547"}],"wp:term":[{"taxonomy":"category","embeddable":true,"href":"https:\/\/www.europesays.com\/no\/wp-json\/wp\/v2\/categories?post=116547"},{"taxonomy":"post_tag","embeddable":true,"href":"https:\/\/www.europesays.com\/no\/wp-json\/wp\/v2\/tags?post=116547"}],"curies":[{"name":"wp","href":"https:\/\/api.w.org\/{rel}","templated":true}]}}