{"id":116549,"date":"2025-12-18T14:04:16","date_gmt":"2025-12-18T14:04:16","guid":{"rendered":"https:\/\/www.europesays.com\/no\/116549\/"},"modified":"2025-12-18T14:04:16","modified_gmt":"2025-12-18T14:04:16","slug":"politikk-nordfjord-sveinung-rotevatn-gir-seg-i-politikken-gar-til-toppjobb","status":"publish","type":"post","link":"https:\/\/www.europesays.com\/no\/116549\/","title":{"rendered":"Politikk, Nordfjord | Sveinung Rotevatn gir seg i politikken \u2013 g\u00e5r til toppjobb"},"content":{"rendered":"\n<p>Det melder <a href=\"https:\/\/www.vg.no\/nyheter\/i\/0pEeGJ\/sveinung-rotevatn-gaar-av-som-venstre-nestleder\" rel=\"Follow nofollow noopener\" target=\"_blank\">VG. <\/a><\/p>\n<p>Venstre-politikaren legg bak seg ein lang karriere i politikken. 38-\u00e5ringen har vore nestleiar i Venstre sidan 2020, og har tidlegare vore klima- og milj\u00f8minister. <\/p>\n<p>Venstre n\u00e5dde ikkje over sperregrensa i Hordaland (der Rotevatn stilte til val) under valet i haust, og dermed blei det ingen fornya stortingsplass p\u00e5 politikaren fr\u00e5 Nordfjord. <\/p>\n<p>\u00c5rsaka til at han no trekker seg fr\u00e5 vervet som nestleiar i partiet, handlar om tilbod om ny jobb i milj\u00f8organisasjonen Bellona. <\/p>\n<p>\u2013 Bellona er partipolitisk uavhengig, og d\u00e5 kan ikkje Bellonas leiar vere sentralt tillitsvald i Venstre, seier Rotevatn til VG. <\/p>\n<p>Firda kjem tilbake med meir. <\/p>\n","protected":false},"excerpt":{"rendered":"Det melder VG. Venstre-politikaren legg bak seg ein lang karriere i politikken. 38-\u00e5ringen har vore nestleiar i Venstre&hellip;\n","protected":false},"author":2,"featured_media":116550,"comment_status":"","ping_status":"","sticky":false,"template":"","format":"standard","meta":{"footnotes":""},"categories":[10],"tags":[36,20,21,24,25,15,22,23,62,13,30,5268,28,29,14,16,41,1510,26,27,3930],"class_list":{"0":"post-116549","1":"post","2":"type-post","3":"status-publish","4":"format-standard","5":"has-post-thumbnail","7":"category-norge","8":"tag-art","9":"tag-breaking-news","10":"tag-breakingnews","11":"tag-featured-news","12":"tag-featurednews","13":"tag-headlines","14":"tag-latest-news","15":"tag-latestnews","16":"tag-naeringsliv","17":"tag-news","18":"tag-no","19":"tag-nordfjord","20":"tag-norge","21":"tag-norway","22":"tag-nyheter","23":"tag-overskrifter","24":"tag-politikk","25":"tag-story","26":"tag-top-stories","27":"tag-topstories","28":"tag-venstre"},"share_on_mastodon":{"url":"https:\/\/pubeurope.com\/@no\/115740951512388498","error":""},"_links":{"self":[{"href":"https:\/\/www.europesays.com\/no\/wp-json\/wp\/v2\/posts\/116549","targetHints":{"allow":["GET"]}}],"collection":[{"href":"https:\/\/www.europesays.com\/no\/wp-json\/wp\/v2\/posts"}],"about":[{"href":"https:\/\/www.europesays.com\/no\/wp-json\/wp\/v2\/types\/post"}],"author":[{"embeddable":true,"href":"https:\/\/www.europesays.com\/no\/wp-json\/wp\/v2\/users\/2"}],"replies":[{"embeddable":true,"href":"https:\/\/www.europesays.com\/no\/wp-json\/wp\/v2\/comments?post=116549"}],"version-history":[{"count":0,"href":"https:\/\/www.europesays.com\/no\/wp-json\/wp\/v2\/posts\/116549\/revisions"}],"wp:featuredmedia":[{"embeddable":true,"href":"https:\/\/www.europesays.com\/no\/wp-json\/wp\/v2\/media\/116550"}],"wp:attachment":[{"href":"https:\/\/www.europesays.com\/no\/wp-json\/wp\/v2\/media?parent=116549"}],"wp:term":[{"taxonomy":"category","embeddable":true,"href":"https:\/\/www.europesays.com\/no\/wp-json\/wp\/v2\/categories?post=116549"},{"taxonomy":"post_tag","embeddable":true,"href":"https:\/\/www.europesays.com\/no\/wp-json\/wp\/v2\/tags?post=116549"}],"curies":[{"name":"wp","href":"https:\/\/api.w.org\/{rel}","templated":true}]}}