{"id":116571,"date":"2025-12-18T14:26:11","date_gmt":"2025-12-18T14:26:11","guid":{"rendered":"https:\/\/www.europesays.com\/no\/116571\/"},"modified":"2025-12-18T14:26:11","modified_gmt":"2025-12-18T14:26:11","slug":"den-europeiske-sentralbanken-holder-renten-uendret-e24-3","status":"publish","type":"post","link":"https:\/\/www.europesays.com\/no\/116571\/","title":{"rendered":"Den europeiske sentralbanken holder renten uendret \u2013 E24"},"content":{"rendered":"<p class=\"fullWidthDesktop hyperion-css-71ztg2\" data-test-tag=\"lead-text\">ESB tror p\u00e5 sterkere \u00f8konomisk vekst enn de gjorde tidligere.<\/p>\n<p><img decoding=\"async\" class=\"image-asset hyperion-css-u06ts1\" data-test-tag=\"image-asset\" src=\"https:\/\/www.europesays.com\/no\/wp-content\/uploads\/2025\/12\/9eade078-11ee-4636-8deb-543c304112b8\"  alt=\"Christine Lagarde, sjef for Den europeiske sentralbanken, under en tale i november.\"  loading=\"eager\" fetchpriority=\"high\" style=\"aspect-ratio:1900 \/ 1267\"\/>Christine Lagarde, sjef for Den europeiske sentralbanken, under en tale i november. Foto: Heiko Becker \/ Reuters \/ NTBPublisert: <\/p>\n<p>For mindre enn 2 timer siden<\/p>\n<p>Oppdatert n\u00e5 nettopp<\/p>\n<ul class=\"hyperion-css-pte5x0\">\n<li aria-label=\"link\" class=\"narrow-button hyperion-css-1sz7d3n\">Kopier lenke<\/li>\n<li aria-label=\"link\" class=\"wide-button hyperion-css-1sz7d3n\">Kopier lenke<\/li>\n<li aria-label=\"facebook\" class=\"narrow-button hyperion-css-1sz7d3n\">Del p\u00e5 Facebook<\/li>\n<li aria-label=\"facebook\" class=\"wide-button hyperion-css-1sz7d3n\">Del p\u00e5 Facebook<\/li>\n<li aria-label=\"email\" class=\"narrow-button hyperion-css-1sz7d3n\">Del med e-post<\/li>\n<li aria-label=\"email\" class=\"wide-button hyperion-css-1sz7d3n\">Del med e-post<\/li>\n<\/ul>\n<p class=\"hyperion-css-1lemvax\">Den europeiske sentralbanken (ESB) holder styringsrenten uendret p\u00e5 to prosent. <\/p>\n<p class=\"hyperion-css-1lemvax\">Det var bredt ventet p\u00e5 forh\u00e5nd at den ikke skulle r\u00f8res n\u00e5.<\/p>\n<p class=\"hyperion-css-1lemvax\">Renten i eurosonen har ligget p\u00e5 dette niv\u00e5et i et halvt \u00e5r, siden det seneste kuttet i juni.<\/p>\n<p><a data-test-tag=\"teaser-small:link-internal\" href=\"https:\/\/e24.no\/boers-og-finans\/i\/m063qE\/en-boble-av-gull\" class=\"imagePosition-top inline hyperion-css-6238vu\" rel=\"nofollow noopener\" target=\"\" aria-label=\"En boble av gull\"><\/p>\n<p>Les p\u00e5 E24+<\/p>\n<p>En boble av gull<\/p>\n<p><\/a><\/p>\n<p class=\"hyperion-css-1lemvax\">ESB skriver at deres nye vurdering igjen bekrefter at prisveksten vil stabilisere seg rundt m\u00e5let p\u00e5 to prosent.<\/p>\n<p class=\"hyperion-css-1lemvax\">\u2013 Det er ingen grunn til at ESB skal endre sin pengepolitiske holdning med det f\u00f8rste, hverken oppover eller nedover, sier Carsten Brzeski, global sjef for makro\u00f8konomisk analyse hos storbanken ING, til <a aria-label=\"Financial Times\" class=\"default hyperion-css-1rezu2g\" href=\"https:\/\/www.ft.com\/content\/f4b36069-d44c-4ff6-8584-1ce29e9a730a\" rel=\"noopener nofollow noreferrer\" data-test-tag=\"external-link\" target=\"_blank\">Financial Times<\/a>.<\/p>\n<p>Tror p\u00e5 sterkere vekst<\/p>\n<p class=\"hyperion-css-1lemvax\">I tillegg til selve rentebeslutningen, kommer sentralbanken med \u00f8konomiske prognoser denne gangen.<\/p>\n<p class=\"hyperion-css-1lemvax\">Den \u00f8konomiske veksten ventes \u00e5 v\u00e6re sterkere enn det ESB trodde i september. Prognosen for BNP-veksten er oppjustert til 1,4 prosent i \u00e5r, 1,2 prosent i 2026, og 1,4 prosent i b\u00e5de 2027 og 2028.<\/p>\n<p class=\"hyperion-css-1lemvax\">Prisvekst-anslagene er n\u00e6rt det de var i september, men med en justering opp neste \u00e5r og ned i 2027. De nye prognosene er 2,1 prosent prisvekst i snitt i \u00e5r, 1,9 prosent i 2026, 1,8 prosent i 2027 og 2,0 prosent i 2028.<\/p>\n<p>Stabilt<\/p>\n<p class=\"hyperion-css-1lemvax\">\u00d8konomisk har utviklingen i eurosonen v\u00e6rt stabil i det siste.<\/p>\n<p class=\"hyperion-css-1lemvax\">Prisveksten ligger tett p\u00e5 m\u00e5let om to prosent \u00e5rlig inflasjon. Den holdt seg p\u00e5 2,1 prosent i november, mens kjerneinflasjonen var stabil p\u00e5 2,4 prosent, viste <a aria-label=\"endelige tall\" class=\"default hyperion-css-1rezu2g\" href=\"https:\/\/ec.europa.eu\/eurostat\/en\/web\/products-euro-indicators\/w\/2-17122025-ap\" rel=\"noopener nofollow noreferrer\" data-test-tag=\"external-link\" target=\"_blank\">endelige tall<\/a> denne uken.<\/p>\n<p class=\"hyperion-css-1lemvax\">Den \u00f8konomiske veksten har v\u00e6rt forsiktig, men stabil, i lengre tid. I tredje kvartal vokste \u00f8konomien i eurosonen med 0,3 prosent.<\/p>\n<p class=\"hyperion-css-1lemvax\">Arbeidsledigheten har ligget p\u00e5 6,4 prosent i flere m\u00e5neder p\u00e5 rad. <\/p>\n","protected":false},"excerpt":{"rendered":"ESB tror p\u00e5 sterkere \u00f8konomisk vekst enn de gjorde tidligere. Christine Lagarde, sjef for Den europeiske sentralbanken, under&hellip;\n","protected":false},"author":2,"featured_media":116572,"comment_status":"","ping_status":"","sticky":false,"template":"","format":"standard","meta":{"footnotes":""},"categories":[10],"tags":[20,21,24,25,15,22,23,13,30,28,29,14,16,26,27],"class_list":{"0":"post-116571","1":"post","2":"type-post","3":"status-publish","4":"format-standard","5":"has-post-thumbnail","7":"category-norge","8":"tag-breaking-news","9":"tag-breakingnews","10":"tag-featured-news","11":"tag-featurednews","12":"tag-headlines","13":"tag-latest-news","14":"tag-latestnews","15":"tag-news","16":"tag-no","17":"tag-norge","18":"tag-norway","19":"tag-nyheter","20":"tag-overskrifter","21":"tag-top-stories","22":"tag-topstories"},"share_on_mastodon":{"url":"https:\/\/pubeurope.com\/@no\/115741038072702367","error":""},"_links":{"self":[{"href":"https:\/\/www.europesays.com\/no\/wp-json\/wp\/v2\/posts\/116571","targetHints":{"allow":["GET"]}}],"collection":[{"href":"https:\/\/www.europesays.com\/no\/wp-json\/wp\/v2\/posts"}],"about":[{"href":"https:\/\/www.europesays.com\/no\/wp-json\/wp\/v2\/types\/post"}],"author":[{"embeddable":true,"href":"https:\/\/www.europesays.com\/no\/wp-json\/wp\/v2\/users\/2"}],"replies":[{"embeddable":true,"href":"https:\/\/www.europesays.com\/no\/wp-json\/wp\/v2\/comments?post=116571"}],"version-history":[{"count":0,"href":"https:\/\/www.europesays.com\/no\/wp-json\/wp\/v2\/posts\/116571\/revisions"}],"wp:featuredmedia":[{"embeddable":true,"href":"https:\/\/www.europesays.com\/no\/wp-json\/wp\/v2\/media\/116572"}],"wp:attachment":[{"href":"https:\/\/www.europesays.com\/no\/wp-json\/wp\/v2\/media?parent=116571"}],"wp:term":[{"taxonomy":"category","embeddable":true,"href":"https:\/\/www.europesays.com\/no\/wp-json\/wp\/v2\/categories?post=116571"},{"taxonomy":"post_tag","embeddable":true,"href":"https:\/\/www.europesays.com\/no\/wp-json\/wp\/v2\/tags?post=116571"}],"curies":[{"name":"wp","href":"https:\/\/api.w.org\/{rel}","templated":true}]}}