{"id":116574,"date":"2025-12-18T14:32:12","date_gmt":"2025-12-18T14:32:12","guid":{"rendered":"https:\/\/www.europesays.com\/no\/116574\/"},"modified":"2025-12-18T14:32:12","modified_gmt":"2025-12-18T14:32:12","slug":"fikk-beskjeden-de-ventet-pa-en-stor-lettelse-agderposten-no","status":"publish","type":"post","link":"https:\/\/www.europesays.com\/no\/116574\/","title":{"rendered":"Fikk beskjeden de ventet p\u00e5: \u2013 En stor lettelse &#8211; agderposten.no"},"content":{"rendered":"<ol>\n<li><a href=\"https:\/\/news.google.com\/rss\/articles\/CBMikwFBVV95cUxPbzBqbmNPa1RubTNFenh6ekx3TGlET3NiSFQ5RkxDSnNrUk5NT0Vxd0k1VUhYR3B0c0dwcWJKcmJxeUN1dmNoU2FfWVRoMzBvSmJCVjl0T2dpYU5WMHFXOGE2UGk4MlNxc29TYkJKeE42UzAzdEVzalJRaTBFYVRiYXk5dDd2VUZVa21MSVJmYWcyVVk?oc=5\" target=\"_blank\" rel=\"nofollow noopener\">Fikk beskjeden de ventet p\u00e5: \u2013 En stor lettelse<\/a>&nbsp;&nbsp;agderposten.no<\/li>\n<li><a href=\"https:\/\/news.google.com\/rss\/articles\/CBMiqwFBVV95cUxPNGVxYXlTbXZMdTRwZ3Z0S0d6TkZKYkFKNmNVdDV2QnYyZC0tZWZ2Z2otMjQ0c1Z1WUtpVjFMVkd5NExEVkg1RkFkcHRMdVY0c2R1WHFJNm5lUmJuajIyRk5Wdmp1eThtLTQzTW9TOFpKU2RVeUZTZ0tPSU1uWDNCT205ZzRzcHdMM2NRTjlYeDhlNHdaVGhTM09QNjBnQkJrSGQ2Skk2NktvU00?oc=5\" target=\"_blank\" rel=\"nofollow noopener\">UD advarer mot reiser til ferie\u00f8yer i Thailand<\/a>&nbsp;&nbsp;VG<\/li>\n<li><a href=\"https:\/\/news.google.com\/rss\/articles\/CBMibEFVX3lxTE85ZHdRY3JyNWExbzdzdmRkbm9ZTUw4TkRlY3licGFJRnV6VmxsbEN2WkpiRXZFU3JwYnRHNTBrLUt0SFpvZE84YkFlV1lZUk5yZTBaYjJId2k2eVdTb05mYjJkdWtqOXRwVThxQw?oc=5\" target=\"_blank\" rel=\"nofollow noopener\">Kampene fortsetter<\/a>&nbsp;&nbsp;Dagbladet<\/li>\n<li><a href=\"https:\/\/news.google.com\/rss\/articles\/CBMivgFBVV95cUxQanNUcUpkMHBSRVVEWndMRTU0cUVXdlRiSF9UV2VhYnhOQTRJUlIydnNSMDVoTmIyTHlPOFl5YXhLVndKTlFsTnJJTTM3TVpOLUtKR1RCbHVoZENndFBiLVpxb3dJTVdjMkJPaVFRTzdQSFZNYUFVOUN2NnRkcGdQRWh3eUFDOGw5QUlUeGp3VV9Ma0tmaWRBckNobkpvdXltZjNPMU4yakFXN2wxY1NKSHhxQ3RkZUhxTGJQSXBR?oc=5\" target=\"_blank\" rel=\"nofollow noopener\">UD skjerper reiseadvarslene for Thailand og Kambodsja \u2013 gjelder popul\u00e6re ferie\u00f8yer<\/a>&nbsp;&nbsp;adressa.no<\/li>\n<li><a href=\"https:\/\/news.google.com\/rss\/articles\/CBMikgFBVV95cUxQbmNyMUdzczFTZEl4Q09Janc4cWFpVzNYa2Itd2dSNWhUanhadllmc2c2RGxodHpqMzVnb05yZ091MGhQZTQ1S253WUVMLWFWUXdNR09jaG95cFdOOXFkWXZkaW14bDc5VUdaeUp6YmhfWGUwa1hGeGlzeW5KOEhheThiLTNMcTMyNzVxVW5TUFh4QQ?oc=5\" target=\"_blank\" rel=\"nofollow noopener\">Thailand: Kambodsja m\u00e5 kunngj\u00f8re v\u00e5penhvilen f\u00f8rst \u2013 Siste nytt<\/a>&nbsp;&nbsp;NRK<\/li>\n<\/ol>\n","protected":false},"excerpt":{"rendered":"Fikk beskjeden de ventet p\u00e5: \u2013 En stor lettelse&nbsp;&nbsp;agderposten.no UD advarer mot reiser til ferie\u00f8yer i Thailand&nbsp;&nbsp;VG Kampene&hellip;\n","protected":false},"author":2,"featured_media":116575,"comment_status":"","ping_status":"","sticky":false,"template":"","format":"standard","meta":{"footnotes":""},"categories":[12],"tags":[20,21,24,25,15,22,23,13,30,28,29,14,16,26,27,42,43,44,45],"class_list":{"0":"post-116574","1":"post","2":"type-post","3":"status-publish","4":"format-standard","5":"has-post-thumbnail","7":"category-verden","8":"tag-breaking-news","9":"tag-breakingnews","10":"tag-featured-news","11":"tag-featurednews","12":"tag-headlines","13":"tag-latest-news","14":"tag-latestnews","15":"tag-news","16":"tag-no","17":"tag-norge","18":"tag-norway","19":"tag-nyheter","20":"tag-overskrifter","21":"tag-top-stories","22":"tag-topstories","23":"tag-verden","24":"tag-world","25":"tag-world-news","26":"tag-worldnews"},"share_on_mastodon":{"url":"https:\/\/pubeurope.com\/@no\/115741061675375442","error":""},"_links":{"self":[{"href":"https:\/\/www.europesays.com\/no\/wp-json\/wp\/v2\/posts\/116574","targetHints":{"allow":["GET"]}}],"collection":[{"href":"https:\/\/www.europesays.com\/no\/wp-json\/wp\/v2\/posts"}],"about":[{"href":"https:\/\/www.europesays.com\/no\/wp-json\/wp\/v2\/types\/post"}],"author":[{"embeddable":true,"href":"https:\/\/www.europesays.com\/no\/wp-json\/wp\/v2\/users\/2"}],"replies":[{"embeddable":true,"href":"https:\/\/www.europesays.com\/no\/wp-json\/wp\/v2\/comments?post=116574"}],"version-history":[{"count":0,"href":"https:\/\/www.europesays.com\/no\/wp-json\/wp\/v2\/posts\/116574\/revisions"}],"wp:featuredmedia":[{"embeddable":true,"href":"https:\/\/www.europesays.com\/no\/wp-json\/wp\/v2\/media\/116575"}],"wp:attachment":[{"href":"https:\/\/www.europesays.com\/no\/wp-json\/wp\/v2\/media?parent=116574"}],"wp:term":[{"taxonomy":"category","embeddable":true,"href":"https:\/\/www.europesays.com\/no\/wp-json\/wp\/v2\/categories?post=116574"},{"taxonomy":"post_tag","embeddable":true,"href":"https:\/\/www.europesays.com\/no\/wp-json\/wp\/v2\/tags?post=116574"}],"curies":[{"name":"wp","href":"https:\/\/api.w.org\/{rel}","templated":true}]}}