{"id":116582,"date":"2025-12-18T14:40:14","date_gmt":"2025-12-18T14:40:14","guid":{"rendered":"https:\/\/www.europesays.com\/no\/116582\/"},"modified":"2025-12-18T14:40:14","modified_gmt":"2025-12-18T14:40:14","slug":"olof-palme-sverige-svensk-statsadvokat-feil-a-utpeke-skandiamannen-som-olof-palmes-drapsmann","status":"publish","type":"post","link":"https:\/\/www.europesays.com\/no\/116582\/","title":{"rendered":"Olof Palme, Sverige | Svensk statsadvokat: Feil \u00e5 utpeke \u00abSkandiamannen\u00bb som Olof Palmes drapsmann"},"content":{"rendered":"\n<p>Samtidig rettes det kritikk mot utpekingen av \u00abSkandiamannen\u00bb.<\/p>\n<p>\u2013 Til sammen er det min vurderingen at bevisene ikke er tilstrekkelige for \u00e5 legges til grunn for \u00e5 peke ham ut, sier statsadvokat Lennart Gun\u00e9 i en <a href=\"https:\/\/via.tt.se\/pressmeddelande\/4195607\/pressinbjudan-beslut-i-overprovningsarende-i-palmeutredningen?publisherId=3235540&amp;lang=sv\" rel=\"nofollow noopener\" target=\"_blank\">pressemelding<\/a>.<\/p>\n<p><b>Les ogs\u00e5: <a class=\"simple-relation related-teaser article--c-eRUmMG article--c-eRUmMG-fZoQSp-design-nettavisen article--c-eRUmMG-gwthdJ-cv\" href=\"https:\/\/www.nettavisen.no\/togtrobbel-pa-oslo-s-vil-fa-konsekvenser\/s\/5-95-2786540\" rel=\"nofollow noopener\" target=\"_blank\">Togtr\u00f8bbel p\u00e5 Oslo S: \u2013 Vil f\u00e5 konsekvenser<\/a><\/b><\/p>\n<p>I juni 2020 konkluderte svensk p\u00e5talemyndighet at Stig Engstr\u00f6m, kjent som \u00abSkandiamannen\u00bb, sto bak drapet p\u00e5 statsminister Olof Palme i 1986. Siden han er d\u00f8d, ble etterforskningen samtidig henlagt.<\/p>\n","protected":false},"excerpt":{"rendered":"Samtidig rettes det kritikk mot utpekingen av \u00abSkandiamannen\u00bb. \u2013 Til sammen er det min vurderingen at bevisene ikke&hellip;\n","protected":false},"author":2,"featured_media":116583,"comment_status":"","ping_status":"","sticky":false,"template":"","format":"standard","meta":{"footnotes":""},"categories":[12],"tags":[20,21,24,25,15,22,23,13,30,28,29,14,16,26,27,42,43,44,45],"class_list":{"0":"post-116582","1":"post","2":"type-post","3":"status-publish","4":"format-standard","5":"has-post-thumbnail","7":"category-verden","8":"tag-breaking-news","9":"tag-breakingnews","10":"tag-featured-news","11":"tag-featurednews","12":"tag-headlines","13":"tag-latest-news","14":"tag-latestnews","15":"tag-news","16":"tag-no","17":"tag-norge","18":"tag-norway","19":"tag-nyheter","20":"tag-overskrifter","21":"tag-top-stories","22":"tag-topstories","23":"tag-verden","24":"tag-world","25":"tag-world-news","26":"tag-worldnews"},"share_on_mastodon":{"url":"https:\/\/pubeurope.com\/@no\/115741093191792384","error":""},"_links":{"self":[{"href":"https:\/\/www.europesays.com\/no\/wp-json\/wp\/v2\/posts\/116582","targetHints":{"allow":["GET"]}}],"collection":[{"href":"https:\/\/www.europesays.com\/no\/wp-json\/wp\/v2\/posts"}],"about":[{"href":"https:\/\/www.europesays.com\/no\/wp-json\/wp\/v2\/types\/post"}],"author":[{"embeddable":true,"href":"https:\/\/www.europesays.com\/no\/wp-json\/wp\/v2\/users\/2"}],"replies":[{"embeddable":true,"href":"https:\/\/www.europesays.com\/no\/wp-json\/wp\/v2\/comments?post=116582"}],"version-history":[{"count":0,"href":"https:\/\/www.europesays.com\/no\/wp-json\/wp\/v2\/posts\/116582\/revisions"}],"wp:featuredmedia":[{"embeddable":true,"href":"https:\/\/www.europesays.com\/no\/wp-json\/wp\/v2\/media\/116583"}],"wp:attachment":[{"href":"https:\/\/www.europesays.com\/no\/wp-json\/wp\/v2\/media?parent=116582"}],"wp:term":[{"taxonomy":"category","embeddable":true,"href":"https:\/\/www.europesays.com\/no\/wp-json\/wp\/v2\/categories?post=116582"},{"taxonomy":"post_tag","embeddable":true,"href":"https:\/\/www.europesays.com\/no\/wp-json\/wp\/v2\/tags?post=116582"}],"curies":[{"name":"wp","href":"https:\/\/api.w.org\/{rel}","templated":true}]}}