{"id":116584,"date":"2025-12-18T14:41:11","date_gmt":"2025-12-18T14:41:11","guid":{"rendered":"https:\/\/www.europesays.com\/no\/116584\/"},"modified":"2025-12-18T14:41:11","modified_gmt":"2025-12-18T14:41:11","slug":"veier-stengt-og-innbyggere-hentes-hjem-med-bat","status":"publish","type":"post","link":"https:\/\/www.europesays.com\/no\/116584\/","title":{"rendered":"Veier stengt og innbyggere hentes hjem med b\u00e5t"},"content":{"rendered":"\n<p class=\"_lead_o9xde_2 _lead_xtcu6_50 layout-component text-serif-m layout-normal text-serif-l layout-component layout-wide layout-padded _wide_17hqh_1 layout-padded\">Flere veier holdes stengt og innbyggerne m\u00e5 hentes hjem med b\u00e5t.<\/p>\n<p>Foto: Carina Johansen \/ NTB<\/p>\n<ul aria-hidden=\"true\" class=\"_images_ntbth_112\">\n<li><a class=\"_link_ntbth_117\" href=\"https:\/\/www.vg.no\/forfatter\/fredrik-ouren-jostad\" style=\"z-index:2\" title=\"Fredrik Ouren Jostad\" rel=\"nofollow noopener\" target=\"_blank\"><img alt=\"Bilde av Fredrik Ouren Jostad\" class=\"_image_ntbth_93\" fetchpriority=\"low\" loading=\"lazy\" decoding=\"async\" itemprop=\"image\"  src=\"https:\/\/www.europesays.com\/no\/wp-content\/uploads\/2025\/12\/1766068869_610_44a138e9-ee61-47be-8b25-b699b8f538d1\"  width=\"480\"\/><\/a><\/li>\n<li><a class=\"_link_ntbth_117\" href=\"https:\/\/www.vg.no\/forfatter\/ingrid-storeboe\" style=\"z-index:1\" title=\"Ingrid Storeb\u00f8\" rel=\"nofollow noopener\" target=\"_blank\"><img alt=\"Bilde av Ingrid Storeb\u00f8\" class=\"_image_ntbth_93\" fetchpriority=\"low\" loading=\"lazy\" decoding=\"async\" itemprop=\"image\"  src=\"https:\/\/www.europesays.com\/no\/wp-content\/uploads\/2025\/12\/1766068869_279_b3fc896d-536d-4041-8257-79b6b2cd3323\"  width=\"480\"\/><\/a><\/li>\n<\/ul>\n<p> Oppdatert torsdag 18. desember kl. 15:35    <\/p>\n<ul class=\"_list_o9xde_3 _list_64s2r_85 _unordered_o9xde_106 text-sans-m\">\n<li class=\"_item_o9xde_30\">Sokndal kommune er hardt rammet av flom med 47 millimeter regn p\u00e5 tolv timer.<\/li>\n<li class=\"_item_o9xde_30\">Flere veier er stengt og innbyggere i avsidesliggende omr\u00e5der m\u00e5 hentes med b\u00e5t.<\/li>\n<li class=\"_item_o9xde_30\">Ordf\u00f8rer Bj\u00f8rn-Inge Mydland beskriver situasjonen som krevende og skryter av innbyggerne.<\/li>\n<li class=\"_item_o9xde_30\">Meteorologen bekrefter rekordnedb\u00f8r for desember i Rogaland med mer regn p\u00e5 vei.<\/li>\n<\/ul>\n<p>Vis mer <\/p>\n<p class=\"_paragraph_o9xde_4 _paragraph_xtcu6_10 layout-component text-serif-m layout-normal text-serif-m layout-padded\"><a href=\"https:\/\/www.vg.no\/tag\/sokndal-kommune?utm_source=vg-article&amp;utm_medium=auto-tagger&amp;utm_campaign=K8vEpX\" class=\"_link_o9xde_39\" rel=\"nofollow noopener\" target=\"_blank\">Sokndal kommune<\/a> har de siste dagene slitt med voldsom flom. Fredag formiddag hadde det if\u00f8lge <a href=\"https:\/\/www.sokndal.kommune.no\/aktuelt\/oppdatering-pa-flom-18-12-2025-kl-14-30.11719.aspx\" class=\"_link_o9xde_39\" rel=\"nofollow noopener\" target=\"_blank\">kommunen<\/a> kommet 47 millimeter nedb\u00f8r de siste tolv timene.<\/p>\n<ul class=\"_list_o9xde_3 _list_xtcu6_9 _unordered_o9xde_106 layout-component text-serif-m layout-normal text-serif-m layout-padded\">\n<li class=\"_item_o9xde_30\"><a href=\"https:\/\/www.vg.no\/tips-oss\" class=\"_link_o9xde_39\" rel=\"nofollow noopener\" target=\"_blank\">Er du rammet av flommen? Kontakt oss her!<\/a><\/li>\n<\/ul>\n<p class=\"_paragraph_o9xde_4 _paragraph_xtcu6_10 layout-component text-serif-m layout-normal text-serif-m layout-padded\">Flere veier er stengt p\u00e5 grunn av flommen, og til \u00d8yno m\u00e5 det brukes b\u00e5t. <\/p>\n<p class=\"_paragraph_o9xde_4 _paragraph_xtcu6_10 layout-component text-serif-m layout-normal text-serif-m layout-padded\">\u2013 Etter en rolig dag i g\u00e5r, har det begynt p\u00e5 nytt. Tiltakene vi innf\u00f8rte p\u00e5 mandag, er derfor aktivert igjen, sier ordf\u00f8rer i Sokndal, Bj\u00f8rn-Inge Mydland (Sp).<\/p>\n<p><img decoding=\"async\" alt=\"Bilde av Bj\u00f8rn-Inge Mydland. \" class=\"_image_ygndg_42\" height=\"53\" itemprop=\"image\" loading=\"lazy\"  src=\"https:\/\/www.europesays.com\/no\/wp-content\/uploads\/2025\/12\/fc8511dc-4676-430c-86eb-c325a98a6901\"  width=\"40\"\/><strong class=\"_name_ygndg_51 title-serif-xs\">Bj\u00f8rn-Inge Mydland. <\/strong><\/p>\n<p class=\"_paragraph_o9xde_4 text-sans-m _description_ygndg_56\">Ordf\u00f8rer i Sokndal kommune<\/p>\n<p class=\"_paragraph_o9xde_4 _paragraph_xtcu6_10 layout-component text-serif-m layout-normal text-serif-m layout-padded\">Flere steder i kommunen er isolert, og b\u00e5de n\u00e6ringsliv og trafikk er ber\u00f8rt.<\/p>\n<p class=\"_paragraph_o9xde_4 _paragraph_xtcu6_10 layout-component text-serif-m layout-normal text-serif-m layout-padded\">\u2013 Vi f\u00f8lger situasjonen tett, s\u00e6rlig med tanke p\u00e5 akutte hendelser, sier han.<\/p>\n<p>Veier som er rammet<\/p>\n<ul class=\"_list_o9xde_3 _list_xtcu6_9 _list_16v91_9 _unordered_o9xde_106 layout-component text-serif-m layout-normal text-sans-m layout-padded\">\n<li class=\"_item_o9xde_30\">Vei ved Barstadvatnet er stengt, og fylkeskommunen er p\u00e5 vei med merking. <\/li>\n<li class=\"_item_o9xde_30\">Kryptevik og \u00d8yno er ogs\u00e5 stengt, og kun b\u00e5t kan brukes for \u00e5 komme seg til \u00d8yno. <\/li>\n<li class=\"_item_o9xde_30\">Pitlingen er fortsatt mulig \u00e5 benytte, men vannet stiger ogs\u00e5 der.<\/li>\n<\/ul>\n<p class=\"_paragraph_o9xde_4 _paragraph_xtcu6_10 _paragraph_16v91_10 layout-component text-serif-m layout-normal text-sans-m layout-padded\">Kilde: <a href=\"https:\/\/www.sokndal.kommune.no\/aktuelt\/oppdatering-pa-flom-18-12-2025-kl-14-30.11719.aspx\" class=\"_link_o9xde_39\" rel=\"nofollow noopener\" target=\"_blank\">Sokndal kommune<\/a><\/p>\n<p>Vis mer<\/p>\n<p class=\"_paragraph_o9xde_4 _paragraph_xtcu6_10 layout-component text-serif-m layout-normal text-serif-m layout-padded\">Noen elever blir sendt tidligere hjem for \u00e5 sikre at de kommer seg trygt fram.<\/p>\n<p class=\"_paragraph_o9xde_4 _paragraph_xtcu6_10 layout-component text-serif-m layout-normal text-serif-m layout-padded\">\u2013 Krisestaben er satt og vil v\u00e6re i beredskap til fredag ettermiddag.<\/p>\n<p><img alt=\"16. desember: Sokndal kommune har satt krisestab som f\u00f8lge av store mengder med regn som har f\u00f8rt til sv\u00e6rt h\u00f8y vannstand og oversv\u00f8mmelser flere steder i kommunen.  Foto: Carina Johansen \/ NTB\" class=\"_image_qp4xg_65 layout-component layout-normal\" data-fullscreen- data-track-element-type=\"Article image fullscreen\" data-track-name=\"ImageFullscreen\" decoding=\"async\" loading=\"lazy\" height=\"5504\" itemprop=\"image\"  src=\"https:\/\/www.europesays.com\/no\/wp-content\/uploads\/2025\/12\/4ef759fb-1d99-439d-9530-ed9ffa4ab7f8\"  style=\"object-position:0% 0%\" width=\"8256\"\/>16. desember: Sokndal kommune har satt krisestab som f\u00f8lge av store mengder med regn som har f\u00f8rt til sv\u00e6rt h\u00f8y vannstand og oversv\u00f8mmelser flere steder i kommunen.  Foto: Carina Johansen \/ NTB<\/p>\n<p class=\"_paragraph_o9xde_4 _paragraph_xtcu6_10 layout-component text-serif-m layout-normal text-serif-m layout-padded\">Han beskriver uv\u00e6ret mandag som det kraftigste p\u00e5 mange \u00e5r.<\/p>\n<p class=\"_paragraph_o9xde_4 _paragraph_xtcu6_10 layout-component text-serif-m layout-normal text-serif-m layout-padded\">\u2013 Det kom s\u00e5 utrolig raskt. For mange har dette ogs\u00e5 blitt en krevende start p\u00e5 julefeiringen, s\u00e6rlig for dem som har f\u00e5tt vann i kjelleren, sier Mydland.<\/p>\n<p class=\"_paragraph_o9xde_4 _paragraph_xtcu6_10 layout-component text-serif-m layout-normal text-serif-m layout-padded\">Han ber\u00f8mmer innbyggerne for \u00e5 ha fulgt godt med p\u00e5 meldinger og viktig informasjon fra kommunen.<\/p>\n<p><img alt=\"VG spurte pent om Ordf\u00f8rer Mydland kunne sende over noen bilder. Det gjorde han. Slik ser det n\u00e5 ut i Sokndal kommune.  Foto: Bj\u00f8rn-Inge Mydland.\" class=\"_image_qp4xg_65 layout-component layout-normal\" data-fullscreen- data-track-element-type=\"Article image fullscreen\" data-track-name=\"ImageFullscreen\" decoding=\"async\" loading=\"lazy\" height=\"540\" itemprop=\"image\"  src=\"https:\/\/www.europesays.com\/no\/wp-content\/uploads\/2025\/12\/5e56e61a-d0c8-4ec0-89ab-d1443a8e64ab\"  style=\"object-position:0% 0%\" width=\"720\"\/>VG spurte pent om Ordf\u00f8rer Mydland kunne sende over noen bilder. Det gjorde han. Slik ser det n\u00e5 ut i Sokndal kommune.  Foto: Bj\u00f8rn-Inge Mydland. Nedb\u00f8rsrekord<\/p>\n<p class=\"_paragraph_o9xde_4 _paragraph_xtcu6_10 layout-component text-serif-m layout-normal text-serif-m layout-padded\">\u2013 Vi hadde ute et gult farevarsel torsdag formiddag for deler av Rogaland og Agder, med at det kunne komme 50\u201370 millimeter p\u00e5 tolv timer s\u00f8r. Det stemmer ganske godt n\u00e5r det har kommet 60mm enkelte steder, sier meteorolog Emili Carin R\u00f8nning til VG.<\/p>\n<p><img alt=\"VG spurte pent om Ordf\u00f8rer Mydland kunne sende over noen bilder. Det gjorde han. Slik ser det n\u00e5 ut i Sokndal kommune.  Foto: Bj\u00f8rn-Inge Mydland.\" class=\"_image_qp4xg_65 layout-component layout-normal\" data-fullscreen- data-track-element-type=\"Article image fullscreen\" data-track-name=\"ImageFullscreen\" decoding=\"async\" loading=\"lazy\" height=\"3024\" itemprop=\"image\"  src=\"https:\/\/www.europesays.com\/no\/wp-content\/uploads\/2025\/12\/d786c065-8c80-43cc-88e2-472307e11cb9\"  style=\"object-position:0% 0%\" width=\"4032\"\/>VG spurte pent om Ordf\u00f8rer Mydland kunne sende over noen bilder. Det gjorde han. Slik ser det n\u00e5 ut i Sokndal kommune.  Foto: Bj\u00f8rn-Inge Mydland.<\/p>\n<p class=\"_paragraph_o9xde_4 _paragraph_xtcu6_10 layout-component text-serif-m layout-normal text-serif-m layout-padded\">Mer regn er p\u00e5 vei til det regnv\u00e5te omr\u00e5det, med 30mm i vente det neste d\u00f8gnet.<\/p>\n<p class=\"_paragraph_o9xde_4 _paragraph_xtcu6_10 layout-component text-serif-m layout-normal text-serif-m layout-padded\">Meteorologen forteller at det n\u00e5 er nedb\u00f8rsrekord for desember i Rogaland. <\/p>\n<p class=\"_paragraph_o9xde_4 _paragraph_xtcu6_10 layout-component text-serif-m layout-normal text-serif-m layout-padded\">\u2013 Det har v\u00e6rt en lengre periode med p\u00e5fyll av regn, konsekvensene er jo flom.<\/p>\n","protected":false},"excerpt":{"rendered":"Flere veier holdes stengt og innbyggerne m\u00e5 hentes hjem med b\u00e5t. Foto: Carina Johansen \/ NTB Oppdatert torsdag&hellip;\n","protected":false},"author":2,"featured_media":116585,"comment_status":"","ping_status":"","sticky":false,"template":"","format":"standard","meta":{"footnotes":""},"categories":[10],"tags":[20,21,24,25,15,22,23,13,30,28,29,14,1994,16,14053,26,27,552],"class_list":{"0":"post-116584","1":"post","2":"type-post","3":"status-publish","4":"format-standard","5":"has-post-thumbnail","7":"category-norge","8":"tag-breaking-news","9":"tag-breakingnews","10":"tag-featured-news","11":"tag-featurednews","12":"tag-headlines","13":"tag-latest-news","14":"tag-latestnews","15":"tag-news","16":"tag-no","17":"tag-norge","18":"tag-norway","19":"tag-nyheter","20":"tag-ordforer","21":"tag-overskrifter","22":"tag-sokndal-kommune","23":"tag-top-stories","24":"tag-topstories","25":"tag-vei"},"share_on_mastodon":{"url":"https:\/\/pubeurope.com\/@no\/115741097221898979","error":""},"_links":{"self":[{"href":"https:\/\/www.europesays.com\/no\/wp-json\/wp\/v2\/posts\/116584","targetHints":{"allow":["GET"]}}],"collection":[{"href":"https:\/\/www.europesays.com\/no\/wp-json\/wp\/v2\/posts"}],"about":[{"href":"https:\/\/www.europesays.com\/no\/wp-json\/wp\/v2\/types\/post"}],"author":[{"embeddable":true,"href":"https:\/\/www.europesays.com\/no\/wp-json\/wp\/v2\/users\/2"}],"replies":[{"embeddable":true,"href":"https:\/\/www.europesays.com\/no\/wp-json\/wp\/v2\/comments?post=116584"}],"version-history":[{"count":0,"href":"https:\/\/www.europesays.com\/no\/wp-json\/wp\/v2\/posts\/116584\/revisions"}],"wp:featuredmedia":[{"embeddable":true,"href":"https:\/\/www.europesays.com\/no\/wp-json\/wp\/v2\/media\/116585"}],"wp:attachment":[{"href":"https:\/\/www.europesays.com\/no\/wp-json\/wp\/v2\/media?parent=116584"}],"wp:term":[{"taxonomy":"category","embeddable":true,"href":"https:\/\/www.europesays.com\/no\/wp-json\/wp\/v2\/categories?post=116584"},{"taxonomy":"post_tag","embeddable":true,"href":"https:\/\/www.europesays.com\/no\/wp-json\/wp\/v2\/tags?post=116584"}],"curies":[{"name":"wp","href":"https:\/\/api.w.org\/{rel}","templated":true}]}}