{"id":116586,"date":"2025-12-18T14:42:09","date_gmt":"2025-12-18T14:42:09","guid":{"rendered":"https:\/\/www.europesays.com\/no\/116586\/"},"modified":"2025-12-18T14:42:09","modified_gmt":"2025-12-18T14:42:09","slug":"fredrik-moller-falt-stygt-i-val-gardena","status":"publish","type":"post","link":"https:\/\/www.europesays.com\/no\/116586\/","title":{"rendered":"Fredrik M\u00f8ller falt stygt i Val Gardena"},"content":{"rendered":"\n<p class=\"_lead_o9xde_2 _lead_xtcu6_50 layout-component text-serif-m layout-normal text-serif-l layout-component layout-wide layout-padded _wide_17hqh_1 layout-padded\">Rennet ble avbrutt mens 25-\u00e5ringen ble behandlet i traseen.<\/p>\n<p> <img class=\"_image_qp4xg_65 layout-component layout-wide\" data-fullscreen- data-track-element-type=\"Article image fullscreen\" data-track-name=\"ImageFullscreen\" fetchpriority=\"high\" decoding=\"sync\" loading=\"eager\" height=\"57\" itemprop=\"image\"  src=\"https:\/\/www.europesays.com\/no\/wp-content\/uploads\/2025\/12\/a48974003136f6877a1fea4faeb8f2f8.jpg\"  style=\"object-position:50% 50%;aspect-ratio:1.75;height:auto;object-fit:cover;width:100%\" width=\"102\"\/>  <\/p>\n<ul aria-hidden=\"true\" class=\"_images_ntbth_112\">\n<li><a class=\"_link_ntbth_117\" href=\"https:\/\/www.vg.no\/forfatter\/mads-thygesen\" style=\"z-index:1\" title=\"Mads Thygesen\" rel=\"nofollow noopener\" target=\"_blank\"><img alt=\"Bilde av Mads Thygesen\" class=\"_image_ntbth_93\" fetchpriority=\"low\" loading=\"lazy\" decoding=\"async\" itemprop=\"image\"  src=\"https:\/\/www.europesays.com\/no\/wp-content\/uploads\/2025\/12\/1766068929_345_d82576b6-c31c-43fc-a223-28ce8745295c\"  width=\"480\"\/><\/a><\/li>\n<\/ul>\n<p> Oppdatert torsdag 18. desember kl. 15:38     <\/p>\n<p class=\"_paragraph_o9xde_4 _paragraph_xtcu6_10 layout-component text-serif-m layout-normal text-serif-m layout-padded\">Det var like etter andre mellomtid i utforrennet i Val Gardena torsdag det gikk galt. <\/p>\n<p class=\"_paragraph_o9xde_4 _paragraph_xtcu6_10 layout-component text-serif-m layout-normal text-serif-m layout-padded\">Etter et hopp mistet 25-\u00e5ringen balansen og landet p\u00e5 ryggen. Rett f\u00f8r hoppet skal M\u00f8ller ha hatt en fart p\u00e5 over 120 kilometer i timen. <\/p>\n<p class=\"_paragraph_o9xde_4 _paragraph_xtcu6_10 layout-component text-serif-m layout-normal text-serif-m layout-padded\">M\u00f8ller ble liggende i l\u00f8ypa, men begynte rask \u00e5 bevege p\u00e5 seg og var oppe i knest\u00e5ende f\u00f8r han fikk behandling i traseen.<\/p>\n<p class=\"_paragraph_o9xde_4 _paragraph_xtcu6_10 layout-component text-serif-m layout-normal text-serif-m layout-padded\">Til VG skriver sportssjef for alpint Claus Ryste f\u00f8lgende:<\/p>\n<p class=\"_paragraph_o9xde_4 _paragraph_xtcu6_10 layout-component text-serif-m layout-normal text-serif-m layout-padded\">\u2013 Fredrik er fl\u00f8yet til sykehus for n\u00e6rmere unders\u00f8kelser. Vi melder mer n\u00e5r vi vet svaret p\u00e5 de unders\u00f8kelsene.<\/p>\n<p class=\"_paragraph_o9xde_4 _paragraph_xtcu6_10 layout-component text-serif-m layout-normal text-serif-m layout-padded\">TIl NTB sier Ryste at M\u00f8ller fikk behandling p\u00e5 stedet f\u00f8r han ble fl\u00f8yet avg\u00e5rde.<\/p>\n<p class=\"_paragraph_o9xde_4 _paragraph_xtcu6_10 layout-component text-serif-m layout-normal text-serif-m layout-padded\">Den norske alpinisten ble fraktet ut av l\u00f8ypa p\u00e5 b\u00e5re.<\/p>\n<p><img alt=\"Fredrik M\u00f8ller falt i utforrennet i Val Gardena.  Foto: Cornelius Poppe \/ NTB\" class=\"_image_qp4xg_65 layout-component layout-normal\" data-fullscreen- data-track-element-type=\"Article image fullscreen\" data-track-name=\"ImageFullscreen\" decoding=\"async\" loading=\"lazy\" height=\"5760\" itemprop=\"image\"  src=\"https:\/\/www.europesays.com\/no\/wp-content\/uploads\/2025\/12\/d4d105c8-5b39-49c6-8eb8-89c0d16aba12\"  style=\"object-position:0% 0%\" width=\"8640\"\/>Fredrik M\u00f8ller falt i utforrennet i Val Gardena.  Foto: Cornelius Poppe \/ NTB<\/p>\n<p class=\"_paragraph_o9xde_4 _paragraph_xtcu6_10 layout-component text-serif-m layout-normal text-serif-m layout-padded\">Forholdene under utforrennet i Val Gardena var krevende og rennet ble utsatt en rekke ganger p\u00e5 grunn tykk t\u00e5ke.<\/p>\n<p class=\"_paragraph_o9xde_4 _paragraph_xtcu6_10 layout-component text-serif-m layout-normal text-serif-m layout-padded\">M\u00f8ller kj\u00f8rte fra startnummer 45 og fallet ble ikke vist p\u00e5 tv.<\/p>\n<p class=\"_paragraph_o9xde_4 _paragraph_xtcu6_10 layout-component text-serif-m layout-normal text-serif-m layout-padded\">25-\u00e5ringen var p\u00e5 pallen i super-G-rennet i Beaver Creek i starten av desember. <\/p>\n<p class=\"_paragraph_o9xde_4 _paragraph_xtcu6_10 layout-component text-serif-m layout-normal text-serif-m layout-padded\">Marco Odermatt leder med 15 hundredels sekund foran Franjo von Allmen. Dominik Paris er p\u00e5 3.-plass.<\/p>\n<p class=\"_paragraph_o9xde_4 _paragraph_xtcu6_10 layout-component text-serif-m layout-normal text-serif-m layout-padded\">Beste nordmann i m\u00e5l er forel\u00f8pig Adrian Smiseth Sejersted p\u00e5 en 27-plass. Aleksander Aamodt Kilde var f\u00f8rste nordmann ned l\u00f8ypa med startnummer fem. Han ligger for \u00f8yeblikket p\u00e5 en 42-plass.<\/p>\n","protected":false},"excerpt":{"rendered":"Rennet ble avbrutt mens 25-\u00e5ringen ble behandlet i traseen. Oppdatert torsdag 18. desember kl. 15:38 Det var like&hellip;\n","protected":false},"author":2,"featured_media":116587,"comment_status":"","ping_status":"","sticky":false,"template":"","format":"standard","meta":{"footnotes":""},"categories":[5],"tags":[249,20,21,24,25,15,19,22,23,17,18,13,30,28,29,14,16,26,27],"class_list":{"0":"post-116586","1":"post","2":"type-post","3":"status-publish","4":"format-standard","5":"has-post-thumbnail","7":"category-overskrifter","8":"tag-alpint","9":"tag-breaking-news","10":"tag-breakingnews","11":"tag-featured-news","12":"tag-featurednews","13":"tag-headlines","14":"tag-hovedoppslag","15":"tag-latest-news","16":"tag-latestnews","17":"tag-main-news","18":"tag-mainnews","19":"tag-news","20":"tag-no","21":"tag-norge","22":"tag-norway","23":"tag-nyheter","24":"tag-overskrifter","25":"tag-top-stories","26":"tag-topstories"},"share_on_mastodon":{"url":"https:\/\/pubeurope.com\/@no\/115741100856686328","error":""},"_links":{"self":[{"href":"https:\/\/www.europesays.com\/no\/wp-json\/wp\/v2\/posts\/116586","targetHints":{"allow":["GET"]}}],"collection":[{"href":"https:\/\/www.europesays.com\/no\/wp-json\/wp\/v2\/posts"}],"about":[{"href":"https:\/\/www.europesays.com\/no\/wp-json\/wp\/v2\/types\/post"}],"author":[{"embeddable":true,"href":"https:\/\/www.europesays.com\/no\/wp-json\/wp\/v2\/users\/2"}],"replies":[{"embeddable":true,"href":"https:\/\/www.europesays.com\/no\/wp-json\/wp\/v2\/comments?post=116586"}],"version-history":[{"count":0,"href":"https:\/\/www.europesays.com\/no\/wp-json\/wp\/v2\/posts\/116586\/revisions"}],"wp:featuredmedia":[{"embeddable":true,"href":"https:\/\/www.europesays.com\/no\/wp-json\/wp\/v2\/media\/116587"}],"wp:attachment":[{"href":"https:\/\/www.europesays.com\/no\/wp-json\/wp\/v2\/media?parent=116586"}],"wp:term":[{"taxonomy":"category","embeddable":true,"href":"https:\/\/www.europesays.com\/no\/wp-json\/wp\/v2\/categories?post=116586"},{"taxonomy":"post_tag","embeddable":true,"href":"https:\/\/www.europesays.com\/no\/wp-json\/wp\/v2\/tags?post=116586"}],"curies":[{"name":"wp","href":"https:\/\/api.w.org\/{rel}","templated":true}]}}