{"id":116590,"date":"2025-12-18T14:51:09","date_gmt":"2025-12-18T14:51:09","guid":{"rendered":"https:\/\/www.europesays.com\/no\/116590\/"},"modified":"2025-12-18T14:51:09","modified_gmt":"2025-12-18T14:51:09","slug":"fredrik-moller-falt-stygt-ut-pa-bare","status":"publish","type":"post","link":"https:\/\/www.europesays.com\/no\/116590\/","title":{"rendered":"Fredrik M\u00f8ller falt stygt &#8211; ut p\u00e5 b\u00e5re"},"content":{"rendered":"<p class=\"no_italic m-no_italic\" data-lab-italic=\"\">Fredrik M\u00f8ller (25) falt stygt i utforl\u00f8ypa i Val Gardena, og rennet ble avbrutt i en periode.\u00a0<\/p>\n<p>Nordmannen ble liggende igjen i traseen der han mottok behandling fra legepersonell. <\/p>\n<p class=\"italic m-italic\" data-lab-italic=\"italic\">Se fallet i toppen av saken!<\/p>\n<p>Den norske alpinisten ble fraktet ut av l\u00f8ypa p\u00e5 b\u00e5re. TV-bildene viste et helikopter som ankom bakken.<\/p>\n<p class=\"bold m-bold\" data-lab-font_weight=\"bold\">\u2013 Fredrik er flydd til sykehus for unders\u00f8kelser. Vi melder mer n\u00e5r vi vet svaret p\u00e5 de unders\u00f8kelsene, skriver alpinlandslagets sportssjef Claus Ryste i en melding til TV 2. <\/p>\n<p>        <img class=\"image__img lazyload\" itemprop=\"image\" title=\"Foto: Skjermdump \/ Viaplay\" alt=\"LEGEHJELP: Fredrik M\u00f8ller ble fl\u00f8yet til sykehus etter \u00e5 ha blitt fraktet ut av l\u00f8ypa p\u00e5 b\u00e5re. Foto: Skjermdump \/ Viaplay\" width=\"675\" height=\"379\" bad-src=\"https:\/\/www.europesays.com\/no\/wp-content\/uploads\/2025\/12\/18397411.webp\" fetchpriority=\"auto\" \/><\/p>\n<p>      LEGEHJELP: Fredrik M\u00f8ller ble fl\u00f8yet til sykehus etter \u00e5 ha blitt fraktet ut av l\u00f8ypa p\u00e5 b\u00e5re.<br \/>\n         Foto: Skjermdump \/ Viaplay<\/p>\n<p>Det var vanskelige forhold i Val Gardena. Konkurransen ble utsatt flere ganger grunnet tykk t\u00e5ke.<\/p>\n<p>Marco Odermatt vant rennet 15 hundredeler foran landsmann Franjo von Allmen. Italieneren Dominik Paris er nummer tre.<\/p>\n<p>Alexander Aamodt Kilde\u00a0endte 1,56 sekunder bak Odermatt.<\/p>\n","protected":false},"excerpt":{"rendered":"Fredrik M\u00f8ller (25) falt stygt i utforl\u00f8ypa i Val Gardena, og rennet ble avbrutt i en periode.\u00a0 Nordmannen&hellip;\n","protected":false},"author":2,"featured_media":116591,"comment_status":"","ping_status":"","sticky":false,"template":"","format":"standard","meta":{"footnotes":""},"categories":[12],"tags":[20,21,24,25,15,22,23,13,30,28,29,14,16,26,27,42,43,44,45],"class_list":{"0":"post-116590","1":"post","2":"type-post","3":"status-publish","4":"format-standard","5":"has-post-thumbnail","7":"category-verden","8":"tag-breaking-news","9":"tag-breakingnews","10":"tag-featured-news","11":"tag-featurednews","12":"tag-headlines","13":"tag-latest-news","14":"tag-latestnews","15":"tag-news","16":"tag-no","17":"tag-norge","18":"tag-norway","19":"tag-nyheter","20":"tag-overskrifter","21":"tag-top-stories","22":"tag-topstories","23":"tag-verden","24":"tag-world","25":"tag-world-news","26":"tag-worldnews"},"share_on_mastodon":{"url":"https:\/\/pubeurope.com\/@no\/115741136345168553","error":""},"_links":{"self":[{"href":"https:\/\/www.europesays.com\/no\/wp-json\/wp\/v2\/posts\/116590","targetHints":{"allow":["GET"]}}],"collection":[{"href":"https:\/\/www.europesays.com\/no\/wp-json\/wp\/v2\/posts"}],"about":[{"href":"https:\/\/www.europesays.com\/no\/wp-json\/wp\/v2\/types\/post"}],"author":[{"embeddable":true,"href":"https:\/\/www.europesays.com\/no\/wp-json\/wp\/v2\/users\/2"}],"replies":[{"embeddable":true,"href":"https:\/\/www.europesays.com\/no\/wp-json\/wp\/v2\/comments?post=116590"}],"version-history":[{"count":0,"href":"https:\/\/www.europesays.com\/no\/wp-json\/wp\/v2\/posts\/116590\/revisions"}],"wp:featuredmedia":[{"embeddable":true,"href":"https:\/\/www.europesays.com\/no\/wp-json\/wp\/v2\/media\/116591"}],"wp:attachment":[{"href":"https:\/\/www.europesays.com\/no\/wp-json\/wp\/v2\/media?parent=116590"}],"wp:term":[{"taxonomy":"category","embeddable":true,"href":"https:\/\/www.europesays.com\/no\/wp-json\/wp\/v2\/categories?post=116590"},{"taxonomy":"post_tag","embeddable":true,"href":"https:\/\/www.europesays.com\/no\/wp-json\/wp\/v2\/tags?post=116590"}],"curies":[{"name":"wp","href":"https:\/\/api.w.org\/{rel}","templated":true}]}}