{"id":116592,"date":"2025-12-18T14:52:11","date_gmt":"2025-12-18T14:52:11","guid":{"rendered":"https:\/\/www.europesays.com\/no\/116592\/"},"modified":"2025-12-18T14:52:11","modified_gmt":"2025-12-18T14:52:11","slug":"nyhet-gautefall-ma-utsette-apningen-krysser-fingrene","status":"publish","type":"post","link":"https:\/\/www.europesays.com\/no\/116592\/","title":{"rendered":"Nyhet, Gautefall | M\u00e5 utsette \u00e5pningen: \u2013 Krysser fingrene"},"content":{"rendered":"\n<p>Gautefall Skisenter utsetter sesong\u00e5pningen. Opprinnelig var planen \u00e5 \u00e5pne senteret 20. desember. <\/p>\n<p>\u2013 Vi har lagt ned mye arbeid i anlegget og gjort alt vi kan for \u00e5 v\u00e6re klare til sesongstart. Mildv\u00e6r, regn og skiftende forhold har dessverre gjort det utfordrende, og vi m\u00e5 derfor vente p\u00e5 mer stabile kuldegrader, skriver Gautefall Skisenter p\u00e5 Instagram.<\/p>\n<p>Dermed utsettes den planlagt \u00e5pningen p\u00e5 ubestemt tid. <\/p>\n<p>\u2013 Det er meldt kaldere v\u00e6r over helgen, noe som vil bedre forholdene betydelig. Vi kommer tilbake med oppdatert informasjon s\u00e5 snart situasjonen tillater det, melder skisenteret videre. <\/p>\n<p>Linn Roalstad er ansvarlig for sn\u00f8produksjon i skisenteret. Hun h\u00e5per minusgradene kommer fort tilbake. <\/p>\n<p>\u2013 Vi h\u00e5per \u00e5 kunne starte opp igjen sn\u00f8produksjonen s\u00e5 fort som mulig, sier hun til <a href=\"https:\/\/www.drangedalsposten.no\/\" rel=\"Follow nofollow noopener\" target=\"_blank\">Drangedalsposten.<\/a><\/p>\n","protected":false},"excerpt":{"rendered":"Gautefall Skisenter utsetter sesong\u00e5pningen. Opprinnelig var planen \u00e5 \u00e5pne senteret 20. desember. \u2013 Vi har lagt ned mye&hellip;\n","protected":false},"author":2,"featured_media":116593,"comment_status":"","ping_status":"","sticky":false,"template":"","format":"standard","meta":{"footnotes":""},"categories":[10],"tags":[36,20,21,24,25,14054,15,22,23,13,30,28,29,447,14,16,14055,6527,1510,26,27,6263],"class_list":{"0":"post-116592","1":"post","2":"type-post","3":"status-publish","4":"format-standard","5":"has-post-thumbnail","7":"category-norge","8":"tag-art","9":"tag-breaking-news","10":"tag-breakingnews","11":"tag-featured-news","12":"tag-featurednews","13":"tag-gautefall","14":"tag-headlines","15":"tag-latest-news","16":"tag-latestnews","17":"tag-news","18":"tag-no","19":"tag-norge","20":"tag-norway","21":"tag-nyhet","22":"tag-nyheter","23":"tag-overskrifter","24":"tag-skisenter","25":"tag-sno","26":"tag-story","27":"tag-top-stories","28":"tag-topstories","29":"tag-vinter"},"share_on_mastodon":{"url":"https:\/\/pubeurope.com\/@no\/115741140328111948","error":""},"_links":{"self":[{"href":"https:\/\/www.europesays.com\/no\/wp-json\/wp\/v2\/posts\/116592","targetHints":{"allow":["GET"]}}],"collection":[{"href":"https:\/\/www.europesays.com\/no\/wp-json\/wp\/v2\/posts"}],"about":[{"href":"https:\/\/www.europesays.com\/no\/wp-json\/wp\/v2\/types\/post"}],"author":[{"embeddable":true,"href":"https:\/\/www.europesays.com\/no\/wp-json\/wp\/v2\/users\/2"}],"replies":[{"embeddable":true,"href":"https:\/\/www.europesays.com\/no\/wp-json\/wp\/v2\/comments?post=116592"}],"version-history":[{"count":0,"href":"https:\/\/www.europesays.com\/no\/wp-json\/wp\/v2\/posts\/116592\/revisions"}],"wp:featuredmedia":[{"embeddable":true,"href":"https:\/\/www.europesays.com\/no\/wp-json\/wp\/v2\/media\/116593"}],"wp:attachment":[{"href":"https:\/\/www.europesays.com\/no\/wp-json\/wp\/v2\/media?parent=116592"}],"wp:term":[{"taxonomy":"category","embeddable":true,"href":"https:\/\/www.europesays.com\/no\/wp-json\/wp\/v2\/categories?post=116592"},{"taxonomy":"post_tag","embeddable":true,"href":"https:\/\/www.europesays.com\/no\/wp-json\/wp\/v2\/tags?post=116592"}],"curies":[{"name":"wp","href":"https:\/\/api.w.org\/{rel}","templated":true}]}}