{"id":116600,"date":"2025-12-18T15:01:06","date_gmt":"2025-12-18T15:01:06","guid":{"rendered":"https:\/\/www.europesays.com\/no\/116600\/"},"modified":"2025-12-18T15:01:06","modified_gmt":"2025-12-18T15:01:06","slug":"nordmann-falt-stygt-i-val-gardena-rennet-ble-avbrutt-nrk-sport-sportsnyheter-resultater-og-sendeplan","status":"publish","type":"post","link":"https:\/\/www.europesays.com\/no\/116600\/","title":{"rendered":"Nordmann falt stygt i Val Gardena \u2013 rennet ble avbrutt \u2013 NRK Sport \u2013 Sportsnyheter, resultater og sendeplan"},"content":{"rendered":"<p>\u2013 N\u00e5r du ser et s\u00e5nt fall, s\u00e5 g\u00e5r det bare kaldt gjennom hele kroppen.<\/p>\n<p>Det sier Lars Elton Myhre til NRK.<\/p>\n<p><strong>Alpineksperten har nettopp m\u00e5ttet lide seg igjennom det styggetfallet til Fredrik M\u00f8ller i den beryktede l\u00f8ypa i Val Gardena.<\/strong><\/p>\n<p>Over de to hoppene som kalles \u00abKamelpuklene\u00bb, mistet 25-\u00e5ringen kontrollen og fikk et hardt m\u00f8te med underlaget.<\/p>\n<p><strong>\u2013 Det er fryktelig \u00e5 se p\u00e5. Det er et av de partiene gjennom sesongen hvor det b\u00e5de er det h\u00f8yeste og lengste svevet. Det er en fart p\u00e5 rundt 120 kilometer i timen. Og da er det fryktelig \u00e5 se en ut\u00f8ver som havner i ubalanse, fanger luft og blir trukket mer og mer bakp\u00e5, sier Elton Myhre.<\/strong><\/p>\n<p><img decoding=\"async\"   src=\"data:image\/gif;base64,R0lGODlhAQABAIAAAAAAAP\/\/\/yH5BAEAAAAALAAAAAABAAEAAAIBRAA7\" loading=\"eager\" alt=\"Fredrik M\u00f8ller\" title=\"Foto: Cornelius Poppe \/ NTB\"\/><\/p>\n<p class=\"\">FRAKTET BORT: Fredrik M\u00f8ller ble liggende igjen i utfortraseen i Val Gardena. Han klarte etter hvert \u00e5 rulle seg over p\u00e5 siden, og ble fraktet ut p\u00e5 b\u00e5re. Dette bildet er tatt under trening i S\u00f6lden i h\u00f8st.<\/p>\n<p>Foto: Cornelius Poppe \/ NTB<\/p>\n<p>Uavklart skadeomfang<\/p>\n<p>Kort tid i forkant hadde Fredrik M\u00f8ller falt stygt under utforrennet i Val Gardena. Han feilberegnet et hopp ved \u00abKamelpuklene\u00bb og fikk et hardt m\u00f8te med underlaget.<\/p>\n<p><strong>Deretter seilet han et stykke nedover henget. 25-\u00e5ringen mottok medisinsk assistanse i traseen, men klarte \u00e5 kare seg opp i knest\u00e5ende.<\/strong><\/p>\n<p>Den norske alpinisten ble fraktet ut p\u00e5 b\u00e5re til ventende transport til sykehus med luftambulanse.<\/p>\n<p><strong>\u2013 Vi vet ikke s\u00e5 mye enn\u00e5. Han er p\u00e5 vei til sykehus for unders\u00f8kelser, sier sportssjef Claus Ryste til NRK.<\/strong><\/p>\n<p>\u2013 Det er en ordentlig karamell han har f\u00e5tt, og s\u00e5 f\u00e5r vi h\u00e5pe det g\u00e5r s\u00e5 bra som det kan g\u00e5, sa Elton Myhre om det potensielle skadeomfanget.<\/p>\n<p>\u2013 Akkurat n\u00e5 tror jeg ikke vi skal sp\u00e5 s\u00e5 mye, men heller tenke p\u00e5 ham og krysse alt vi har fort at det har g\u00e5tt s\u00e5 bra som mulig, la han til.<\/p>\n<p>Tykk t\u00e5ke<\/p>\n<p>Det var vanskelige forhold i Val Gardena. Konkurransen ble utsatt flere ganger grunnet tykk t\u00e5ke.<\/p>\n<p><strong>Marco Odermatt vant rennet, 15 hundredeler foran landsmann Franjo von Allmen. Italieneren Dominik Paris ble nummer tre.<\/strong><\/p>\n<p>Alexander Aamodt Kilde er tilbake fra sitt skadefrav\u00e6r. Torsdag fikk han ikke ting til \u00e5 stemme. Han fikk blant annet problemer i det samme partiet som M\u00f8ller.\n<\/p>\n<p>Aleksander Aamodt Kilde kom langt bakp\u00e5 p\u00e5 samme hopp som Fredrik M\u00f8ller senere falt p\u00e5 under utforen i Val Gardena.<\/p>\n<p>Til slutt var han i m\u00e5l hele 1,56 sekunder bak Odermatt. Det bet\u00f8d at han falt utenfor lista over de 40 beste l\u00f8perne.<\/p>\n<p>33-\u00e5ringen er tilbake i verdenscupsirkuset etter nesten to \u00e5r p\u00e5 sidelinjen. Han skadet seg stygt i Wengen i januar 2024.<\/p>\n<p>\u2013 Ikke helt i balanse<\/p>\n<p>Tre ganger tidligere har nordmannen vunnet den tradisjonsrike Val Gardena-utforen. I torsdagens renn gjorde Kilde en rekke feil, som sendte ham langt ned p\u00e5 resultatlisten.<\/p>\n<p><strong>\u2013 Er ikke helt i balanse om dagen, s\u00e5nn som vi kjenner ham, sa Viaplay-ekspert Kjetil Jansrud.<\/strong><\/p>\n<p>\u2013 Det er klassiske ting n\u00e5r timingen ikke sitter helt. Det er det som mangler litt. Det var ingen oppvarmingstrening, d\u00e5rlig sn\u00f8 og sikt. Det er t\u00f8ft \u00e5 ha comeback i \u00e5r kjenner jeg. Det er vanskelig \u00e5 f\u00e5 nok trening, sier Kilde til Viaplay.<\/p>\n<p>Rennet i Val Gardena er n\u00e5 avsluttet. Aamodt Kilde ble til slutt nummer 42. Adrian Smiseth Sejersted ble nummer 27.<\/p>\n<p>Publisert<\/p>\n<p>18.12.2025, kl. 14.59<\/p>\n<p>Oppdatert<\/p>\n<p>18.12.2025, kl. 16.00<\/p>\n","protected":false},"excerpt":{"rendered":"\u2013 N\u00e5r du ser et s\u00e5nt fall, s\u00e5 g\u00e5r det bare kaldt gjennom hele kroppen. Det sier Lars&hellip;\n","protected":false},"author":2,"featured_media":116601,"comment_status":"","ping_status":"","sticky":false,"template":"","format":"standard","meta":{"footnotes":""},"categories":[12],"tags":[20,21,24,25,15,22,23,13,30,28,29,14,16,26,27,42,43,44,45],"class_list":{"0":"post-116600","1":"post","2":"type-post","3":"status-publish","4":"format-standard","5":"has-post-thumbnail","7":"category-verden","8":"tag-breaking-news","9":"tag-breakingnews","10":"tag-featured-news","11":"tag-featurednews","12":"tag-headlines","13":"tag-latest-news","14":"tag-latestnews","15":"tag-news","16":"tag-no","17":"tag-norge","18":"tag-norway","19":"tag-nyheter","20":"tag-overskrifter","21":"tag-top-stories","22":"tag-topstories","23":"tag-verden","24":"tag-world","25":"tag-world-news","26":"tag-worldnews"},"share_on_mastodon":{"url":"https:\/\/pubeurope.com\/@no\/115741175644865714","error":""},"_links":{"self":[{"href":"https:\/\/www.europesays.com\/no\/wp-json\/wp\/v2\/posts\/116600","targetHints":{"allow":["GET"]}}],"collection":[{"href":"https:\/\/www.europesays.com\/no\/wp-json\/wp\/v2\/posts"}],"about":[{"href":"https:\/\/www.europesays.com\/no\/wp-json\/wp\/v2\/types\/post"}],"author":[{"embeddable":true,"href":"https:\/\/www.europesays.com\/no\/wp-json\/wp\/v2\/users\/2"}],"replies":[{"embeddable":true,"href":"https:\/\/www.europesays.com\/no\/wp-json\/wp\/v2\/comments?post=116600"}],"version-history":[{"count":0,"href":"https:\/\/www.europesays.com\/no\/wp-json\/wp\/v2\/posts\/116600\/revisions"}],"wp:featuredmedia":[{"embeddable":true,"href":"https:\/\/www.europesays.com\/no\/wp-json\/wp\/v2\/media\/116601"}],"wp:attachment":[{"href":"https:\/\/www.europesays.com\/no\/wp-json\/wp\/v2\/media?parent=116600"}],"wp:term":[{"taxonomy":"category","embeddable":true,"href":"https:\/\/www.europesays.com\/no\/wp-json\/wp\/v2\/categories?post=116600"},{"taxonomy":"post_tag","embeddable":true,"href":"https:\/\/www.europesays.com\/no\/wp-json\/wp\/v2\/tags?post=116600"}],"curies":[{"name":"wp","href":"https:\/\/api.w.org\/{rel}","templated":true}]}}