{"id":116610,"date":"2025-12-18T15:10:26","date_gmt":"2025-12-18T15:10:26","guid":{"rendered":"https:\/\/www.europesays.com\/no\/116610\/"},"modified":"2025-12-18T15:10:26","modified_gmt":"2025-12-18T15:10:26","slug":"orkland-drap-orkland-drapet-siktede-nekter-a-la-seg-avhore","status":"publish","type":"post","link":"https:\/\/www.europesays.com\/no\/116610\/","title":{"rendered":"Orkland, Drap | Orkland-drapet: Siktede nekter \u00e5 la seg avh\u00f8re"},"content":{"rendered":"\n<p>Torsdag morgen kommer politiet med en ny oppdateringen om etterforskingen av saken hvor Marita L\u00f8fshus Haugen (35) ble funnet drept i Orkland kommune l\u00f8rdag kveld.<\/p>\n<p>Etterforskningen g\u00e5r n\u00e5 inn i en ny fase, kan de fortelle.<\/p>\n<p>Politiet har gjennomf\u00f8rt \u00e5stedsunders\u00f8kelse hvor det er tatt flere beslag og sikret pr\u00f8ver for videre analyse og tatt beslag i digitale lagringsenheter som gjennomg\u00e5s. Politiet har ogs\u00e5 gjennomf\u00f8rt en rekke vitneavh\u00f8r. Det er gjennomf\u00f8rt obduksjon, og politiet mener at d\u00f8dsfallet skyldes at avd\u00f8de ble p\u00e5f\u00f8rt d\u00f8delig vold.<\/p>\n<p>\u2013 Det skal gj\u00f8res noen flere kriminaltekniske unders\u00f8kelser i dag, og det er oppnevnt to rettspsykiatriske sakkyndige som skal gjennomf\u00f8re en utredning av siktedes sinnstilstand. Det er ogs\u00e5 en del av de sakkyndiges mandat \u00e5 utrede faren for gjentakelse. Etterforskningen er bredt anlagt, og politiet leter ogs\u00e5 aktivt etter opplysninger som peker i annen retning enn mot den siktede mannen, sier politiadvokat Ole Andreas Aftret.<\/p>\n<p><b>Les ogs\u00e5: <\/b><a href=\"https:\/\/www.nettavisen.no\/nyheter\/orkland-drapet-tidligere-drapsdomte-jorn-andersen-siktet\/s\/5-95-2780569\" rel=\"Follow nofollow noopener\" target=\"_blank\"><b>Orkland-drapet: Tidligere drapsd\u00f8mte J\u00f8rn Andersen siktet<\/b><\/a><\/p>\n<p>Den siktede mannen formidlet tidlig til politiet at han ikke \u00f8nsker \u00e5 la seg avh\u00f8re, og dette \u00f8nsket har han opprettholdt. Siktelsen av mannen er uendret.<\/p>\n<p>\u2013 At den siktede ikke er avh\u00f8rt er en av \u00e5rsakene til at vi ikke \u00f8nsker \u00e5 g\u00e5 ut med konkret informasjon om d\u00f8ds\u00e5rsak eller om det er gjort beslag av v\u00e5pen, utover at vi mener det er sikkert at dette er et drap og at d\u00f8ds\u00e5rsaken er den volden avd\u00f8de ble utsatt for. \u00c5 dele mer informasjon om dette n\u00e5 vil kunne skade etterforskingen p\u00e5 sikt, sier politiadvokat Aftret.<\/p>\n","protected":false},"excerpt":{"rendered":"Torsdag morgen kommer politiet med en ny oppdateringen om etterforskingen av saken hvor Marita L\u00f8fshus Haugen (35) ble&hellip;\n","protected":false},"author":2,"featured_media":116611,"comment_status":"","ping_status":"","sticky":false,"template":"","format":"standard","meta":{"footnotes":""},"categories":[10],"tags":[20,21,24,25,15,22,23,13,30,28,29,14,16,26,27],"class_list":{"0":"post-116610","1":"post","2":"type-post","3":"status-publish","4":"format-standard","5":"has-post-thumbnail","7":"category-norge","8":"tag-breaking-news","9":"tag-breakingnews","10":"tag-featured-news","11":"tag-featurednews","12":"tag-headlines","13":"tag-latest-news","14":"tag-latestnews","15":"tag-news","16":"tag-no","17":"tag-norge","18":"tag-norway","19":"tag-nyheter","20":"tag-overskrifter","21":"tag-top-stories","22":"tag-topstories"},"share_on_mastodon":{"url":"https:\/\/pubeurope.com\/@no\/115741210981658694","error":""},"_links":{"self":[{"href":"https:\/\/www.europesays.com\/no\/wp-json\/wp\/v2\/posts\/116610","targetHints":{"allow":["GET"]}}],"collection":[{"href":"https:\/\/www.europesays.com\/no\/wp-json\/wp\/v2\/posts"}],"about":[{"href":"https:\/\/www.europesays.com\/no\/wp-json\/wp\/v2\/types\/post"}],"author":[{"embeddable":true,"href":"https:\/\/www.europesays.com\/no\/wp-json\/wp\/v2\/users\/2"}],"replies":[{"embeddable":true,"href":"https:\/\/www.europesays.com\/no\/wp-json\/wp\/v2\/comments?post=116610"}],"version-history":[{"count":0,"href":"https:\/\/www.europesays.com\/no\/wp-json\/wp\/v2\/posts\/116610\/revisions"}],"wp:featuredmedia":[{"embeddable":true,"href":"https:\/\/www.europesays.com\/no\/wp-json\/wp\/v2\/media\/116611"}],"wp:attachment":[{"href":"https:\/\/www.europesays.com\/no\/wp-json\/wp\/v2\/media?parent=116610"}],"wp:term":[{"taxonomy":"category","embeddable":true,"href":"https:\/\/www.europesays.com\/no\/wp-json\/wp\/v2\/categories?post=116610"},{"taxonomy":"post_tag","embeddable":true,"href":"https:\/\/www.europesays.com\/no\/wp-json\/wp\/v2\/tags?post=116610"}],"curies":[{"name":"wp","href":"https:\/\/api.w.org\/{rel}","templated":true}]}}