{"id":116612,"date":"2025-12-18T15:11:11","date_gmt":"2025-12-18T15:11:11","guid":{"rendered":"https:\/\/www.europesays.com\/no\/116612\/"},"modified":"2025-12-18T15:11:11","modified_gmt":"2025-12-18T15:11:11","slug":"varslar-kraftig-snofokk-i-fjellet-i-sor-noreg-nrk-vestland","status":"publish","type":"post","link":"https:\/\/www.europesays.com\/no\/116612\/","title":{"rendered":"Varslar kraftig sn\u00f8fokk i fjellet i S\u00f8r-Noreg \u2013 NRK Vestland"},"content":{"rendered":"<p>Det kan bli vanskelege k\u00f8yreforhold i fjella i S\u00f8r-Noreg n\u00e5r juleutfarten startar dei neste dagane.<\/p>\n<p>Meteorologisk institutt har sendt ut gult farevarsel for lokal sn\u00f8fokk i fjellet p\u00e5 grunn av kraftig vind.<\/p>\n<p>Faren aukar fr\u00e5 torsdag kveld i 10-tida og minkar fr\u00e5 fredag klokka 13.<\/p>\n<p>Sn\u00f8fokk kan gi vanskelege k\u00f8yreforhold med redusert sikt og sn\u00f8 som pakkar seg i vegbanen, skriv dei i varselet. Dei r\u00e5r folk til \u00e5 rekna ekstra tid til transport og k\u00f8yring.<\/p>\n<p>Dei oppmodar ogs\u00e5 om \u00e5 unng\u00e5 \u00e5 ferdast p\u00e5 utsette stader om det ikkje er naudsynt.<\/p>\n","protected":false},"excerpt":{"rendered":"Det kan bli vanskelege k\u00f8yreforhold i fjella i S\u00f8r-Noreg n\u00e5r juleutfarten startar dei neste dagane. Meteorologisk institutt har&hellip;\n","protected":false},"author":2,"featured_media":116613,"comment_status":"","ping_status":"","sticky":false,"template":"","format":"standard","meta":{"footnotes":""},"categories":[5],"tags":[20,21,24,25,15,19,22,23,17,18,13,30,28,29,14,16,26,27],"class_list":{"0":"post-116612","1":"post","2":"type-post","3":"status-publish","4":"format-standard","5":"has-post-thumbnail","7":"category-overskrifter","8":"tag-breaking-news","9":"tag-breakingnews","10":"tag-featured-news","11":"tag-featurednews","12":"tag-headlines","13":"tag-hovedoppslag","14":"tag-latest-news","15":"tag-latestnews","16":"tag-main-news","17":"tag-mainnews","18":"tag-news","19":"tag-no","20":"tag-norge","21":"tag-norway","22":"tag-nyheter","23":"tag-overskrifter","24":"tag-top-stories","25":"tag-topstories"},"share_on_mastodon":{"url":"https:\/\/pubeurope.com\/@no\/115741214855169946","error":""},"_links":{"self":[{"href":"https:\/\/www.europesays.com\/no\/wp-json\/wp\/v2\/posts\/116612","targetHints":{"allow":["GET"]}}],"collection":[{"href":"https:\/\/www.europesays.com\/no\/wp-json\/wp\/v2\/posts"}],"about":[{"href":"https:\/\/www.europesays.com\/no\/wp-json\/wp\/v2\/types\/post"}],"author":[{"embeddable":true,"href":"https:\/\/www.europesays.com\/no\/wp-json\/wp\/v2\/users\/2"}],"replies":[{"embeddable":true,"href":"https:\/\/www.europesays.com\/no\/wp-json\/wp\/v2\/comments?post=116612"}],"version-history":[{"count":0,"href":"https:\/\/www.europesays.com\/no\/wp-json\/wp\/v2\/posts\/116612\/revisions"}],"wp:featuredmedia":[{"embeddable":true,"href":"https:\/\/www.europesays.com\/no\/wp-json\/wp\/v2\/media\/116613"}],"wp:attachment":[{"href":"https:\/\/www.europesays.com\/no\/wp-json\/wp\/v2\/media?parent=116612"}],"wp:term":[{"taxonomy":"category","embeddable":true,"href":"https:\/\/www.europesays.com\/no\/wp-json\/wp\/v2\/categories?post=116612"},{"taxonomy":"post_tag","embeddable":true,"href":"https:\/\/www.europesays.com\/no\/wp-json\/wp\/v2\/tags?post=116612"}],"curies":[{"name":"wp","href":"https:\/\/api.w.org\/{rel}","templated":true}]}}