{"id":116628,"date":"2025-12-18T15:27:13","date_gmt":"2025-12-18T15:27:13","guid":{"rendered":"https:\/\/www.europesays.com\/no\/116628\/"},"modified":"2025-12-18T15:27:13","modified_gmt":"2025-12-18T15:27:13","slug":"louise-angelica-riise-forste-julaften-uten-sonnen","status":"publish","type":"post","link":"https:\/\/www.europesays.com\/no\/116628\/","title":{"rendered":"Louise Angelica Riise: F\u00f8rste julaften uten s\u00f8nnen:"},"content":{"rendered":"<p>        Saken oppsummert<\/p>\n<ul lang=\"nb-NO\">\n<li>Den syvende sesongen av \u00abAlle elsker David\u00bb har premiere 29. desember p\u00e5 TV 2 Play.<\/li>\n<li>Louise Angelica Riise skal feire sin f\u00f8rste julaften uten s\u00f8nnen, som feirer med farens familie.<\/li>\n<li>Riise og kj\u00e6resten David Eriksen ser frem til en pause etter innspillingen av den nye sesongen.<\/li>\n<li>Familien har f\u00e5tt et nytt medlem, en liten pomeranian ved navn Ellie.<\/li>\n<\/ul>\n<p class=\"italic ai-disclaimer\" data-lab-italic=\"italic\">Oppsummeringen er laget med kunstig intelligens (KI) fra OpenAI. Innholdet er kvalitetssikret av TV 2s journalister. <a target=\"_blank\" href=\"https:\/\/hjelp.tv2.no\/info\/artikkel\/slik-jobber-vi-med-ki-i-tv-2\" title=\"Les om hvordan vi jobber med KI\" rel=\"nofollow noopener\">Les om hvordan vi jobber med KI<\/a><\/p>\n<p>Premieren for den syvende sesongen av TV 2-serien \u00abAlle elsker David\u00bb begynner \u00e5 n\u00e6rme seg.<\/p>\n<p>Og i kjent stil slippes seerne inn i David Eriksens (58) hverdag som manager i Eccentric People, pappa, bonuspappa og kj\u00e6reste.<\/p>\n<p>Da TV 2 m\u00f8tte Eriksen og kj\u00e6resten Louise Angelica Riise (35) i forbindelse med pressetreffet for den nye sesongen, erkjente de at det skal bli deilig med juleferie.<\/p>\n<p class=\"bold m-bold\" data-lab-font_weight=\"bold\">\u2013 Vi er akkurat ferdige med \u00e5 spille inn den nye sesongen, s\u00e5 n\u00e5 blir det litt fri og litt pustepause, sier Riise.<\/p>\n<p>\u2013 Blir veldig s\u00e5rt<\/p>\n<p>Eriksen og Riise har v\u00e6rt kj\u00e6rester siden 2023, og hun har dermed ogs\u00e5 v\u00e6rt en sentral karakter i TV 2-serien.<\/p>\n<p>Der har man ogs\u00e5 f\u00e5tt se Riises s\u00f8nn, Colin, som hun har sammen med eksmannen John Arne Riise (45).<\/p>\n<p>    <a class=\"article__link\" data-ga-active-label=\"\" data-ga-active-label-animation=\"\" href=\"https:\/\/www.tv2.no\/underholdning\/nekter-a-bytte-etternavn-jeg-blir-irritert\/18344603\/\" rel=\"nofollow noopener\" target=\"_blank\"><\/p>\n<p>    <img class=\"image__img lazyload\" itemprop=\"image\" title=\"\" alt=\"\" width=\"978\" height=\"411\" bad-src=\"https:\/\/www.europesays.com\/no\/wp-content\/uploads\/2025\/12\/18372239.webp\" fetchpriority=\"auto\" \/><\/p>\n<p>\n            Nekter \u00e5 bytte etternavn: \u2013 Jeg blir irritert\n        <\/p>\n<p>    <\/a><\/p>\n<p>Hun forteller til TV 2 at dette vil bli hennes f\u00f8rste julaften uten s\u00f8nnen.<\/p>\n<p class=\"bold m-bold\" data-lab-font_weight=\"bold\">\u2013 Det blir veldig s\u00e5rt, men man m\u00e5 jo bare gj\u00f8re det beste ut av det. Vi skal lage en liten mini-julaften f\u00f8r han drar, ogs\u00e5 kommer han tilbake i romjulen n\u00e5r vi skal opp p\u00e5 hytta, sier hun.<\/p>\n<p>        <img class=\"image__img lazyload\" itemprop=\"image\" title=\"Foto: Ingvild Gjerdsj\u00f8 \/ TV 2\" alt=\"GJENGEN: Her er nesten hele gjengen samlet med Louise Angelica Riise, Lucas Eriksen, Andrea Eriksen, David Eriksen og hundene Ellie og Disco. Foto: Ingvild Gjerdsj\u00f8 \/ TV 2\" width=\"978\" height=\"551\" bad-src=\"https:\/\/www.europesays.com\/no\/wp-content\/uploads\/2025\/12\/18397358.webp\" fetchpriority=\"auto\" \/><\/p>\n<p>      GJENGEN: Her er nesten hele gjengen samlet med Louise Angelica Riise, Lucas Eriksen, Andrea Eriksen, David Eriksen og hundene Ellie og Disco.<br \/>\n         Foto: Ingvild Gjerdsj\u00f8 \/ TV 2<\/p>\n<p data-lab-font_weight=\"\">S\u00f8nnen skal feire jul med farens familie, noe 35-\u00e5ringen vet at kommer til \u00e5 bli fantastisk.<\/p>\n<p data-lab-font_weight=\"\">\u2013 Det er bare s\u00e5rt akkurat p\u00e5 julaften, men s\u00e5 vet jeg at han skal v\u00e6re sammen med pappaen sin og hans side av familien, der det er mange andre barn, sier hun f\u00f8r hun legger til:<\/p>\n<p data-lab-font_weight=\"\">\u2013 Det kommer til \u00e5 g\u00e5 veldig fint.\u00a0<\/p>\n<p>Nytt familiemedlem<\/p>\n<p>I promoen av den nye sesongen av \u00abAlle elsker David\u00bb sier Riise at hun \u00f8nsker seg flere barn.\u00a0<\/p>\n<p>\u2013 Akkurat det kan jeg egentlig ikke helt huske at jeg har sagt, men det er sikkert KI, sa hun sp\u00f8kefullt da TV 2 spurte henne om utsagnet p\u00e5 kanalens v\u00e5rslipp <a href=\"https:\/\/www.tv2.no\/underholdning\/nekter-a-bytte-etternavn-jeg-blir-irritert\/18344603\/\" target=\"_blank\" rel=\"nofollow noopener\">tidligere i desember.<\/a>\u00a0<\/p>\n<p>P\u00e5 pressetreffet l\u00f8per en liten, og nysgjerrig, pelsdott rundt beina p\u00e5 b\u00e5de pressen og kj\u00e6resteparet.<\/p>\n<p>        <img class=\"image__img lazyload\" itemprop=\"image\" title=\"Foto: Ingvild Gjerdsj\u00f8 \/ TV 2\" alt=\"NYTT MEDLEM: Hunden Ellie er det nyeste medlemmet i familien. Foto: Ingvild Gjerdsj\u00f8 \/ TV 2\" width=\"978\" height=\"551\" bad-src=\"https:\/\/www.europesays.com\/no\/wp-content\/uploads\/2025\/12\/18397340.webp\" fetchpriority=\"auto\" \/><\/p>\n<p>      NYTT MEDLEM: Hunden Ellie er det nyeste medlemmet i familien.<br \/>\n         Foto: Ingvild Gjerdsj\u00f8 \/ TV 2<\/p>\n<p>Det er nemlig det nye medlemmet i familien, Ellie, en liten pomeranian.\u00a0<\/p>\n<p>\u2013 Ja, det var strategisk smart, for n\u00e5 har jeg en som holder meg okkupert. S\u00e5 det er mulig at det var en liten baktanke der, kanskje, jeg vet ikke. Men ja, det stemmer at jeg har sagt det, sa Riise videre om <a href=\"https:\/\/www.tv2.no\/underholdning\/nekter-a-bytte-etternavn-jeg-blir-irritert\/18344603\/\" target=\"_blank\" rel=\"nofollow noopener\">sp\u00f8rsm\u00e5let om flere barn<\/a>.<\/p>\n<p class=\"italic m-italic\" data-lab-italic=\"italic\">Sesong 7 av \u00abAlle elsker David\u00bb har premiere p\u00e5 TV 2 Play 29. desember.<\/p>\n","protected":false},"excerpt":{"rendered":"Saken oppsummert Den syvende sesongen av \u00abAlle elsker David\u00bb har premiere 29. desember p\u00e5 TV 2 Play. Louise&hellip;\n","protected":false},"author":2,"featured_media":116629,"comment_status":"","ping_status":"","sticky":false,"template":"","format":"standard","meta":{"footnotes":""},"categories":[12],"tags":[20,21,24,25,15,22,23,13,30,28,29,14,16,26,27,42,43,44,45],"class_list":{"0":"post-116628","1":"post","2":"type-post","3":"status-publish","4":"format-standard","5":"has-post-thumbnail","7":"category-verden","8":"tag-breaking-news","9":"tag-breakingnews","10":"tag-featured-news","11":"tag-featurednews","12":"tag-headlines","13":"tag-latest-news","14":"tag-latestnews","15":"tag-news","16":"tag-no","17":"tag-norge","18":"tag-norway","19":"tag-nyheter","20":"tag-overskrifter","21":"tag-top-stories","22":"tag-topstories","23":"tag-verden","24":"tag-world","25":"tag-world-news","26":"tag-worldnews"},"share_on_mastodon":{"url":"https:\/\/pubeurope.com\/@no\/115741277933283839","error":""},"_links":{"self":[{"href":"https:\/\/www.europesays.com\/no\/wp-json\/wp\/v2\/posts\/116628","targetHints":{"allow":["GET"]}}],"collection":[{"href":"https:\/\/www.europesays.com\/no\/wp-json\/wp\/v2\/posts"}],"about":[{"href":"https:\/\/www.europesays.com\/no\/wp-json\/wp\/v2\/types\/post"}],"author":[{"embeddable":true,"href":"https:\/\/www.europesays.com\/no\/wp-json\/wp\/v2\/users\/2"}],"replies":[{"embeddable":true,"href":"https:\/\/www.europesays.com\/no\/wp-json\/wp\/v2\/comments?post=116628"}],"version-history":[{"count":0,"href":"https:\/\/www.europesays.com\/no\/wp-json\/wp\/v2\/posts\/116628\/revisions"}],"wp:featuredmedia":[{"embeddable":true,"href":"https:\/\/www.europesays.com\/no\/wp-json\/wp\/v2\/media\/116629"}],"wp:attachment":[{"href":"https:\/\/www.europesays.com\/no\/wp-json\/wp\/v2\/media?parent=116628"}],"wp:term":[{"taxonomy":"category","embeddable":true,"href":"https:\/\/www.europesays.com\/no\/wp-json\/wp\/v2\/categories?post=116628"},{"taxonomy":"post_tag","embeddable":true,"href":"https:\/\/www.europesays.com\/no\/wp-json\/wp\/v2\/tags?post=116628"}],"curies":[{"name":"wp","href":"https:\/\/api.w.org\/{rel}","templated":true}]}}