{"id":116630,"date":"2025-12-18T15:28:25","date_gmt":"2025-12-18T15:28:25","guid":{"rendered":"https:\/\/www.europesays.com\/no\/116630\/"},"modified":"2025-12-18T15:28:25","modified_gmt":"2025-12-18T15:28:25","slug":"bolig-og-eiendom-grane-stromkrisen-i-grane-og-hattfjelldal-fortsetter-ut-uka-skryter-av-innbyggerne","status":"publish","type":"post","link":"https:\/\/www.europesays.com\/no\/116630\/","title":{"rendered":"Bolig og eiendom, Grane | Str\u00f8mkrisen i Grane og Hattfjelldal fortsetter ut uka \u2013 skryter av innbyggerne"},"content":{"rendered":"\n<p>Onsdag i forrige uke koplet Statnett ut en trafo p\u00e5 Trofors p\u00e5 grunn av mistanke om gasslekkasje. Dette ga sv\u00e6rt lav spenning og fare for str\u00f8mbrudd i Grane og Hattfjelldal.<\/p>\n<p>Gjennom helga har ansatte hos Statnett jobbet for \u00e5 klargj\u00f8re transformatoren for t\u00f8mming av olje, slik at de fikk utf\u00f8rt en grundig feils\u00f8kning.<\/p>\n<p>\u2013 Statnett skal n\u00e5 fylle p\u00e5 olje, deretter skal den spenningsettes. Vi fikk f\u00f8rst beskjed om at den skulle testes p\u00e5 fredag, og s\u00e5 skulle de sette den i drift p\u00e5 l\u00f8rdag. <b>N\u00e5 ser det derimot ut til at det blir en dag forsinket, slik at den ikke blir satt i drift f\u00f8r p\u00e5 s\u00f8ndag<\/b>, sier kommunikasjonsansvarlig i Linea, Frode Dorp, til Helgelendingen.<\/p>\n<p>\u2013 Fantastisk samarbeid<\/p>\n<p>Str\u00f8mkrisen i Grane og Hattfjelldal f\u00f8rte til at Linea ba kundene om \u00e5 dempe str\u00f8mforbruket. Siden trafoen ble tatt ut av drift m\u00e5tte det hentes str\u00f8m fra tre andre plasser; Tr\u00f8ndelag, Marka og Korgen.<\/p>\n<p>\u2013 Spenninga blir d\u00e5rlig n\u00e5r det er s\u00e5 lang vei \u00e5 frakte det. Derfor har vi bedt folk om \u00e5 v\u00e6re litt sparsomme, og ikke bruke ting samtidig, sier Dorp.<\/p>\n<p>\u2013 Hvilken erfaringer har dere gjort denne uka med sparemodus? <\/p>\n<p>\u2013 Samarbeidet med b\u00e5de kommuneledelsen i Hattfjelldal og Grane, og ikke minst innbyggerne i de to kommunene har v\u00e6rt kjempebra. Det har bidratt mye, og vi har f\u00e5tt god hjelp fra sm\u00e5kraftverkene Svartvasselva og M\u00f8lnhusbekken i Hattfjelldal for \u00e5 bidra til \u00e5 opprettholde spenningen. Nettselskapet Tensio i Tr\u00f8ndelag har ogs\u00e5 v\u00e6rt fantastisk.<\/p>\n<p>\u2013 Heldigvis slapp vi det<\/p>\n<p>Dorp skryter ogs\u00e5 av det interne arbeidet hos Linea. De har overv\u00e5ket str\u00f8msituasjonen gjennom hele perioden, for \u00e5 passe p\u00e5 at spenninga ikke blir for lav.<\/p>\n<p>\u2013 Da er det blant annet fare for at utstyr til kundene kan bli \u00f8delagt, dersom det kommer under 200 volt. Da m\u00e5tte vi nok ha begynt med periodevis utkopling, slik at noen f\u00e5r str\u00f8m i noen timer, s\u00e5 mister de det slik at noen andre kan f\u00e5 str\u00f8m. Men heldigvis har vi sluppet det, sier han, og fortsetter:<\/p>\n<p>\u2013 Vi har ogs\u00e5 v\u00e6rt heldige med at v\u00e6ret har v\u00e6rt s\u00e5 mildt. Det har v\u00e6rt en viktig faktor.<\/p>\n<p>Gjennom denne perioden har Linea ogs\u00e5 saumfart nettet, med b\u00e5de droner og helikopter, for \u00e5 sjekke at det ikke er feilsituasjoner som kan oppst\u00e5.<\/p>\n<p>\u2013 Det kan v\u00e6re tre som er p\u00e5 vei inn i nettet, d\u00e5rlige klemmer oppe i stolpene og slike ting. Vi har for eksempel brukt varmes\u00f8kende droner som ser varmgang, og generelt gjort mye for \u00e5 v\u00e6re sikker p\u00e5 at vi ikke f\u00e5 ekstra problemer, sier han.<\/p>\n<p>Dersom alt g\u00e5r som planlagt vil Statnett f\u00e5 koplet til trafoen p\u00e5 s\u00f8ndag, og da skal str\u00f8msituasjonen i Grane og Hattfjelldal v\u00e6re tilbake til normalen.<\/p>\n<p>  <a href=\"https:\/\/www.helg.no\/5-24-1123606\" class=\"related-teaser has-image default-story-teaser article--c-eRUmMG article--c-eRUmMG-jKCPdD-design-default\" rel=\"nofollow noopener\" target=\"_blank\"><\/p>\n<p>    <img decoding=\"async\" loading=\"lazy\"  src=\"https:\/\/www.europesays.com\/no\/wp-content\/uploads\/2025\/12\/TEF08962.jpg\" alt=\"\" class=\"brick-c-cFOWSL\" style=\"\"\/><\/p>\n<p>\n            Les ogs\u00e5<\/p>\n<p>              Jobber p\u00e5 spreng for \u00e5 finne feilen: \u2013 Vi h\u00e5per \u00e5 f\u00e5 transformatoren i drift igjen i l\u00f8pet av uka\n        <\/p>\n<p>  <\/a><\/p>\n<p>  <a href=\"https:\/\/www.helg.no\/5-24-1123594\" class=\"related-teaser has-image default-story-teaser article--c-eRUmMG article--c-eRUmMG-jKCPdD-design-default\" rel=\"nofollow noopener\" target=\"_blank\"><\/p>\n<p>    <img decoding=\"async\" loading=\"lazy\"  src=\"https:\/\/www.europesays.com\/no\/wp-content\/uploads\/2025\/12\/1765898436_641_LJN-1-39.jpg\" alt=\"\" class=\"brick-c-cFOWSL\" style=\"\"\/><\/p>\n<p>\n            Les ogs\u00e5<\/p>\n<p>              Milliontap for Arbor og m\u00e5 permittere alle 65 ansatte: \u2013 Regner med at vi kommer til enighet\n        <\/p>\n<p>  <\/a><\/p>\n<p>  <a href=\"https:\/\/www.helg.no\/5-24-1123423\" class=\"related-teaser has-image default-story-teaser article--c-eRUmMG article--c-eRUmMG-jKCPdD-design-default\" rel=\"nofollow noopener\" target=\"_blank\"><\/p>\n<p>    <img decoding=\"async\" loading=\"lazy\"  src=\"https:\/\/www.europesays.com\/no\/wp-content\/uploads\/2025\/12\/Skjermbilde+2025-12-14+230158.png\" alt=\"\" class=\"brick-c-cFOWSL\" style=\"\"\/><\/p>\n<p>\n            Les ogs\u00e5<\/p>\n<p>              Trofors og Grane m\u00e5 f\u00e5 krisehjelp fra Tr\u00f8ndelag: \u2013 Vi krysser fingrene for at det g\u00e5r bra\n        <\/p>\n<p>  <\/a><\/p>\n<p>  <a href=\"https:\/\/www.helg.no\/5-24-1123376\" class=\"related-teaser has-image default-story-teaser article--c-eRUmMG article--c-eRUmMG-jKCPdD-design-default\" rel=\"nofollow noopener\" target=\"_blank\"><\/p>\n<p>    <img decoding=\"async\" loading=\"lazy\"  src=\"https:\/\/www.europesays.com\/no\/wp-content\/uploads\/2025\/12\/1766071705_961_IMG_4418.JPG\" alt=\"\" class=\"brick-c-cFOWSL\" style=\"\"\/><\/p>\n<p>\n            Les ogs\u00e5<\/p>\n<p>              Linea om str\u00f8msituasjonen: \u2013 Ta gjerne julebaksten og lad elbilen p\u00e5 s\u00f8ndag, kan bli mer krevende til uka\n        <\/p>\n<p>  <\/a><\/p>\n","protected":false},"excerpt":{"rendered":"Onsdag i forrige uke koplet Statnett ut en trafo p\u00e5 Trofors p\u00e5 grunn av mistanke om gasslekkasje. Dette&hellip;\n","protected":false},"author":2,"featured_media":116631,"comment_status":"","ping_status":"","sticky":false,"template":"","format":"standard","meta":{"footnotes":""},"categories":[10],"tags":[465,36,198,20,21,24,25,2450,197,15,22,23,62,13,30,28,29,14,16,1510,26,27],"class_list":{"0":"post-116630","1":"post","2":"type-post","3":"status-publish","4":"format-standard","5":"has-post-thumbnail","7":"category-norge","8":"tag-arbeidsliv","9":"tag-art","10":"tag-bolig-og-eiendom","11":"tag-breaking-news","12":"tag-breakingnews","13":"tag-featured-news","14":"tag-featurednews","15":"tag-grane","16":"tag-hattfjelldal","17":"tag-headlines","18":"tag-latest-news","19":"tag-latestnews","20":"tag-naeringsliv","21":"tag-news","22":"tag-no","23":"tag-norge","24":"tag-norway","25":"tag-nyheter","26":"tag-overskrifter","27":"tag-story","28":"tag-top-stories","29":"tag-topstories"},"share_on_mastodon":{"url":"https:\/\/pubeurope.com\/@no\/115741282215297085","error":""},"_links":{"self":[{"href":"https:\/\/www.europesays.com\/no\/wp-json\/wp\/v2\/posts\/116630","targetHints":{"allow":["GET"]}}],"collection":[{"href":"https:\/\/www.europesays.com\/no\/wp-json\/wp\/v2\/posts"}],"about":[{"href":"https:\/\/www.europesays.com\/no\/wp-json\/wp\/v2\/types\/post"}],"author":[{"embeddable":true,"href":"https:\/\/www.europesays.com\/no\/wp-json\/wp\/v2\/users\/2"}],"replies":[{"embeddable":true,"href":"https:\/\/www.europesays.com\/no\/wp-json\/wp\/v2\/comments?post=116630"}],"version-history":[{"count":0,"href":"https:\/\/www.europesays.com\/no\/wp-json\/wp\/v2\/posts\/116630\/revisions"}],"wp:featuredmedia":[{"embeddable":true,"href":"https:\/\/www.europesays.com\/no\/wp-json\/wp\/v2\/media\/116631"}],"wp:attachment":[{"href":"https:\/\/www.europesays.com\/no\/wp-json\/wp\/v2\/media?parent=116630"}],"wp:term":[{"taxonomy":"category","embeddable":true,"href":"https:\/\/www.europesays.com\/no\/wp-json\/wp\/v2\/categories?post=116630"},{"taxonomy":"post_tag","embeddable":true,"href":"https:\/\/www.europesays.com\/no\/wp-json\/wp\/v2\/tags?post=116630"}],"curies":[{"name":"wp","href":"https:\/\/api.w.org\/{rel}","templated":true}]}}