{"id":116632,"date":"2025-12-18T15:29:19","date_gmt":"2025-12-18T15:29:19","guid":{"rendered":"https:\/\/www.europesays.com\/no\/116632\/"},"modified":"2025-12-18T15:29:19","modified_gmt":"2025-12-18T15:29:19","slug":"brannvesenet-har-avdekket-alvorlige-sikkerhetsmangler-i-jul-i-vinterland","status":"publish","type":"post","link":"https:\/\/www.europesays.com\/no\/116632\/","title":{"rendered":"Brannvesenet har avdekket alvorlige sikkerhetsmangler i \u00abJul i Vinterland\u00bb"},"content":{"rendered":"\n<ul class=\"_list_o9xde_3 _list_64s2r_85 _unordered_o9xde_106 text-sans-m\">\n<li class=\"_item_o9xde_30\">Brannvesenet sier de har avdekket alvorlige sikkerhetsmangler i \u00abGl\u00f8gghuset\u00bb ved \u00abJul i Vinterland\u00bb i Oslo.<\/li>\n<li class=\"_item_o9xde_30\">R\u00f8mningsveier og branndeteksjon oppfyller ikke kravene.<\/li>\n<li class=\"_item_o9xde_30\">Arrang\u00f8rene har tre uker p\u00e5 \u00e5 fikse manglene eller risikere tvangsmulkt p\u00e5 20.000 kroner daglig.<\/li>\n<li class=\"_item_o9xde_30\">\u00abJul i Vinterland\u00bb avventer en ekstern rapport for videre tiltak.<\/li>\n<\/ul>\n<p>Vis mer <\/p>\n<p class=\"_paragraph_o9xde_4 _paragraph_xtcu6_10 layout-component text-serif-m layout-normal text-serif-m layout-padded\">Plan- og bygningsetaten i <a href=\"https:\/\/www.vg.no\/tag\/oslo?utm_source=vg-article&amp;utm_medium=auto-tagger&amp;utm_campaign=wrE7w5\" class=\"_link_o9xde_39\" rel=\"nofollow noopener\" target=\"_blank\">Oslo<\/a> sendte 13. desember et varsel om at \u00abGl\u00f8gghuset\u00bb kan bli stengt.<\/p>\n<p class=\"_paragraph_o9xde_4 _paragraph_xtcu6_10 layout-component text-serif-m layout-normal text-serif-m layout-padded\">\u00c5rsaken er det brann- og redningsetaten hevder er alvorlige sikkerhetsmangler. <\/p>\n<p class=\"_paragraph_o9xde_4 _paragraph_xtcu6_10 layout-component text-serif-m layout-normal text-serif-m layout-padded\">Det kommer frem av et varsel brannvesenet sendte til Oslo kommune datert 11. desember.<\/p>\n<p class=\"_paragraph_o9xde_4 _paragraph_xtcu6_10 layout-component text-serif-m layout-normal text-serif-m layout-padded\"><strong class=\"_strong_o9xde_25\">Brannvesenet har funnet mangler p\u00e5 branndeteksjon. Samtidig p\u00e5peker de at r\u00f8mningsveiene ikke er tilstrekkelige.<\/strong><\/p>\n<p> Alvor rundt sikkerhetsniv\u00e5et<\/p>\n<p class=\"_paragraph_o9xde_4 _paragraph_xtcu6_10 layout-component text-serif-m layout-normal text-serif-m layout-padded\">Brannvesenets bekymringer knytter seg til \u00abGl\u00f8gghuset\u00bb, som er et forsamlingslokale i to etasjer med plass til 600 gjester. <\/p>\n<p class=\"_paragraph_o9xde_4 _paragraph_xtcu6_10 layout-component text-serif-m layout-normal text-serif-m layout-padded\">Det var <a href=\"https:\/\/www.ao.no\/brannvesenet-slar-alarm-om-jul-i-vinterland-hoy-risiko\/s\/5-128-1218038\" class=\"_link_o9xde_39\" rel=\"nofollow noopener\" target=\"_blank\">Avisa Oslo <\/a>som omtalte saken f\u00f8rst.<\/p>\n<p class=\"_paragraph_o9xde_4 _paragraph_xtcu6_10 layout-component text-serif-m layout-normal text-serif-m layout-padded\">I varselet st\u00e5r det f\u00f8lgende:<\/p>\n<p class=\"_paragraph_o9xde_4 _paragraph_xtcu6_10 layout-component text-serif-m layout-normal text-serif-m layout-padded\">\u00abForsamlingslokalet er over 2 etasjer og arrang\u00f8r opererer med maks persontall 600. Kombinasjonen av h\u00f8yt persontall og to plan gj\u00f8r at vi mener det er h\u00f8y risiko i lokalet, og vi mener det er alvorlig dersom tiltaket ikke er oppf\u00f8rt i henhold til gjeldende sikkerhetsniv\u00e5.\u00bb<\/p>\n<p><img alt=\"Det er forsamlingslokalet \u00abGl\u00f8gghuset\u00bb som har f\u00e5tt bekymringsmelding p\u00e5 seg.  Foto: Thomas Andreassen \/ VG\" class=\"_image_qp4xg_65 layout-component layout-normal\" data-fullscreen- data-track-element-type=\"Article image fullscreen\" data-track-name=\"ImageFullscreen\" decoding=\"async\" loading=\"lazy\" height=\"4128\" itemprop=\"image\"  src=\"https:\/\/www.europesays.com\/no\/wp-content\/uploads\/2025\/12\/8e21991e-21d3-42bb-93e2-75333f1dbee5\"  style=\"object-position:0% 0%\" width=\"6192\"\/>Det er forsamlingslokalet \u00abGl\u00f8gghuset\u00bb som har f\u00e5tt bekymringsmelding p\u00e5 seg.  Foto: Thomas Andreassen \/ VG<\/p>\n<p class=\"_paragraph_o9xde_4 _paragraph_xtcu6_10 layout-component text-serif-m layout-normal text-serif-m layout-padded\"><strong class=\"_strong_o9xde_25\">Blant annet er det uklart hvordan r\u00f8mning fra 2. etasje er tenkt i praksis, skriver brann- og redningsetaten i sin bekymringsmelding.<\/strong><\/p>\n<p class=\"_paragraph_o9xde_4 _paragraph_xtcu6_10 layout-component text-serif-m layout-normal text-serif-m layout-padded\">Erik F\u00e6ste Johansen i Oslo brann- og redningsetat kommer med ytterligere opplysninger til VG:<\/p>\n<p class=\"_paragraph_o9xde_4 _paragraph_xtcu6_10 layout-component text-serif-m layout-normal text-serif-m layout-padded\">Brannvesenet avdekket ogs\u00e5 at de oppbevarte altfor mye propangass p\u00e5 \u00abJul i Vinterland\u00bb sitt omr\u00e5de.<\/p>\n<p class=\"_paragraph_o9xde_4 _paragraph_xtcu6_10 layout-component text-serif-m layout-normal text-serif-m layout-padded\">\u2013 Vi p\u00e5la dem \u00e5 holde seg innenfor \u00abinnmeldt mengde\u00bb, skriver han i meldingen.<\/p>\n<p><img decoding=\"async\" alt=\"Bilde av Erik F\u00e6ste Johansen\" class=\"_image_ygndg_42\" height=\"60\" itemprop=\"image\" loading=\"lazy\"  src=\"https:\/\/www.europesays.com\/no\/wp-content\/uploads\/2025\/12\/a7b9cb5d-c385-4f83-998f-af1cd95ca792\"  width=\"40\"\/><strong class=\"_name_ygndg_51 title-serif-xs\">Erik F\u00e6ste Johansen<\/strong><\/p>\n<p class=\"_paragraph_o9xde_4 text-sans-m _description_ygndg_56\">Teamleder ved Oslo brann- og redningsetat<\/p>\n<p class=\"_paragraph_o9xde_4 _paragraph_xtcu6_10 layout-component text-serif-m layout-normal text-serif-m layout-padded\">Det skal ha blitt l\u00f8st ved \u00e5 fjerne omtrent 25 propanflasker, if\u00f8lge Johansen.<\/p>\n<p class=\"_paragraph_o9xde_4 _paragraph_xtcu6_10 layout-component text-serif-m layout-normal text-serif-m layout-padded\">I tillegg skal brannvesenet sende et brev til arrang\u00f8r der de lister opp noe grundigere hvilke funn som ble gjort p\u00e5 \u00abGl\u00f8gghuset\u00bb \u2013 ikke bare begrenset til de to punktene om branndeteksjon og r\u00f8mningsveier.<\/p>\n<p> F\u00f8lger opp bekymringene<\/p>\n<p class=\"_paragraph_o9xde_4 _paragraph_xtcu6_10 layout-component text-serif-m layout-normal text-serif-m layout-padded\">Til VG skriver Aasmund Lund, pressekontakt i \u00abJul i Vinterland\u00bb, at de tar brannvesenets bekymringer p\u00e5 fullt alvor.<\/p>\n<p class=\"_paragraph_o9xde_4 _paragraph_xtcu6_10 layout-component text-serif-m layout-normal text-serif-m layout-padded\">\u2013 Derfor gjennomf\u00f8rte vi i g\u00e5r en tredjepartskontroll av \u00abGl\u00f8gghuset\u00bb, og vi venter n\u00e5 p\u00e5 den endelige rapporten, skriver han i meldingen.<\/p>\n<p class=\"_paragraph_o9xde_4 _paragraph_xtcu6_10 layout-component text-serif-m layout-normal text-serif-m layout-padded\"><strong class=\"_strong_o9xde_25\">Se hva VG fant p\u00e5 \u00abJul i Vinterland\u00bb i november:<\/strong><\/p>\n<p class=\"_paragraph_o9xde_4 _paragraph_xtcu6_10 layout-component text-serif-m layout-normal text-serif-m layout-padded\">Rapporten skal kunne gi en avklaring \u2013 s\u00e6rlig knyttet til kapasitet og eventuelle n\u00f8dvendige tiltak.<\/p>\n<p class=\"_paragraph_o9xde_4 _paragraph_xtcu6_10 layout-component text-serif-m layout-normal text-serif-m layout-padded\"><strong class=\"_strong_o9xde_25\">\u2013 Men det er viktig \u00e5 f\u00e5 fram at det ikke er snakk om \u00e5 m\u00e5tte stenge noe som helst, skriver Lund.<\/strong><\/p>\n<p class=\"_paragraph_o9xde_4 _paragraph_xtcu6_10 layout-component text-serif-m layout-normal text-serif-m layout-padded\">Han mener at kapasitet er hovedsp\u00f8rsm\u00e5let per i dag. Derav om \u00abGl\u00f8gghuset\u00bb sitt lokale skal godkjennes for 400 eller 600 personer.<\/p>\n<p class=\"_paragraph_o9xde_4 _paragraph_xtcu6_10 layout-component text-serif-m layout-normal text-serif-m layout-padded\">If\u00f8lge pressekontakten har det i praksis aldri v\u00e6rt mer enn 400 personer inne samtidig.<\/p>\n<p class=\"_paragraph_o9xde_4 _paragraph_xtcu6_10 layout-component text-serif-m layout-normal text-serif-m layout-padded\">\u2013 N\u00e5r rapporten foreligger, vil vi umiddelbart f\u00f8lge opp dersom det anbefales ytterligere tiltak. Vi er opptatt av \u00e5 drive p\u00e5 en trygg og forsvarlig m\u00e5te, i tr\u00e5d med gjeldende krav, fortsetter han.<\/p>\n<p class=\"_paragraph_o9xde_4 _paragraph_xtcu6_10 layout-component text-serif-m layout-normal text-serif-m layout-padded\">Lund bekrefter at de har v\u00e6rt i dialog med kommunen.<\/p>\n<p> \u2013 Ikke fulgt sitt ansvar<\/p>\n<p class=\"_paragraph_o9xde_4 _paragraph_xtcu6_10 layout-component text-serif-m layout-normal text-serif-m layout-padded\">Johansen i Oslo brann- og redningsetat peker p\u00e5 ett hovedproblem:<\/p>\n<p class=\"_paragraph_o9xde_4 _paragraph_xtcu6_10 layout-component text-serif-m layout-normal text-serif-m layout-padded\">At \u00abJul i Vinterland\u00bb kun er midlertidig.<\/p>\n<p class=\"_paragraph_o9xde_4 _paragraph_xtcu6_10 layout-component text-serif-m layout-normal text-serif-m layout-padded\">Det begrenser b\u00e5de s\u00f8knadsplikt og mulighet for brannvesenets oppf\u00f8lging.<\/p>\n<p class=\"_paragraph_o9xde_4 _paragraph_xtcu6_10 layout-component text-serif-m layout-normal text-serif-m layout-padded\">P\u00e5 grunn av denne midlertidigheten er ikke arrang\u00f8rene s\u00f8knadspliktige p\u00e5 lik linje som hvis lokalene skulle st\u00e5tt i lang tid.<\/p>\n<p class=\"_paragraph_o9xde_4 _paragraph_xtcu6_10 layout-component text-serif-m layout-normal text-serif-m layout-padded\"><strong class=\"_strong_o9xde_25\">\u2013 Men uavhengig av hvor lenge det st\u00e5r, er det samme sikkerhetsniv\u00e5 som er gjeldende, p\u00e5peker Johansen.<\/strong><\/p>\n<p><img alt=\"\u00abJul i Vinterland\u00bb er \u00e5pent til starten av januar 2026.  Foto: Jonas Been Henriksen \/ NTB\" class=\"_image_qp4xg_65 layout-component layout-normal\" data-fullscreen- data-track-element-type=\"Article image fullscreen\" data-track-name=\"ImageFullscreen\" decoding=\"async\" loading=\"lazy\" height=\"5464\" itemprop=\"image\"  src=\"https:\/\/www.europesays.com\/no\/wp-content\/uploads\/2025\/12\/0f54dc7f-076c-42d4-8209-6152c8ca14ab\"  style=\"object-position:0% 0%\" width=\"8192\"\/>\u00abJul i Vinterland\u00bb er \u00e5pent til starten av januar 2026.  Foto: Jonas Been Henriksen \/ NTB<\/p>\n<p class=\"_paragraph_o9xde_4 _paragraph_xtcu6_10 layout-component text-serif-m layout-normal text-serif-m layout-padded\">Han forklarer at brannvesenet ikke kan gj\u00f8re mye annet enn \u00e5 oppfordre arrang\u00f8rene til \u00e5 ta ansvaret som f\u00f8lger med \u2013 noe arrang\u00f8rer av arrangementer skriver under egenerkl\u00e6ring p\u00e5 at de gj\u00f8r.<\/p>\n<p class=\"_paragraph_o9xde_4 _paragraph_xtcu6_10 layout-component text-serif-m layout-normal text-serif-m layout-padded\">Under et arrangement kan brannvesenet kontrollere at sikkerheten er ivaretatt, og om arrang\u00f8rer har tatt det ansvaret de skal.<\/p>\n<p class=\"_paragraph_o9xde_4 _paragraph_xtcu6_10 layout-component text-serif-m layout-normal text-serif-m layout-padded\">Og det er nettopp dette de mener at ikke har blitt gjort n\u00e5.<\/p>\n<p class=\"_paragraph_o9xde_4 _paragraph_xtcu6_10 layout-component text-serif-m layout-normal text-serif-m layout-padded\">\u2013 Det er den bekymringen vi meldte n\u00e5. Vi mener at de ikke har fulgt sitt ansvar, sier Johansen.<\/p>\n<p> Ikke f\u00f8rste bekymringsmelding<\/p>\n<p class=\"_paragraph_o9xde_4 _paragraph_xtcu6_10 layout-component text-serif-m layout-normal text-serif-m layout-padded\">Men det er ikke f\u00f8rste gang en bekymringsmelding har blitt sendt i retning \u00abGl\u00f8gghuset\u00bb.<\/p>\n<p class=\"_paragraph_o9xde_4 _paragraph_xtcu6_10 layout-component text-serif-m layout-normal text-serif-m layout-padded\">I 2019 var det nemlig en fra publikum som varslet brannvesenet om r\u00f8mningsveiene.<\/p>\n<p class=\"_paragraph_o9xde_4 _paragraph_xtcu6_10 layout-component text-serif-m layout-normal text-serif-m layout-padded\">\u2013 Det handlet om at den ene trappen fra \u00abGl\u00f8gghuset\u00bb endte mot et stort tre og en salgsbod, forklarer Johansen.<\/p>\n<p class=\"_paragraph_o9xde_4 _paragraph_xtcu6_10 layout-component text-serif-m layout-normal text-serif-m layout-padded\">Likevel understreker han at forholdet ikke var veldig alvorlig, men at brannvesenet fulgte det opp mot \u00e5pningen av \u00abJul i Vinterland\u00bb i 2020.<\/p>\n<p class=\"_paragraph_o9xde_4 _paragraph_xtcu6_10 layout-component text-serif-m layout-normal text-serif-m layout-padded\"><strong class=\"_strong_o9xde_25\">Her gikk det galt p\u00e5 julemarkedet \u2013 se video:<\/strong><\/p>\n<p class=\"_paragraph_o9xde_4 _paragraph_xtcu6_10 layout-component text-serif-m layout-normal text-serif-m layout-padded\">Arrang\u00f8rene har f\u00e5tt tre uker p\u00e5 seg til \u00e5 dokumentere at sikkerhetskravene er oppfylt, eller stanse bruken av lokalet. <\/p>\n<p class=\"_paragraph_o9xde_4 _paragraph_xtcu6_10 layout-component text-serif-m layout-normal text-serif-m layout-padded\">Dermed risikerer de \u00e5 bli stengt ned dagen f\u00f8r \u00abJul i Vinterland\u00bb uansett skal stenge, alts\u00e5 4. januar.<\/p>\n<p class=\"_paragraph_o9xde_4 _paragraph_xtcu6_10 layout-component text-serif-m layout-normal text-serif-m layout-padded\"><strong class=\"_strong_o9xde_25\">Dersom de ikke retter forholdene, kan de f\u00e5 en tvangsmulkt p\u00e5 20.000 kroner per dag.<\/strong><\/p>\n<p class=\"_paragraph_o9xde_4 _paragraph_xtcu6_10 layout-component text-serif-m layout-normal text-serif-m layout-padded\">Brannvesenet har ved sine kontroller veiledet arrang\u00f8ren til \u00e5 installere r\u00f8ykvarslere, men vurderer at sikkerhetsniv\u00e5et fortsatt ikke er p\u00e5 linje med teknisk forskrift.<\/p>\n<p class=\"_paragraph_o9xde_4 _paragraph_xtcu6_10 layout-component text-serif-m layout-normal text-serif-m layout-padded\">\u00abJul i Vinterland\u00bb holder \u00e5pent fra 8. november 2025 til 4. januar 2026. Arrangementet drives av Lund Gruppen Arrangement AS, som har erkl\u00e6rt ansvarsrett for prosjekteringen.<\/p>\n","protected":false},"excerpt":{"rendered":"Brannvesenet sier de har avdekket alvorlige sikkerhetsmangler i \u00abGl\u00f8gghuset\u00bb ved \u00abJul i Vinterland\u00bb i Oslo. R\u00f8mningsveier og branndeteksjon&hellip;\n","protected":false},"author":2,"featured_media":116633,"comment_status":"","ping_status":"","sticky":false,"template":"","format":"standard","meta":{"footnotes":""},"categories":[5],"tags":[847,20,21,24,25,15,19,5593,22,23,17,18,13,30,28,29,14,636,16,26,27],"class_list":{"0":"post-116632","1":"post","2":"type-post","3":"status-publish","4":"format-standard","5":"has-post-thumbnail","7":"category-overskrifter","8":"tag-brannvesenet","9":"tag-breaking-news","10":"tag-breakingnews","11":"tag-featured-news","12":"tag-featurednews","13":"tag-headlines","14":"tag-hovedoppslag","15":"tag-jul","16":"tag-latest-news","17":"tag-latestnews","18":"tag-main-news","19":"tag-mainnews","20":"tag-news","21":"tag-no","22":"tag-norge","23":"tag-norway","24":"tag-nyheter","25":"tag-oslo","26":"tag-overskrifter","27":"tag-top-stories","28":"tag-topstories"},"share_on_mastodon":{"url":"https:\/\/pubeurope.com\/@no\/115741285843011279","error":""},"_links":{"self":[{"href":"https:\/\/www.europesays.com\/no\/wp-json\/wp\/v2\/posts\/116632","targetHints":{"allow":["GET"]}}],"collection":[{"href":"https:\/\/www.europesays.com\/no\/wp-json\/wp\/v2\/posts"}],"about":[{"href":"https:\/\/www.europesays.com\/no\/wp-json\/wp\/v2\/types\/post"}],"author":[{"embeddable":true,"href":"https:\/\/www.europesays.com\/no\/wp-json\/wp\/v2\/users\/2"}],"replies":[{"embeddable":true,"href":"https:\/\/www.europesays.com\/no\/wp-json\/wp\/v2\/comments?post=116632"}],"version-history":[{"count":0,"href":"https:\/\/www.europesays.com\/no\/wp-json\/wp\/v2\/posts\/116632\/revisions"}],"wp:featuredmedia":[{"embeddable":true,"href":"https:\/\/www.europesays.com\/no\/wp-json\/wp\/v2\/media\/116633"}],"wp:attachment":[{"href":"https:\/\/www.europesays.com\/no\/wp-json\/wp\/v2\/media?parent=116632"}],"wp:term":[{"taxonomy":"category","embeddable":true,"href":"https:\/\/www.europesays.com\/no\/wp-json\/wp\/v2\/categories?post=116632"},{"taxonomy":"post_tag","embeddable":true,"href":"https:\/\/www.europesays.com\/no\/wp-json\/wp\/v2\/tags?post=116632"}],"curies":[{"name":"wp","href":"https:\/\/api.w.org\/{rel}","templated":true}]}}