{"id":116634,"date":"2025-12-18T15:39:07","date_gmt":"2025-12-18T15:39:07","guid":{"rendered":"https:\/\/www.europesays.com\/no\/116634\/"},"modified":"2025-12-18T15:39:07","modified_gmt":"2025-12-18T15:39:07","slug":"barn-blir-eksponerte-med-namn-og-bilete-i-barnevernssaker-nrk-vestland","status":"publish","type":"post","link":"https:\/\/www.europesays.com\/no\/116634\/","title":{"rendered":"Barn blir eksponerte med namn og bilete i barnevernssaker \u2013 NRK Vestland"},"content":{"rendered":"<p>Oppsummering av saka <\/p>\n<ul>\n<li>Rundt 7000 born er under barnevernets omsorg i Noreg, og mange blir eksponerte med namn og bilete p\u00e5 nett.<\/li>\n<li>Foreldre og barnevernskritiske grupper deler sensitive opplysningar, ofte utan konsekvensar.<\/li>\n<li>Eksponering av born kan vere sv\u00e6rt skadeleg og krenkjer personvernet, men f\u00e5 saker blir f\u00f8lgde opp rettsleg.<\/li>\n<li>Landsforeningen for barnevernsbarn meiner lovverket m\u00e5 styrkast for \u00e5 beskytte borna betre.<\/li>\n<li>Datatilsynet og politiet ser ein aukande trend i deling av sensitive opplysningar, men ressursmangel gjer det vanskeleg \u00e5 handheve regelverket.<\/li>\n<li>Barnevernstilsette og politifolk blir ogs\u00e5 eksponerte og utsette for truslar i slike saker.<\/li>\n<\/ul>\n<p>Oppsummeringa er laga av ei KI-teneste fr\u00e5 OpenAI. Innhaldet er kvalitetssikra av NRK sine journalistar f\u00f8r publisering.<\/p>\n<p>Rundt 7000 barn er i dag under barnevernets omsorg i Noreg.<\/p>\n<p>I fleire av sakene legg foreldre eller andre vaksenpersonar ut bilete eller andre detaljerte opplysningar om barnet p\u00e5 nett og i sosiale medium.<\/p>\n<p><strong>Datatilsynet seier problemet er aukande.<\/strong><\/p>\n<p>S\u00e6rleg dominerer barnevernskritiske facebookgrupper. Nokre grupper er lukka.<\/p>\n<p>Andre er opne og har n\u00e6rmare 30.000 medlemmer.<\/p>\n<p><strong>Her er nokre d\u00f8me fr\u00e5 kva foreldre under fullt namn deler opent p\u00e5 sosiale medium og p\u00e5 nett generelt. <\/strong><\/p>\n<ul>\n<li>Born blir filma usladda i samband med omsorgsovertakingar der politi og barnevern er til stades. I fleire av videoane gret borna.<\/li>\n<li>Fleire deler dommar eller andre sensitive opplysingar om barnevernssaka si.<\/li>\n<\/ul>\n<p>I ein video fr\u00e5 Vestland ser vi eit barn som blir henta av polititenestemenn.<\/p>\n<p>Barnet, som ligg i senga si, yter tilsynelatande motstand mot \u00e5 bli henta ut.<\/p>\n<p><strong>Namn p\u00e5 mor og born er delt.<\/strong><\/p>\n<p><img decoding=\"async\"   src=\"data:image\/gif;base64,R0lGODlhAQABAIAAAAAAAP\/\/\/yH5BAEAAAAALAAAAAABAAEAAAIBRAA7\" loading=\"eager\" alt=\"Advokat Marie S\u00f8lverud\" title=\"Foto: Harald Inderhaug \/ NRK\"\/><\/p>\n<p class=\"\">Advokat Marie S\u00f8lverud seier mora st\u00e5r inne for delinga av barnet med fullt namn og bilete.<\/p>\n<p>Foto: Harald Inderhaug \/ NRK<\/p>\n<p>Advokaten til mora, Marie S\u00f8lverud, seier publisering er gjort i samr\u00e5d med mor og barn for \u00e5 tale familiens sak.<\/p>\n<p>\u2013 Vi har saman avgjort \u00e5 st\u00e5 fram med fullt namn og bilde. Det er ikkje gjort lett, men med fullt alvor.<\/p>\n<p><strong>Sj\u00e5 fullt svar fr\u00e5 mor sin advokat:<\/strong><\/p>\n<p>Dette seier mor via advokat Marie S\u00f8lverud.<\/p>\n<p>\u2013 Det som burde oppta NRK og andre redaksjonar mest, er ikkje at det finst menneske som offentleggjer bilde og namn i barnevernssaker \u2013 men kvifor slike tiltak i det heile blir n\u00f8dvendige.<\/p>\n<p>\u2013 Barnet har sj\u00f8lv verkeleg \u00f8nskt \u00e5 f\u00e5 seie si meining, og vi har saman bestemt \u00e5 st\u00e5 fram med fullt namn og bilde. Det er ikkje gjort lett \u2013 men med fullt alvor.<\/p>\n<p>\u2013 Kva er dei viktigaste argumenta for \u00e5 publisere?<br \/>\u2013 Rettstryggleik og ansvarleggjering. Utan offentlegheit er det ingen reell kontroll. Dei mest graverande overgrepa i norsk barnevern skjer ofte i m\u00f8rke rom utan kritisk innsyn.<br \/>Omsynet til barnet sj\u00f8lv: Det er eit altfor einsidig narrativ at eksponering i seg sj\u00f8lv er skadeleg.<br \/>Prevensjon: Ved \u00e5 dokumentere overtrampa som skjer, kan ein forhindre at andre born blir utsett for det same.<\/p>\n<p>\u2013 Har de vurdert \u00e5 anonymisere?<br \/>\u2013 Ja, sj\u00f8lvsagt. Men anonymisering kan ofte bidra til \u00e5 oppretthalde det urettferdige bildet av \u00abden svake part\u00bb som aldri f\u00e5r ei stemme. N\u00e5r man opptrer ope, risikerer ein kanskje meir \u2013 men ein gir ogs\u00e5 tyngde og motstandskraft til det som skal fram. Vi har valt \u00e5 gi barnet eit ansikt. Ei stemme.<\/p>\n<p>\u2013 Er det risiko for skade over tid?<\/p>\n<p>\u2013 Det kjem an p\u00e5 korleis samfunnet og media forheld seg til slike situasjonar. Skal barn som kjemper mot offentleg maktmisbruk bli straffa med skam og stille? Eller skal dei verte \u00e6ra for \u00e5 st\u00e5 opp mot urett?<\/p>\n<p>Datatilsynet: Eit aukande problem<\/p>\n<p>Folk som meiner dei er hengt ut p\u00e5 nett kan klage inn til Datatilsynet.<\/p>\n<p>Det finst ikkje eigne tal p\u00e5 klagesaker i barnevernssaker, men generelt sett har talet p\u00e5 klagesaker over deling i sosiale medium auka stort dei siste \u00e5ra.<\/p>\n<p><img decoding=\"async\"   src=\"data:image\/gif;base64,R0lGODlhAQABAIAAAAAAAP\/\/\/yH5BAEAAAAALAAAAAABAAEAAAIBRAA7\" loading=\"eager\" alt=\"statistikk \" title=\"Grafikk: Datatilsynet\"\/><\/p>\n<p class=\"\">Statistikken syner kor mange klagesaker Datatilsynet har f\u00e5tt inn sidan 2020 og fram til dags dato i desember. Klagesaker p\u00e5 nettforum, nettsider og bloggar (bl\u00e5 s\u00f8yle) har auka stort dei siste \u00e5ra. Datatilsynet gir ogs\u00e5 rettleiing til folk som opplever u\u00f8nskt publisering. <\/p>\n<p>Grafikk: Datatilsynet<\/p>\n<p>Datatilsynet f\u00f8lger med p\u00e5 kva som blir delt p\u00e5 nett om born i barnevernssaker.<\/p>\n<p><strong>\u2013 Vi ser at denne forma for eksponering er aukande. Det eit problem, seier kommunikasjonsdirekt\u00f8r Janne Stang Dahl.<\/strong><\/p>\n<p>Ofte er det saker som g\u00e5r langt utover <a href=\"https:\/\/www.datatilsynet.no\/rettigheter-og-plikter\/hva-er-personvern\/\" ec-id=\"https:\/\/www.datatilsynet.no\/rettigheter-og-plikter\/hva-er-personvern\/\" ec-name=\"personvernreglane\" rel=\"nofollow noopener\" target=\"_blank\">personvernreglane<\/a>, og som er straffesaker som dermed g\u00e5r vidare til politiet.<\/p>\n<p>I saker som er \u00abekstremt alvorlege\u00bb g\u00e5r Datatilsynet sj\u00f8lv til politiet.<\/p>\n<p>\u2013 Men betyr det at resten av innhaldet som ligg ute er innafor?<\/p>\n<p>\u2013 Nei, absolutt ikkje. Men vi behandlar sakene ut fr\u00e5 personvernregelverket, og s\u00e5 har politiet ansvar for straffelova.<\/p>\n<p>Ho seier fleire saker burde blitt sl\u00e5tt ned p\u00e5.<\/p>\n<p><strong>Datatilsynet kan ogs\u00e5 sj\u00f8lve gjere tilsyn. <\/strong><\/p>\n<p><strong>Men med stadig fleire klagesaker p\u00e5 bordet, har dei ikkje ressursar til \u00e5 ta mange slike tilsyn p\u00e5 eiget initiativ, seier seksjonssjef Ylva Marrable. <\/strong><\/p>\n<p><img decoding=\"async\"   src=\"data:image\/gif;base64,R0lGODlhAQABAIAAAAAAAP\/\/\/yH5BAEAAAAALAAAAAABAAEAAAIBRAA7\" loading=\"eager\" alt=\"Ylva Marrable, Datatilsynet\" title=\"Foto: Ilja C. Hendel\"\/><\/p>\n<p class=\"\">Datatilsynet seier at stadig fleire klager p\u00e5 publisering i sosiale medium. Samstundes slit dei med for lite ressursar til \u00e5 gjere fleire tilsyn i dag, fortel Ylva Marrable i Datatilsynet. <\/p>\n<p>Foto: Ilja C. Hendel<\/p>\n<p>Men i fjor gjorde dei eit tilsyn mot Familiekanalen.<\/p>\n<p>Nettstaden, som sender barnevernskritisk innhald, la ut videoar av born som med fullt namn fortalde om barnevernssaka si.<\/p>\n<p>Datatilsynet gav kanalen <a href=\"https:\/\/www.datatilsynet.no\/regelverk-og-verktoy\/lover-og-regler\/avgjorelser-fra-datatilsynet\/2024\/vedtak-om-palegg-til-familiekanalen\/\" ec-id=\"https:\/\/www.datatilsynet.no\/regelverk-og-verktoy\/lover-og-regler\/avgjorelser-fra-datatilsynet\/2024\/vedtak-om-palegg-til-familiekanalen\/\" ec-name=\"p\u00e5legg\" rel=\"nofollow noopener\" target=\"_blank\">p\u00e5legg <\/a>om \u00e5 avgrense identifiseringa.<\/p>\n<p>Rune Fardal st\u00e5r bak kanalen. Han har f\u00e5tt tilbod om \u00e5 kommentere saka, men har ikkje svart p\u00e5 NRK sine f\u00f8respurnader. <\/p>\n<p>Aukar i omfang, men f\u00e5 saker f\u00e5r konsekvensar<\/p>\n<p>Born har eit s\u00e6rskilt vern etter personvernreglane.<\/p>\n<p><strong>Men f\u00e5 saker ser ut til \u00e5 f\u00e5 rettslege konsekvensar, syner <\/strong><strong>ein gjennomgang som NRK har gjort. <\/strong><\/p>\n<p>I 2019 kom den f\u00f8rste dommen i ei slik type sak. D\u00e5 blei ei mor d\u00f8mt for \u00e5 ha delt bilete og sensitiv informasjon om den sju \u00e5r gamle dottera si p\u00e5 ei barnevernskritisk Facebook-side.<\/p>\n<p><a href=\"https:\/\/www.nrk.no\/norge\/ble-domt-for-a-ha-delt-bilder-av-datteren_-_-kan-vaere-en-oyeapner-for-mange-1.14509682\" ec-id=\"pp:article:1.14509682\" ec-name=\"\u2013 Ein prinsipielt viktig dom,\" rel=\"nofollow noopener\" target=\"_blank\">\u2013 Ein prinsipielt viktig dom,<\/a> uttalte Noregs nasjonale institusjon for menneskerettar den gong.<\/p>\n<p><img decoding=\"async\"   src=\"data:image\/gif;base64,R0lGODlhAQABAIAAAAAAAP\/\/\/yH5BAEAAAAALAAAAAABAAEAAAIBRAA7\" loading=\"eager\" alt=\"sladda bilde av tre personar i svarte uniformar \" title=\"Foto: skjermdump sosiale media\"\/><\/p>\n<p class=\"\">Fleire videoar syner at politi og barnevern kjem heim til foreldre i samband med omsorgsovertakingar. Denne situasjonen er henta fr\u00e5 ein norsk familie i Sverige. Bildet er sladda av NRK av omsyn til dei involverte.<\/p>\n<p>Foto: skjermdump sosiale media<\/p>\n<p><strong>Men trass i at fleire seier slike saker aukar p\u00e5, kjenner korkje Datatilsynet eller andre kjelder til likande saker i tida etterp\u00e5.<\/strong><\/p>\n<p>Heller ikkje Kripos er kjent med kor mange saker som har blitt f\u00f8lgt opp i strafferettssporet.<\/p>\n<p>\u2013 Kripos\u00b4 nettpatrulje vart avvikla for nokre \u00e5r sidan, og dette er ikkje eit tema vi har jobba med i seinare tid. Vi har ingen statistikk, seier seniorr\u00e5dgjevar Jonas Fabritius Christoffersen.<\/p>\n<p>Politidirektoratet svarar dette:<\/p>\n<p>\u2013 Vi har ikkje s\u00e5 finkorna statistikkar at vi har fanga opp denne spesifikke kategorien, seier seniorr\u00e5dgjevar K\u00e5re Magnar Hansen.<\/p>\n<p>Kirsten Kolstad Kval\u00f8 er jurist og forskar ved Universitetet i Oslo.<\/p>\n<p><img decoding=\"async\"   src=\"data:image\/gif;base64,R0lGODlhAQABAIAAAAAAAP\/\/\/yH5BAEAAAAALAAAAAABAAEAAAIBRAA7\" loading=\"eager\" alt=\"Kirsten Kolstad Kval\u00f8\" title=\"Foto: Norges institusjon for menneskerettigheter\"\/><\/p>\n<p class=\"\">Jurist Kirsten Kolstad Kval\u00f8 seier det er fleire lover som kan verne born mot eksponering, men at born ogs\u00e5 har avgrensa moglegheiter til \u00e5 ta i bruk rettane sine. <\/p>\n<p>Foto: Norges institusjon for menneskerettigheter<\/p>\n<p>Ho seier at sj\u00f8lv om det er klare avgrensingar p\u00e5 kva foreldre har lov \u00e5 dele p\u00e5 nett, s\u00e5 har born avgrensa moglegheiter til \u00e5 handheve rettane sine.<\/p>\n<p>Barne-, ungdoms- og familiedirektoratet (Bufdir) er urolege over at sensitiv informasjon og bilete av born blir delte p\u00e5 denne m\u00e5ten:<\/p>\n<p>\u2013<strong> Det kan vere sv\u00e6rt skadeleg, seier divisjonsdirekt\u00f8r i Tove Brusgaard.<\/strong><\/p>\n<p>Barnevernsbarn: \u2013 Lova m\u00e5 styrkast<\/p>\n<p>Landsforeningen for barnevernsbarn (LFB) meiner det n\u00e6rast er \u00abfritt fram\u00bb for foreldre \u00e5 dele sensitiv informasjon om borna sine.<\/p>\n<p>\u2013 Dei kan verte kjente att og mobba, samt at historia alltid blir liggande p\u00e5 nett, seier fungerande leiar Nina Sehested.<\/p>\n<p><img decoding=\"async\"   src=\"data:image\/gif;base64,R0lGODlhAQABAIAAAAAAAP\/\/\/yH5BAEAAAAALAAAAAABAAEAAAIBRAA7\" loading=\"eager\" alt=\"dame med headset p\u00e5 hodet og mikrofon framfor seg \" title=\"Foto: Privat \/ Privat\"\/><\/p>\n<p class=\"\">Landsforeningen for barnevernsbarn og fungerande leiar Nina Sehested seier delingar p\u00e5 nett kan f\u00e5 store konsekvensar for borna det gjeld.<\/p>\n<p>Foto: Privat \/ Privat<\/p>\n<p>Som regel kjem berre foreldra sitt syn p\u00e5 saka fram. Borna kan ogs\u00e5 kome i lojalitetskonflikt med foreldra.<\/p>\n<p><strong>Foreininga \u00f8nskjer \u00e5 styrke rettane til desse borna:<\/strong><\/p>\n<p><strong>\u2013 Det ser ikkje ut som at lova er streng nok, seier Sehested.<\/strong><\/p>\n<p>Dette seier andre akt\u00f8rar om problemstillinga:<\/p>\n<p>    \u2190<\/p>\n<ul data-scroll-container=\"\" role=\"list\">\n<li><img alt=\"Mina Gerhardsen foran en gr\u00f8nn vegg, if\u00f8rt en bl\u00e5-gr\u00f8nn dress. Hun har skulderlangt lyst h\u00e5r. \"  width=\"3840\" height=\"2158\" loading=\"lazy\"\/>\n<p>\n        Ole Berg-Rusten \/ NTB\n      <\/p>\n<p>Barneombod Mina Gerhardsen<\/p>\n<p>Gerhardsen reagerer p\u00e5 eksponeringa av born p\u00e5 nett.<\/p>\n<p>\u2013 N\u00e5r det i tillegg blir delt bilete i sv\u00e6rt s\u00e5rbare situasjonar\u00a0 s\u00e5 meiner vi det er eit overtramp mot barnet sitt privatliv. <\/p>\n<p>I den nye barnelova har barns rett til privatliv blitt end\u00e5 tydelegare.<\/p>\n<p>\u2013\u00a0 Bufdir har ogs\u00e5 sl\u00e5tt fast at n\u00e5r born er under barnevernet, er det end\u00e5 st\u00f8rre grunn til vere varsam med deling i sosiale medium<\/p>\n<\/li>\n<li><img alt=\"Kirsten Kolstad Kval\u00f8, seniorr\u00e5dgiver i Norges Institusjon for Menneskerettigheter (NIM).\"  width=\"3840\" height=\"2150\" loading=\"lazy\"\/>\n<p>\n        Charlotte F\u00f8rde Skoms\u00f8y\n      <\/p>\n<p>Kirsten Kolstad Kval\u00f8,  jurist og forskar ved universitetet i Oslo<\/p>\n<p>Strafferetten gir klare avgrensingar p\u00e5 kva foreldre har lov \u00e5 dele p\u00e5 nett.<\/p>\n<p>\u2013 Utanfor strafferetten er det litt uklart kor langt retten vernar barn mot foreldra sin ytringsfridom og rett til respekt for privat- og familieliv. <\/p>\n<p>Personvernregelen seier at ein ikkje kan legge ut bilde og filmar utan samtykke p\u00e5 nett.<\/p>\n<p>Men born har avgrensa moglegheiter til \u00e5 handheve rettane sine. <\/p>\n<\/li>\n<li><img alt=\"Ole Henrik Kr\u00e5kenes. Leiar for profesjonsr\u00e5det for barnevernspedagogar i Fellesorganisasjonen.\"  width=\"3840\" height=\"2156\" loading=\"lazy\"\/>\n<p>\n        Sara Angelica Spilling\n      <\/p>\n<p>Ole Henrik Kr\u00e5kenes, Fellesorganisasjonen (FO)<\/p>\n<p>Fagforeininga kjenner godt til a barnevernstilsette vert hengt ut og hetsa, og at barnevernssaker blir delte p\u00e5 nett.<\/p>\n<p>\u2013 At nokon deler video eller bilde fr\u00e5 det som kanskje er den mest s\u00e5rbare situasjonen ein kan opphalde seg i, er vanskeleg \u00e5 sette seg inn i.\u00a0 Det er ei stor belastning for dei tilsette, men ogs\u00e5 for borna og familiane som er involverte.<\/p>\n<\/li>\n<\/ul>\n<p>\u2192<\/p>\n<p>Kor mange born som blir eksponerte p\u00e5 nett i slike saker, er vanskeleg \u00e5 sl\u00e5 fast.<\/p>\n<p>Men ei unders\u00f8king fr\u00e5<a href=\"https:\/\/www.ogtal.dk\/assets\/files\/Rapport-barnevernsdebattenisosialemedier-komprimert-3.pdf\" title=\"https:\/\/www.ogtal.dk\/assets\/files\/Rapport-barnevernsdebattenisosialemedier-komprimert-3.pdf\" ec-id=\"https:\/\/www.ogtal.dk\/assets\/files\/Rapport-barnevernsdebattenisosialemedier-komprimert-3.pdf\" ec-name=\"Analyse &amp; Tal\" rel=\"nofollow noopener\" target=\"_blank\"> Analyse &amp; Tal<\/a> fr\u00e5 2021 syner at over 1600 profilar deler artiklar og videoar om barnevernet. Ein del av det usensurert informasjon om born. <\/p>\n<p>I den konkrete saka om vestlandsmora som delte video av barnet sitt som blei henta, s\u00e5 skjedde deling p\u00e5 nett via ein administrator. <\/p>\n<p>Vedkommande forsvarar denne delinga og seier det er viktig med eit kritisk blikk p\u00e5 barnevernet. <\/p>\n<p>Administrator om deira syn <\/p>\n<p>NRK bruker ikkje namn p\u00e5 administratoren eller nettforumet av omsyn til dei involverte familiane. <\/p>\n<p>\u00abI saker der identitet er offentleggjort, skjer dette aldri utan klare, informerte og dokumenterte samtykke fr\u00e5 forelder med foreldreansvar. Dersom barnet sj\u00f8lv er gammalt nok til \u00e5 ha ei sj\u00f8lvstendig meining, hentast ogs\u00e5 barnets uttrykkelege \u00f8nske inn\u00bb.<\/p>\n<p>Det skjedde i den aktuelle saka i Vestland, fortel administrator.<\/p>\n<p><strong>Vedkommande legg til at dei p\u00e5 generell basis alltid vurderer anonymisering: <\/strong><br \/>\u00ab Men i enkelte saker \u2013 s\u00e6rleg der barnet sj\u00f8lv fleire gonger har bedt om \u00e5 bli h\u00f8yrt, skrive brev, kontakta media, varsla institusjonar og domstolar \u2013 kan anonymisering bidra til ytterlegare maktubalanse. Det f\u00f8rer til at barnet igjen blir redusert til eit anonymt kasus utan stemme, mens krenkingar fr\u00e5 det offentlege blir halde skjult. I slike tilfelle meiner b\u00e5de familien og vi at openheit er n\u00f8dvendig for \u00e5 sikre reell rettstryggleik\u00bb.<\/p>\n<p><strong>Administrator peiker p\u00e5 desse argumenta for \u00e5 publisere i alvorlege enkeltsaker:<\/strong><br \/>\u2022 Rettstryggleik og offentleg kontroll: Offentlegheit er eit grunnleggjande rettsstatsprinsipp. Barnevernet er eit lukka system, og mange av dei mest alvorlege hendingane skjer utan kritisk innsyn.<br \/>\u2022 Barnets rett til \u00e5 bli h\u00f8yrt: N\u00e5r barnet aktivt ber om \u00e5 verte synleg og har fors\u00f8kt \u00e5 varsle gjennom alle tilgjengelege systemkanalar utan \u00e5 bli h\u00f8yrt, m\u00e5 dette takast p\u00e5 alvor.<br \/>\u2022 Risikoen ved stille: Historisk sett har det vore m\u00f8rket \u2013 ikkje lyset \u2013 som har gjort st\u00f8rst skade. Skjulte systemsvikt og overgrep i offentleg omsorg utgjer ein betydeleg og dokumentert risiko for barn.<br \/>\u2022 Prevensjon: \u00c5 dokumentere alvorlege overtramp kan forhindre at andre barn blir utsett for det same.<\/p>\n<p><strong>N\u00e5r det gjeld risiko over tid, peiker administrator p\u00e5 f\u00f8lgande: <\/strong>\u00abVi forst\u00e5r argumenta knytt til framtidig skade. Det er ein del av vurderinga i kvar enkeltsak. Samtidig m\u00e5 sp\u00f8rsm\u00e5let stillast:<br \/>Kva er mest skadeleg for barnet over tid \u2013 at overgrep fr\u00e5 det offentlege blir verande skjult, eller at barnet blir h\u00f8yrt og trudd?\u00bb.<\/p>\n<p>Administrator seier at alt av innlegg m\u00e5 godkjennast av administrator. \u00abMen kva som blir lagt til i kommentarfeltet i etterkant har vi ikkje styring p\u00e5, men vi ryddar i kommentarar\u00bb.<\/p>\n<p>Politi: \u2013 Noko av det vanskelegaste vi gjer<\/p>\n<p>Politifolk som hjelper til n\u00e5r born blir henta fr\u00e5 heimane sine, blir ogs\u00e5 eksponerte p\u00e5 nett med video, bilete og andre identifiserande opplysningar.<\/p>\n<p>Lars Morten Lothe, leiar for geografisk eining i Vest politidistrikt, seier dette er utfordrande for dei p\u00e5 fleire plan.<\/p>\n<p><img decoding=\"async\"   src=\"data:image\/gif;base64,R0lGODlhAQABAIAAAAAAAP\/\/\/yH5BAEAAAAALAAAAAABAAEAAAIBRAA7\" loading=\"eager\" alt=\"Lars Morten Lothe, leder for Bergen sentrum politistasjon\" title=\"Foto: Mats Arnesen \/ NRK\"\/><\/p>\n<p class=\"\">Politisjef i Vestland, Lars Morten Lothe, trur dei fleste forst\u00e5r korleis det er \u00e5 bli filma n\u00e5r dei skal utf\u00f8re \u00abden vanskelegaste oppg\u00e5va dei kanskje har gjort p\u00e5 lenge\u00bb. F\u00f8r videoen s\u00e5 blir lagt ut p\u00e5 nett.\n<\/p>\n<p>Foto: Mats Arnesen \/ NRK<\/p>\n<p><strong>\u2013 Desse oppdraga er noko av de vanskelegaste politiet gjennomf\u00f8rer, seier Lothe.<\/strong><\/p>\n<p>Barnevernsleiar Hanne Jaerson i Larvik kjenner godt til at foreldre deler utleverande informasjon om borna sine p\u00e5 nett, til d\u00f8mes sensitive dokument fr\u00e5 barnevernssaker.<\/p>\n<p><img decoding=\"async\"   src=\"data:image\/gif;base64,R0lGODlhAQABAIAAAAAAAP\/\/\/yH5BAEAAAAALAAAAAABAAEAAAIBRAA7\" loading=\"eager\" alt=\"En person som sitter i en stol (Bildebeskrivelsen er laget av en KI-tjeneste)\" title=\"Foto: Privat \/ NRK\"\/><\/p>\n<p class=\"\">Barnevernsleiar Hanne Jaerson seier ho har full forst\u00e5ing for at foreldre kan vere sinte og frustrerte, men at det bikkar n\u00e5r dei legg ut truslar og andre sensitive ting p\u00e5 nett om barnevernssaka si.\n<\/p>\n<p>Foto: Privat \/ NRK<\/p>\n<p>\u2013 Det er veldig utleverande og det blir liggande p\u00e5 nett. Desse foreldra tek ei avgjerd p\u00e5 vegner av barnet sitt, og mange av dei har ikkje moglegheit til \u00e5 motsette seg det.<\/p>\n<p>Ogs\u00e5 dei barnevernstilsette blir hengt ut p\u00e5 nett med namn, bilete og video i slike saker.<\/p>\n<p>Sj\u00f8lv fekk ho ein drapstrugsel i sommar. Denne opplevinga blei f\u00f8rst omtalt av <a href=\"https:\/\/www.op.no\/mottok-grove-trusler-jeg-er-han-som-brenner-deg-ned\/s\/5-36-1840493\" ec-id=\"https:\/\/www.op.no\/mottok-grove-trusler-jeg-er-han-som-brenner-deg-ned\/s\/5-36-1840493\" ec-name=\"\u00d8stlands-Posten\" rel=\"nofollow noopener\" target=\"_blank\">\u00d8stlands-Posten<\/a>.<\/p>\n<p><img decoding=\"async\"   src=\"data:image\/gif;base64,R0lGODlhAQABAIAAAAAAAP\/\/\/yH5BAEAAAAALAAAAAABAAEAAAIBRAA7\" loading=\"eager\" alt=\"tekst \" title=\"Foto: Skjermdump\"\/><\/p>\n<p class=\"\">Denne trugselen fekk barnevernsleiaren tilsendt. Saka blei lagt vekk. <\/p>\n<p>Foto: Skjermdump<\/p>\n<p>Saka vart skrinlagd etter bevisets stilling.<\/p>\n<p><strong>Etter at saka om henne vart publisert har det kome nye innlegg i sosiale grupper p\u00e5 nett.<\/strong><\/p>\n<p>Publisert<\/p>\n<p>18.12.2025, kl. 15.54<\/p>\n","protected":false},"excerpt":{"rendered":"Oppsummering av saka Rundt 7000 born er under barnevernets omsorg i Noreg, og mange blir eksponerte med namn&hellip;\n","protected":false},"author":2,"featured_media":116636,"comment_status":"","ping_status":"","sticky":false,"template":"","format":"standard","meta":{"footnotes":""},"categories":[10],"tags":[20,21,24,25,15,22,23,13,30,28,29,14,16,26,27],"class_list":{"0":"post-116634","1":"post","2":"type-post","3":"status-publish","4":"format-standard","5":"has-post-thumbnail","7":"category-norge","8":"tag-breaking-news","9":"tag-breakingnews","10":"tag-featured-news","11":"tag-featurednews","12":"tag-headlines","13":"tag-latest-news","14":"tag-latestnews","15":"tag-news","16":"tag-no","17":"tag-norge","18":"tag-norway","19":"tag-nyheter","20":"tag-overskrifter","21":"tag-top-stories","22":"tag-topstories"},"share_on_mastodon":{"url":"","error":""},"_links":{"self":[{"href":"https:\/\/www.europesays.com\/no\/wp-json\/wp\/v2\/posts\/116634","targetHints":{"allow":["GET"]}}],"collection":[{"href":"https:\/\/www.europesays.com\/no\/wp-json\/wp\/v2\/posts"}],"about":[{"href":"https:\/\/www.europesays.com\/no\/wp-json\/wp\/v2\/types\/post"}],"author":[{"embeddable":true,"href":"https:\/\/www.europesays.com\/no\/wp-json\/wp\/v2\/users\/2"}],"replies":[{"embeddable":true,"href":"https:\/\/www.europesays.com\/no\/wp-json\/wp\/v2\/comments?post=116634"}],"version-history":[{"count":0,"href":"https:\/\/www.europesays.com\/no\/wp-json\/wp\/v2\/posts\/116634\/revisions"}],"wp:featuredmedia":[{"embeddable":true,"href":"https:\/\/www.europesays.com\/no\/wp-json\/wp\/v2\/media\/116636"}],"wp:attachment":[{"href":"https:\/\/www.europesays.com\/no\/wp-json\/wp\/v2\/media?parent=116634"}],"wp:term":[{"taxonomy":"category","embeddable":true,"href":"https:\/\/www.europesays.com\/no\/wp-json\/wp\/v2\/categories?post=116634"},{"taxonomy":"post_tag","embeddable":true,"href":"https:\/\/www.europesays.com\/no\/wp-json\/wp\/v2\/tags?post=116634"}],"curies":[{"name":"wp","href":"https:\/\/api.w.org\/{rel}","templated":true}]}}