{"id":116638,"date":"2025-12-18T15:40:07","date_gmt":"2025-12-18T15:40:07","guid":{"rendered":"https:\/\/www.europesays.com\/no\/116638\/"},"modified":"2025-12-18T15:40:07","modified_gmt":"2025-12-18T15:40:07","slug":"fare-for-jordskred-stenger-e39-ved-algard-nrk-rogaland-lokale-nyheter-tv-og-radio","status":"publish","type":"post","link":"https:\/\/www.europesays.com\/no\/116638\/","title":{"rendered":"Fare for jordskred stenger E39 ved \u00c5lg\u00e5rd \u2013 NRK Rogaland \u2013 Lokale nyheter, TV og radio"},"content":{"rendered":"<p><strong>\u2013 Det er snakk om 40 meter lange sprekker, seier operasjonsleiar Rune Tallaksen i S\u00f8r-Vest politidistrikt.<\/strong><\/p>\n<p>Han seier det er fare for at det spreier ut. Etter f\u00f8re-var prinsipp stengjast derfor E39 p\u00e5 grunn av fare for jordskred. Omveg er no skilta for bilistar.<\/p>\n<p>Sprekkene er p\u00e5 ein veg eit lite stykke over E39 ved Kongeparken p\u00e5 \u00c5lg\u00e5rd.<\/p>\n<p>Redde for jordras<\/p>\n<p>\u2013 Er det fare for at noko kan rase ned?<\/p>\n<p>\u2013 Det er det vi er redde for. For \u00e5 vere p\u00e5 den sikre sidan, tar vi ingen sjansar, seier innsatsleiar Morten Helland i S\u00f8r-Vest politidistrikt til NRK p\u00e5 staden.<\/p>\n<p><img decoding=\"async\"   src=\"data:image\/gif;base64,R0lGODlhAQABAIAAAAAAAP\/\/\/yH5BAEAAAAALAAAAAABAAEAAAIBRAA7\" loading=\"eager\" alt=\"Morten Helland er innsatsleder i politiet. E39 er stengt ved \u00c5lg\u00e5rd, etter at det er funnet sprekker i asfalten i n\u00e6rheten av E39. \" title=\"Foto: \u00d8ystein Ellingsen \/ NRK\"\/><\/p>\n<p class=\"\">Innsatsleiar, Morten Helland p\u00e5 staden ved sprekka.<\/p>\n<p>Foto: \u00d8ystein Ellingsen \/ NRK<\/p>\n<p>Vegvesen og geologar er p\u00e5 veg.<\/p>\n<p><strong>\u2013 Vi veit ikkje kor lenge vegen blir stengt, det m\u00e5 geologane avgjere, seier Helland.<\/strong><\/p>\n<p>Det er ingen bygningar som er skadd. Men Uno X stasjonen rett ved er stengt p\u00e5 grunn av situasjonen.<\/p>\n<p>Politiet har fleire ressursar p\u00e5 staden for \u00e5 hjelpe med trafikkavviklinga. Entrepren\u00f8r er p\u00e5 veg med sperremateriell.<\/p>\n<p><img decoding=\"async\"   src=\"data:image\/gif;base64,R0lGODlhAQABAIAAAAAAAP\/\/\/yH5BAEAAAAALAAAAAABAAEAAAIBRAA7\" loading=\"eager\" alt=\"Sprekk i asfalten, E39 er stengt\" title=\"Foto: Heidi Karin Gilje Skog\"\/><\/p>\n<p class=\"\">Brannvesenet er p\u00e5 staden etter sprekker er funnen.<\/p>\n<p>Foto: Heidi Karin Gilje Skog<\/p>\n<p>Publisert<\/p>\n<p>18.12.2025, kl. 16.00<\/p>\n<p>Oppdatert<\/p>\n<p>18.12.2025, kl. 16.39<\/p>\n","protected":false},"excerpt":{"rendered":"\u2013 Det er snakk om 40 meter lange sprekker, seier operasjonsleiar Rune Tallaksen i S\u00f8r-Vest politidistrikt. Han seier&hellip;\n","protected":false},"author":2,"featured_media":116639,"comment_status":"","ping_status":"","sticky":false,"template":"","format":"standard","meta":{"footnotes":""},"categories":[5],"tags":[20,21,24,25,15,19,22,23,17,18,13,30,28,29,14,16,26,27],"class_list":{"0":"post-116638","1":"post","2":"type-post","3":"status-publish","4":"format-standard","5":"has-post-thumbnail","7":"category-overskrifter","8":"tag-breaking-news","9":"tag-breakingnews","10":"tag-featured-news","11":"tag-featurednews","12":"tag-headlines","13":"tag-hovedoppslag","14":"tag-latest-news","15":"tag-latestnews","16":"tag-main-news","17":"tag-mainnews","18":"tag-news","19":"tag-no","20":"tag-norge","21":"tag-norway","22":"tag-nyheter","23":"tag-overskrifter","24":"tag-top-stories","25":"tag-topstories"},"share_on_mastodon":{"url":"https:\/\/pubeurope.com\/@no\/115741328850233590","error":""},"_links":{"self":[{"href":"https:\/\/www.europesays.com\/no\/wp-json\/wp\/v2\/posts\/116638","targetHints":{"allow":["GET"]}}],"collection":[{"href":"https:\/\/www.europesays.com\/no\/wp-json\/wp\/v2\/posts"}],"about":[{"href":"https:\/\/www.europesays.com\/no\/wp-json\/wp\/v2\/types\/post"}],"author":[{"embeddable":true,"href":"https:\/\/www.europesays.com\/no\/wp-json\/wp\/v2\/users\/2"}],"replies":[{"embeddable":true,"href":"https:\/\/www.europesays.com\/no\/wp-json\/wp\/v2\/comments?post=116638"}],"version-history":[{"count":0,"href":"https:\/\/www.europesays.com\/no\/wp-json\/wp\/v2\/posts\/116638\/revisions"}],"wp:featuredmedia":[{"embeddable":true,"href":"https:\/\/www.europesays.com\/no\/wp-json\/wp\/v2\/media\/116639"}],"wp:attachment":[{"href":"https:\/\/www.europesays.com\/no\/wp-json\/wp\/v2\/media?parent=116638"}],"wp:term":[{"taxonomy":"category","embeddable":true,"href":"https:\/\/www.europesays.com\/no\/wp-json\/wp\/v2\/categories?post=116638"},{"taxonomy":"post_tag","embeddable":true,"href":"https:\/\/www.europesays.com\/no\/wp-json\/wp\/v2\/tags?post=116638"}],"curies":[{"name":"wp","href":"https:\/\/api.w.org\/{rel}","templated":true}]}}