{"id":116640,"date":"2025-12-18T15:48:34","date_gmt":"2025-12-18T15:48:34","guid":{"rendered":"https:\/\/www.europesays.com\/no\/116640\/"},"modified":"2025-12-18T15:48:34","modified_gmt":"2025-12-18T15:48:34","slug":"krim-pilestredet-slagsmal-i-pilestredet-pagrepet-for-trusler-med-kniv","status":"publish","type":"post","link":"https:\/\/www.europesays.com\/no\/116640\/","title":{"rendered":"Krim, Pilestredet | Slagsm\u00e5l i Pilestredet: P\u00e5grepet for trusler med kniv"},"content":{"rendered":"\n<p>Natt til onsdag meldte politiet om flere personer i slagsm\u00e5l ute p\u00e5 gaten.<\/p>\n<p>\u2013 Meldingen inn til oss var et p\u00e5g\u00e5ende knivslagsm\u00e5l p\u00e5 gata, sier operasjonsleder Vidar Pedersen kl. 06.10. <\/p>\n<p>Politiet meldte om hendelsen i Pilestredet kl. 01.35. <\/p>\n<p>\u2013 Naturlig nok etter en s\u00e5pass alvorlig melding setter vi inn flere patruljer, men da vi kom fram viste det seg \u00e5 v\u00e6re snakk om et h\u00e5ndgemeng mellom tre til fire personer, og ingen skadde p\u00e5 stedet. <\/p>\n<p>Like f\u00f8r 05.30 skriver politiet at en person er p\u00e5grepet for trusler med kniv. <\/p>\n<p>\u2013 Mannen kom ut av en leilighet med en kniv i hver h\u00e5nd, sier Pedersen. <\/p>\n<p>Den p\u00e5grepne er i midten av 30-\u00e5rene. Han ble p\u00e5grepet inne i en leilighet, der ble gjort funn av det som trolig er en kj\u00f8kkenkniv.<\/p>\n<p>Mannen sitter n\u00e5 i arresten. Politiet har s\u00e5 langt ikke gjennomf\u00f8rt noen avh\u00f8r.<\/p>\n<p>\u2013 Det var ikke lett f\u00e5 s\u00e5 veldig mye ut av disse partene, men den p\u00e5grepne skal avh\u00f8res i l\u00f8pet av dagen.<\/p>\n<p>De forn\u00e6rmede er i 20- og 30-\u00e5rene.<\/p>\n<p>\u2013 Hva som er \u00e5rsaken er for tidlig \u00e5 si, avslutter Pedersen.<\/p>\n","protected":false},"excerpt":{"rendered":"Natt til onsdag meldte politiet om flere personer i slagsm\u00e5l ute p\u00e5 gaten. \u2013 Meldingen inn til oss&hellip;\n","protected":false},"author":2,"featured_media":116641,"comment_status":"","ping_status":"","sticky":false,"template":"","format":"standard","meta":{"footnotes":""},"categories":[12],"tags":[36,20,21,24,25,15,983,22,23,13,30,28,29,14,16,14058,4234,1510,26,27,42,43,44,45],"class_list":{"0":"post-116640","1":"post","2":"type-post","3":"status-publish","4":"format-standard","5":"has-post-thumbnail","7":"category-verden","8":"tag-art","9":"tag-breaking-news","10":"tag-breakingnews","11":"tag-featured-news","12":"tag-featurednews","13":"tag-headlines","14":"tag-krim","15":"tag-latest-news","16":"tag-latestnews","17":"tag-news","18":"tag-no","19":"tag-norge","20":"tag-norway","21":"tag-nyheter","22":"tag-overskrifter","23":"tag-pilestredet","24":"tag-slagsmal","25":"tag-story","26":"tag-top-stories","27":"tag-topstories","28":"tag-verden","29":"tag-world","30":"tag-world-news","31":"tag-worldnews"},"share_on_mastodon":{"url":"https:\/\/pubeurope.com\/@no\/115741360492583108","error":""},"_links":{"self":[{"href":"https:\/\/www.europesays.com\/no\/wp-json\/wp\/v2\/posts\/116640","targetHints":{"allow":["GET"]}}],"collection":[{"href":"https:\/\/www.europesays.com\/no\/wp-json\/wp\/v2\/posts"}],"about":[{"href":"https:\/\/www.europesays.com\/no\/wp-json\/wp\/v2\/types\/post"}],"author":[{"embeddable":true,"href":"https:\/\/www.europesays.com\/no\/wp-json\/wp\/v2\/users\/2"}],"replies":[{"embeddable":true,"href":"https:\/\/www.europesays.com\/no\/wp-json\/wp\/v2\/comments?post=116640"}],"version-history":[{"count":0,"href":"https:\/\/www.europesays.com\/no\/wp-json\/wp\/v2\/posts\/116640\/revisions"}],"wp:featuredmedia":[{"embeddable":true,"href":"https:\/\/www.europesays.com\/no\/wp-json\/wp\/v2\/media\/116641"}],"wp:attachment":[{"href":"https:\/\/www.europesays.com\/no\/wp-json\/wp\/v2\/media?parent=116640"}],"wp:term":[{"taxonomy":"category","embeddable":true,"href":"https:\/\/www.europesays.com\/no\/wp-json\/wp\/v2\/categories?post=116640"},{"taxonomy":"post_tag","embeddable":true,"href":"https:\/\/www.europesays.com\/no\/wp-json\/wp\/v2\/tags?post=116640"}],"curies":[{"name":"wp","href":"https:\/\/api.w.org\/{rel}","templated":true}]}}