{"id":116650,"date":"2025-12-18T15:56:18","date_gmt":"2025-12-18T15:56:18","guid":{"rendered":"https:\/\/www.europesays.com\/no\/116650\/"},"modified":"2025-12-18T15:56:18","modified_gmt":"2025-12-18T15:56:18","slug":"post-pakker-aldri-opplevd-storre-pagang-av-pakker-ma-brette-opp-ermene-og-sta-pa","status":"publish","type":"post","link":"https:\/\/www.europesays.com\/no\/116650\/","title":{"rendered":"Post, Pakker | Aldri opplevd st\u00f8rre p\u00e5gang av pakker: \u2013 M\u00e5 brette opp ermene og st\u00e5 p\u00e5"},"content":{"rendered":"\n<p>(<a href=\"https:\/\/www.oblad.no\/aldri-opplevd-storre-pagang-ma-brette-opp-ermene-og-sta-pa\/s\/5-68-1758685\" rel=\"Follow nofollow noopener\" target=\"_blank\">\u00d8stlandets Blad<\/a>\/Nettavisen): \u2013 Vi har aldri hatt en s\u00e5 mange pakker gjennom et sorteringsanlegg noen gang, forteller pressesjef hos PostNord, Haakon Nikolai Olsen, til \u00d8B.<\/p>\n<p>Med \u00e5rets st\u00f8rste tilbudsuke, Black week, ferskt i minnet og en julehandel som g\u00e5r i et voldsomt tempo, legger han ikke skjul p\u00e5 at det er travle dager p\u00e5 PostNord sitt anlegg p\u00e5 Langhus.<\/p>\n<p>S\u00e5 godt som alt som bestilles i Norge, m\u00e5 jo tross alt innom Langhus f\u00f8r det sendes videre.<\/p>\n<p>Men i \u00e5r har det v\u00e6rt spesielt mye, forteller Olsen.<\/p>\n<p>\u2013 N\u00e5 er vi i den perioden hvor det er absolutt mest trykk, sier han og legger til at dem p\u00e5 Langhus har sett en 25 prosent \u00f8kning i kolli i \u00e5r i forhold til fjor\u00e5ret.<\/p>\n<p>Det er mer enn de hadde forventet.<\/p>\n<p>\u2013 Prognosene v\u00e5re har ikke sagt at \u00f8kningen ville v\u00e6re fullt s\u00e5 h\u00f8y, men vi har truffet ganske godt. Men vi har \u00f8kt kapasiteten ganske mye for \u00e5 klare \u00e5 h\u00e5ndtere volumet, forteller Olsen.<\/p>\n<p><b>P\u00e5 Postens egen hjemmeside st\u00e5r det f\u00f8lgende om frist for \u00e5 sende pakker i julen:<\/b><\/p>\n<p>            Sendefrister for julepost 2025<br \/>\n            Brev og sm\u00e5 pakker<\/p>\n<ul>\n<li>Norge:\n<ul>\n<li>Frister som normalt for brev, men p\u00e5 grunn av ekstra mange julehilsener b\u00f8r du beregne noen dager f\u00f8r<\/li>\n<li>Norgespakke liten: 18. desember innen S\u00f8r- eller Nord-Norge, 16. desember fra S\u00f8r- til Nord-Norge og fra Nord- til S\u00f8r-Norge<\/li>\n<li>Norgespakke liten til Svalbard: 9. desember<\/li>\n<\/ul>\n<\/li>\n<li>Sverige og Danmark: 15. desember<\/li>\n<li>Resten av Norden: 12. desember<\/li>\n<li>Tyskland: 12. desember<\/li>\n<li>Ukraina: 5. desember<\/li>\n<li>Resten av Europa: 10. desember<\/li>\n<li>USA og Canada: 8. desember<\/li>\n<li>Resten av verden: 5. desember<\/li>\n<\/ul>\n<p>Pakker<\/p>\n<ul>\n<li>Norge:\n<ul>\n<li>Norgespakke stor: 16. desember<\/li>\n<li>Norgespakke stor til Svalbard: 4. desember<\/li>\n<li>Norgespakke ekspress: 22. desember<\/li>\n<\/ul>\n<\/li>\n<li>Danmark: 12. desember<\/li>\n<li>Finland: 12. desember<\/li>\n<li>Island: 12. desember<\/li>\n<li>Sverige: 12. desember<\/li>\n<\/ul>\n<p>Kilde: Posten<\/p>\n<p><b>Les ogs\u00e5: <a href=\"https:\/\/www.nettavisen.no\/nyheter\/pakke-advarsel-det-var-jeg-ikke-klar-over\/s\/5-95-2775059\" rel=\"Follow nofollow noopener\" target=\"_blank\">Pakke-advarsel: \u2013 Det var jeg ikke klar over<\/a><\/b><\/p>\n<p>Bedre privat\u00f8konomi<\/p>\n<p>Hva som skyldes denne store \u00f8kningen, har ikke pressesjefen noe eksakt svar p\u00e5, men han tror det handler om en romsligere privat\u00f8konomi hos mange.<\/p>\n<p>\u2013 Det er nok flere faktorer, men jeg tenker jo at vi nordmenn har blitt veldig gode til \u00e5 handle p\u00e5 nett. Ogs\u00e5 er vi jo veldig mange glad i gode tilbud, s\u00e5 vi er kanskje mer obs p\u00e5 \u00e5 utsette kj\u00f8p i p\u00e5vente av et tilbud, sier Olsen.<\/p>\n<p>Pressesjefen peker p\u00e5 at pandemien gjorde at enda flere enn f\u00f8r kastet seg p\u00e5 netthandel-kj\u00f8ret.<\/p>\n<p>Men f\u00f8rst og fremst tror han ogs\u00e5 at mange opplever \u00e5 ha bedre privat\u00f8konomi i \u00e5r, sammenlignet med de foreg\u00e5ende \u00e5rene. Blant annet grunnet rentenedgang.<\/p>\n<p>\u2013 Det gir oss mye \u00e5 gj\u00f8re, men s\u00e5 synes vi det bare er g\u00f8y. Det er noen hektiske uker hvor man m\u00e5 brette opp ermene og st\u00e5 p\u00e5, forteller Olsen.<\/p>\n<p>   <img decoding=\"async\" width=\"1487\" height=\"992\" fetchpriority=\"low\"  loading=\"lazy\"  src=\"https:\/\/www.europesays.com\/no\/wp-content\/uploads\/2025\/12\/Haakon+N.+Olsen.jpg\" alt=\"\" class=\"brick-c-cFOWSL\" style=\"--brick-image-ratio: 1487 \/ 992;\"\/><\/p>\n<p>      If\u00f8lge pressesjef hos Postnord, Haakon Nikolai Olsen, har det aldri f\u00f8r blitt sendt like mange pakker f\u00f8r jul.<\/p>\n<p><b>Les ogs\u00e5: <a href=\"https:\/\/www.nettavisen.no\/nyheter\/drukner-i-pakker-hent-sa-fort-som-mulig\/s\/5-95-2767929\" rel=\"Follow nofollow noopener\" target=\"_blank\">Drukner i pakker: \u2013 Hent s\u00e5 fort som mulig<\/a><\/b><\/p>\n<p>Flere folk p\u00e5 jobb<\/p>\n<p>For \u00e5 h\u00e5ndtere all juleposten har Postnord satt inn i underkant av 70 ansatte ekstra, i forhold til vanlige perioder.<\/p>\n<p>Det er dem helt avhengige av for \u00e5 sikre at folk f\u00e5r pakkene sine f\u00f8r den store dagen.<\/p>\n<p>\u2013 Det er flere folk p\u00e5 jobb, og vi er godt forberedt. Det er helt klart n\u00f8kkelen her, sier Olsen.<\/p>\n<p>Og enn s\u00e5 lenge ser det ut til at alle pakker rekker frem, s\u00e5 lenge alt g\u00e5r som planlagt.<\/p>\n<p>\u2013 Vi er i rute, s\u00e5 jobber vi p\u00e5 hver dag s\u00e5nn at folk f\u00e5r julegavene sine til rett sted og rett tid f\u00f8r jul.. Men vi vet ikke hvor vi er om en uke eller to, s\u00e5 man gj\u00f8r hele tiden l\u00f8pende justeringer i forhold til hvor mye som m\u00e5 gj\u00f8res hvor. Vi er helt avhengig av en viss fleksibilitet, forteller pressesjefen.<\/p>\n<p><b>\u2013 Opplever dere at flere pakker blir borte eller ikke kommer frem til rett tid, n\u00e5r p\u00e5gangen er s\u00e5 stor som n\u00e5?<\/b><\/p>\n<p>\u2013 Nei, det opplever vi ikke. Vi holder god kvalitet og leverer der vi skal til rett tid. Men selvf\u00f8lgelig kan det alltid forekomme en glipp som f\u00f8rer til forsinkelser. S\u00e5 lenge det er mennesker involvert vil vi aldri kunne gardere oss helt mot s\u00e5nne feil.<\/p>\n<p>   <img decoding=\"async\" width=\"6309\" height=\"4206\" fetchpriority=\"low\"  loading=\"lazy\"  src=\"https:\/\/www.europesays.com\/no\/wp-content\/uploads\/2025\/12\/5_68_1457039_PostNord_17.jpg\" alt=\"Dette skjer med det du bestiller p\u00e5 nettet f\u00f8r du kan hente det i butikken der du bor  \" class=\"brick-c-cFOWSL\" style=\"--brick-image-ratio: 6309 \/ 4206;\"\/><\/p>\n<p>      P\u00e5 tross av store mengder pakker, har Postnord tro p\u00e5 at dem kommer i m\u00e5l f\u00f8r den store dagen.<br \/>\n      Foto: Oblad\n    <\/p>\n<p><b>Les ogs\u00e5: <a href=\"https:\/\/www.nettavisen.no\/nyheter\/posten-ruster-opp-massivt-for-jul-setter-inn-700-personer\/s\/5-95-2768017\" rel=\"Follow nofollow noopener\" target=\"_blank\">Posten ruster opp massivt f\u00f8r jul: Setter inn 700 personer<\/a><\/b><\/p>\n<p>Siste frist<\/p>\n<p>Olsen sier at deres siste frist for \u00e5 f\u00e5 julegavene til rett tid var 17. desember.<\/p>\n<p>\u2013 Det betyr at vi m\u00e5 ha mottatt pakken innen den datoen, for at vi kan gi en garanti for at det kommer frem f\u00f8r julaften, opplyser Olsen.<\/p>\n<p>Men det er Postnord sine frister. Olsen er tydelig p\u00e5 at nettbutikkene ofte har satt egne datoer.<\/p>\n<p>\u2013 S\u00e5 det \u00e5 gj\u00f8re seg kjent med stedene man bestiller fra er et lite tips. Vi ser folk fort glemmer det, sier Olsen.<\/p>\n<p>Men om pakken ender opp med \u00e5 bli forsinket, er ikke alt h\u00e5p ute, understreker Olsen.<\/p>\n<p>\u2013 V\u00e5r regel er at vi m\u00e5 ha mottatt pakken f\u00f8r 17. Men det er ikke s\u00e5nn at alle pakker bestilt etter denne datoen ikke kommer frem til jul. G\u00e5r ting s\u00f8ml\u00f8st og fort er det fullt mulig \u00e5 f\u00e5 det til riktig tid, men det er ikke en oppfordring, avslutter han.<\/p>\n","protected":false},"excerpt":{"rendered":"(\u00d8stlandets Blad\/Nettavisen): \u2013 Vi har aldri hatt en s\u00e5 mange pakker gjennom et sorteringsanlegg noen gang, forteller pressesjef&hellip;\n","protected":false},"author":2,"featured_media":116651,"comment_status":"","ping_status":"","sticky":false,"template":"","format":"standard","meta":{"footnotes":""},"categories":[10],"tags":[20,21,24,25,15,22,23,13,30,28,29,14,16,26,27],"class_list":{"0":"post-116650","1":"post","2":"type-post","3":"status-publish","4":"format-standard","5":"has-post-thumbnail","7":"category-norge","8":"tag-breaking-news","9":"tag-breakingnews","10":"tag-featured-news","11":"tag-featurednews","12":"tag-headlines","13":"tag-latest-news","14":"tag-latestnews","15":"tag-news","16":"tag-no","17":"tag-norge","18":"tag-norway","19":"tag-nyheter","20":"tag-overskrifter","21":"tag-top-stories","22":"tag-topstories"},"share_on_mastodon":{"url":"https:\/\/pubeurope.com\/@no\/115741392031481482","error":""},"_links":{"self":[{"href":"https:\/\/www.europesays.com\/no\/wp-json\/wp\/v2\/posts\/116650","targetHints":{"allow":["GET"]}}],"collection":[{"href":"https:\/\/www.europesays.com\/no\/wp-json\/wp\/v2\/posts"}],"about":[{"href":"https:\/\/www.europesays.com\/no\/wp-json\/wp\/v2\/types\/post"}],"author":[{"embeddable":true,"href":"https:\/\/www.europesays.com\/no\/wp-json\/wp\/v2\/users\/2"}],"replies":[{"embeddable":true,"href":"https:\/\/www.europesays.com\/no\/wp-json\/wp\/v2\/comments?post=116650"}],"version-history":[{"count":0,"href":"https:\/\/www.europesays.com\/no\/wp-json\/wp\/v2\/posts\/116650\/revisions"}],"wp:featuredmedia":[{"embeddable":true,"href":"https:\/\/www.europesays.com\/no\/wp-json\/wp\/v2\/media\/116651"}],"wp:attachment":[{"href":"https:\/\/www.europesays.com\/no\/wp-json\/wp\/v2\/media?parent=116650"}],"wp:term":[{"taxonomy":"category","embeddable":true,"href":"https:\/\/www.europesays.com\/no\/wp-json\/wp\/v2\/categories?post=116650"},{"taxonomy":"post_tag","embeddable":true,"href":"https:\/\/www.europesays.com\/no\/wp-json\/wp\/v2\/tags?post=116650"}],"curies":[{"name":"wp","href":"https:\/\/api.w.org\/{rel}","templated":true}]}}