{"id":116652,"date":"2025-12-18T15:57:10","date_gmt":"2025-12-18T15:57:10","guid":{"rendered":"https:\/\/www.europesays.com\/no\/116652\/"},"modified":"2025-12-18T15:57:10","modified_gmt":"2025-12-18T15:57:10","slug":"har-funnet-gravpynt-etter-haerverket-pa-notteroy-kirkegard-vi-kan-montere-de-pa-nytt-tonsbergs-blad","status":"publish","type":"post","link":"https:\/\/www.europesays.com\/no\/116652\/","title":{"rendered":"Har funnet gravpynt etter h\u00e6rverket p\u00e5 N\u00f8tter\u00f8y kirkeg\u00e5rd: \u2013 Vi kan montere de p\u00e5 nytt &#8211; T\u00f8nsbergs Blad"},"content":{"rendered":"<ol>\n<li><a href=\"https:\/\/news.google.com\/rss\/articles\/CBMitwFBVV95cUxNbkwzaEZXSUwtVXRPWVJZcDhJaHFZNkczUjd4LU51alZXR3VaMFhoZGdXSEJMRll3eVF2MDgwbUpETVlMSmhPb3dKWTRSeGRDQzVqaDNHNURidXUyUGdxWElpeDRNVF91a2J3elhWdEFJMkdnSUNoemEwSWtTUjR5YmRvUGN0YXFyS2VkWGZNRWJUeW9xOHAxUXQ2NGRVLUhSeE14VXl1M2NBTjJ5NnpQQk9QQlJvQUU?oc=5\" target=\"_blank\" rel=\"nofollow noopener\">Har funnet gravpynt etter h\u00e6rverket p\u00e5 N\u00f8tter\u00f8y kirkeg\u00e5rd: \u2013 Vi kan montere de p\u00e5 nytt<\/a>&nbsp;&nbsp;T\u00f8nsbergs Blad<\/li>\n<li><a href=\"https:\/\/news.google.com\/rss\/articles\/CBMiqAFBVV95cUxNaXloS3h4MkRINXp3cEtXOHlKeV9nTTRmc0ctU0tkNjVsRnAyS1g1dWxsQXJSejBvTUU0M0tOcUtQSEt5X0JRZVRCUGtGQjRvTkY0QUNvN1A5SnA5cm85OGdWN1ZSZEQ3TnVBdDNSQVMxUVZlTm9vaFVpckhHbEtQTVdHVGVvTmc3M0ROZlhhcU9EWFc4MVRGSlozTkZ5dkJUUXhWWXdxM0I?oc=5\" target=\"_blank\" rel=\"nofollow noopener\">Gravmysteriet i T\u00f8nsberg: \u2013 T\u00f8r ikke g\u00e5 alene her lenger<\/a>&nbsp;&nbsp;NRK<\/li>\n<li><a href=\"https:\/\/news.google.com\/rss\/articles\/CBMid0FVX3lxTE5MOWV5TUNfM2VSOC0xVmxYOVljbmJMeEozSkZQRWVCUF9OVVg4SlF3ODd6c3dWM0h4WTBLLWZVb1JtS0lVUDlIa2lpX3kxVzg5QmZMTDJTRUVnU2ItLVdveXJidnotTm5BZlJiaVFkVTk1eDU0V1Ew?oc=5\" target=\"_blank\" rel=\"nofollow noopener\">T\u00f8nsberg gamle kirkeg\u00e5rd er en skam!<\/a>&nbsp;&nbsp;T\u00f8nsbergs Blad<\/li>\n<li><a href=\"https:\/\/news.google.com\/rss\/articles\/CBMioAFBVV95cUxNWEt1VzlhLXhTaTNzUndvWDUzN2RwSmdheHJHWHpKbUQ3RmlVNkFtckFmblN6ZE1TQWxpOXBtZnpwSC1rbmhhMThKUHFrUmNnTVgwN3lENUlMVVE1c3lOeVU3aVMzek5kSTF4VEtjUTJPV0FqcEdmZ2p6eWlWWWc5dkpaT0VwTFQxMm96NFlHOTdKcV96WmlBTldqS0gxTmx0?oc=5\" target=\"_blank\" rel=\"nofollow noopener\">Kirkeg\u00e5rd, H\u00e6rverk | Eva og Tor fortviler og politiet henlegger sakene: \u2013 Helt forferdelig<\/a>&nbsp;&nbsp;T\u00f8nsbergs Blad<\/li>\n<li><a href=\"https:\/\/news.google.com\/rss\/articles\/CBMidEFVX3lxTE92R2pWc3gwMWFNOTBLYVpYYVRDTFV6M1BoellkczFHa2hiTzd3bE9MejdsdEhmbW1rM0ZzblpEUTVlYWlYN0llbkRFYmU0UEo0RU1wUHZrWmJuSXVSLWEyajJ0Vnl5SHU0Q0ZkZnNmWDh6bkpW?oc=5\" target=\"_blank\" rel=\"nofollow noopener\">En rekke graver rammet av h\u00e6rverk: \u2013 En fortvilende situasjon<\/a>&nbsp;&nbsp;T\u00f8nsbergs Blad<\/li>\n<\/ol>\n","protected":false},"excerpt":{"rendered":"Har funnet gravpynt etter h\u00e6rverket p\u00e5 N\u00f8tter\u00f8y kirkeg\u00e5rd: \u2013 Vi kan montere de p\u00e5 nytt&nbsp;&nbsp;T\u00f8nsbergs Blad Gravmysteriet i&hellip;\n","protected":false},"author":2,"featured_media":116653,"comment_status":"","ping_status":"","sticky":false,"template":"","format":"standard","meta":{"footnotes":""},"categories":[5],"tags":[20,21,24,25,15,19,22,23,17,18,13,30,28,29,14,16,26,27],"class_list":{"0":"post-116652","1":"post","2":"type-post","3":"status-publish","4":"format-standard","5":"has-post-thumbnail","7":"category-overskrifter","8":"tag-breaking-news","9":"tag-breakingnews","10":"tag-featured-news","11":"tag-featurednews","12":"tag-headlines","13":"tag-hovedoppslag","14":"tag-latest-news","15":"tag-latestnews","16":"tag-main-news","17":"tag-mainnews","18":"tag-news","19":"tag-no","20":"tag-norge","21":"tag-norway","22":"tag-nyheter","23":"tag-overskrifter","24":"tag-top-stories","25":"tag-topstories"},"share_on_mastodon":{"url":"https:\/\/pubeurope.com\/@no\/115741395814172769","error":""},"_links":{"self":[{"href":"https:\/\/www.europesays.com\/no\/wp-json\/wp\/v2\/posts\/116652","targetHints":{"allow":["GET"]}}],"collection":[{"href":"https:\/\/www.europesays.com\/no\/wp-json\/wp\/v2\/posts"}],"about":[{"href":"https:\/\/www.europesays.com\/no\/wp-json\/wp\/v2\/types\/post"}],"author":[{"embeddable":true,"href":"https:\/\/www.europesays.com\/no\/wp-json\/wp\/v2\/users\/2"}],"replies":[{"embeddable":true,"href":"https:\/\/www.europesays.com\/no\/wp-json\/wp\/v2\/comments?post=116652"}],"version-history":[{"count":0,"href":"https:\/\/www.europesays.com\/no\/wp-json\/wp\/v2\/posts\/116652\/revisions"}],"wp:featuredmedia":[{"embeddable":true,"href":"https:\/\/www.europesays.com\/no\/wp-json\/wp\/v2\/media\/116653"}],"wp:attachment":[{"href":"https:\/\/www.europesays.com\/no\/wp-json\/wp\/v2\/media?parent=116652"}],"wp:term":[{"taxonomy":"category","embeddable":true,"href":"https:\/\/www.europesays.com\/no\/wp-json\/wp\/v2\/categories?post=116652"},{"taxonomy":"post_tag","embeddable":true,"href":"https:\/\/www.europesays.com\/no\/wp-json\/wp\/v2\/tags?post=116652"}],"curies":[{"name":"wp","href":"https:\/\/api.w.org\/{rel}","templated":true}]}}