{"id":116658,"date":"2025-12-18T16:05:23","date_gmt":"2025-12-18T16:05:23","guid":{"rendered":"https:\/\/www.europesays.com\/no\/116658\/"},"modified":"2025-12-18T16:05:23","modified_gmt":"2025-12-18T16:05:23","slug":"e39-ved-kongeparken-i-rogaland-stengt-grunnet-fare-for-jordras","status":"publish","type":"post","link":"https:\/\/www.europesays.com\/no\/116658\/","title":{"rendered":"E39 ved Kongeparken i Rogaland stengt grunnet fare for jordras"},"content":{"rendered":"\n<p class=\"_lead_o9xde_2 _lead_xtcu6_50 layout-component text-serif-m layout-normal text-serif-l layout-component layout-wide layout-padded _wide_17hqh_1 layout-padded\">E39 er stengt p\u00e5 grunn sprekker i asfalten.<\/p>\n<ul aria-hidden=\"true\" class=\"_images_ntbth_112\">\n<li><a class=\"_link_ntbth_117\" href=\"https:\/\/www.vg.no\/forfatter\/elise-kvien\" style=\"z-index:2\" title=\"Elise Kvien\" rel=\"nofollow noopener\" target=\"_blank\"><img alt=\"Bilde av Elise Kvien\" class=\"_image_ntbth_93\" fetchpriority=\"low\" loading=\"lazy\" decoding=\"async\" itemprop=\"image\"  src=\"https:\/\/www.europesays.com\/no\/wp-content\/uploads\/2025\/12\/1766073918_169_e9d71b6f-2a15-4dd1-85be-ea8fb873046c\"  width=\"480\"\/><\/a><\/li>\n<li><a class=\"_link_ntbth_117\" href=\"https:\/\/www.vg.no\/forfatter\/ntb\" style=\"z-index:1\" title=\"NTB\" rel=\"nofollow noopener\" target=\"_blank\"><img alt=\"Bilde av NTB\" class=\"_image_ntbth_93\" fetchpriority=\"low\" loading=\"lazy\" decoding=\"async\" itemprop=\"image\"  src=\"https:\/\/www.europesays.com\/no\/wp-content\/uploads\/2025\/12\/1766073923_589_c33980b0-5d07-4027-84a1-813f90a7c8d6\"  width=\"480\"\/><\/a><\/li>\n<\/ul>\n<p> Oppdatert torsdag 18. desember kl. 15:44     <\/p>\n<p class=\"_paragraph_o9xde_4 _paragraph_xtcu6_10 layout-component text-serif-m layout-normal text-serif-m layout-padded\">Politiet opplyste f\u00f8rst om saken i\u00a0<a href=\"https:\/\/www.politiet.no\/politiloggen\/hendelse\/250w8p\/sor-vest-politidistrikt-var-gjesdal-kongsgata\" class=\"_link_o9xde_39\" rel=\"nofollow noopener\" target=\"_blank\">politiloggen<\/a>\u00a0klokken 15.20 torsdag ettermiddag.<\/p>\n<p class=\"_paragraph_o9xde_4 _paragraph_xtcu6_10 layout-component text-serif-m layout-normal text-serif-m layout-padded\">\u2013 Brannvesenet har oppdaget sprekker i asfalten i n\u00e6rheten av brannstasjonen p\u00e5 \u00c5lg\u00e5rd. Politiet er p\u00e5 stedet. Veivesen og geolog er varslet, skriver politiet.<\/p>\n<p class=\"_paragraph_o9xde_4 _paragraph_xtcu6_10 layout-component text-serif-m layout-normal text-serif-m layout-padded\"><a href=\"https:\/\/www.vg.no\/tag\/e39?utm_source=vg-article&amp;utm_medium=auto-tagger&amp;utm_campaign=QJlpAW\" class=\"_link_o9xde_39\" rel=\"nofollow noopener\" target=\"_blank\">E39<\/a> er stengt med omkj\u00f8ring via Figgenveien og Opstadveien.<\/p>\n<p class=\"_paragraph_o9xde_4 _paragraph_xtcu6_10 layout-component text-serif-m layout-normal text-serif-m layout-padded\">Ingen bebyggelse m\u00e5 evakueres. <\/p>\n","protected":false},"excerpt":{"rendered":"E39 er stengt p\u00e5 grunn sprekker i asfalten. Oppdatert torsdag 18. desember kl. 15:44 Politiet opplyste f\u00f8rst om&hellip;\n","protected":false},"author":2,"featured_media":116659,"comment_status":"","ping_status":"","sticky":false,"template":"","format":"standard","meta":{"footnotes":""},"categories":[10],"tags":[20,21,2298,24,25,15,14059,22,23,13,30,28,29,14,16,536,26,27],"class_list":{"0":"post-116658","1":"post","2":"type-post","3":"status-publish","4":"format-standard","5":"has-post-thumbnail","7":"category-norge","8":"tag-breaking-news","9":"tag-breakingnews","10":"tag-e39","11":"tag-featured-news","12":"tag-featurednews","13":"tag-headlines","14":"tag-kongeparken","15":"tag-latest-news","16":"tag-latestnews","17":"tag-news","18":"tag-no","19":"tag-norge","20":"tag-norway","21":"tag-nyheter","22":"tag-overskrifter","23":"tag-rogaland","24":"tag-top-stories","25":"tag-topstories"},"share_on_mastodon":{"url":"https:\/\/pubeurope.com\/@no\/115741427862309669","error":""},"_links":{"self":[{"href":"https:\/\/www.europesays.com\/no\/wp-json\/wp\/v2\/posts\/116658","targetHints":{"allow":["GET"]}}],"collection":[{"href":"https:\/\/www.europesays.com\/no\/wp-json\/wp\/v2\/posts"}],"about":[{"href":"https:\/\/www.europesays.com\/no\/wp-json\/wp\/v2\/types\/post"}],"author":[{"embeddable":true,"href":"https:\/\/www.europesays.com\/no\/wp-json\/wp\/v2\/users\/2"}],"replies":[{"embeddable":true,"href":"https:\/\/www.europesays.com\/no\/wp-json\/wp\/v2\/comments?post=116658"}],"version-history":[{"count":0,"href":"https:\/\/www.europesays.com\/no\/wp-json\/wp\/v2\/posts\/116658\/revisions"}],"wp:featuredmedia":[{"embeddable":true,"href":"https:\/\/www.europesays.com\/no\/wp-json\/wp\/v2\/media\/116659"}],"wp:attachment":[{"href":"https:\/\/www.europesays.com\/no\/wp-json\/wp\/v2\/media?parent=116658"}],"wp:term":[{"taxonomy":"category","embeddable":true,"href":"https:\/\/www.europesays.com\/no\/wp-json\/wp\/v2\/categories?post=116658"},{"taxonomy":"post_tag","embeddable":true,"href":"https:\/\/www.europesays.com\/no\/wp-json\/wp\/v2\/tags?post=116658"}],"curies":[{"name":"wp","href":"https:\/\/api.w.org\/{rel}","templated":true}]}}